{"id":65805,"date":"2026-04-08T10:36:36","date_gmt":"2026-04-08T13:36:36","guid":{"rendered":"https:\/\/radiorevelacionfm.cl\/?p=65805"},"modified":"2026-04-08T10:36:36","modified_gmt":"2026-04-08T13:36:36","slug":"senadora-ordenes-mostro-preocupacion-por-ratificacion-de-may-chomali-de-someterse-al-recorte-del-3-al-presupuesto-del-ministerio-de-salud","status":"publish","type":"post","link":"https:\/\/radiorevelacionfm.cl\/?p=65805","title":{"rendered":"Senadora \u00d3rdenes mostr\u00f3 preocupaci\u00f3n por ratificaci\u00f3n de May Chomal\u00ed de someterse al recorte del 3% al presupuesto del Ministerio de Salud"},"content":{"rendered":"<div class=\"flex_column av_one_full  flex_column_div av-zero-column-padding first  avia-builder-el-0  el_before_av_one_full  avia-builder-el-first  \" style='border-radius:0px; '><div  class='avia-image-container  av-styling-    avia-builder-el-1  avia-builder-el-no-sibling  avia-align-center '  itemprop=\"image\" itemscope=\"itemscope\" itemtype=\"https:\/\/schema.org\/ImageObject\"  ><div class='avia-image-container-inner'><div class='avia-image-overlay-wrap'><img decoding=\"async\" class='wp-image-65806 avia-img-lazy-loading-not-65806 avia_image' src=\"https:\/\/radiorevelacionfm.cl\/wp-content\/uploads\/2026\/04\/SENADORA-FOTO-29-1.jpeg\" alt='' title='SENADORA FOTO (29) (1)' height=\"765\" width=\"801\"  itemprop=\"thumbnailUrl\" srcset=\"https:\/\/radiorevelacionfm.cl\/wp-content\/uploads\/2026\/04\/SENADORA-FOTO-29-1.jpeg 801w, https:\/\/radiorevelacionfm.cl\/wp-content\/uploads\/2026\/04\/SENADORA-FOTO-29-1-300x287.jpeg 300w, https:\/\/radiorevelacionfm.cl\/wp-content\/uploads\/2026\/04\/SENADORA-FOTO-29-1-768x733.jpeg 768w, https:\/\/radiorevelacionfm.cl\/wp-content\/uploads\/2026\/04\/SENADORA-FOTO-29-1-705x673.jpeg 705w, https:\/\/radiorevelacionfm.cl\/wp-content\/uploads\/2026\/04\/SENADORA-FOTO-29-1-450x430.jpeg 450w, https:\/\/radiorevelacionfm.cl\/wp-content\/uploads\/2026\/04\/SENADORA-FOTO-29-1-600x573.jpeg 600w\" sizes=\"(max-width: 801px) 100vw, 801px\" \/><\/div><\/div><\/div><\/div><div class=\"flex_column av_one_full  flex_column_div av-zero-column-padding first  avia-builder-el-2  el_after_av_one_full  el_before_av_one_full  column-top-margin\" style='border-radius:0px; '><section class=\"av_textblock_section \"  itemscope=\"itemscope\" itemtype=\"https:\/\/schema.org\/BlogPosting\" itemprop=\"blogPost\" ><div class='avia_textblock  '   itemprop=\"text\" ><p style=\"text-align: center;\"><strong><span style=\"font-size: 18pt;\">Senadora \u00d3rdenes mostr\u00f3 preocupaci\u00f3n por ratificaci\u00f3n de May Chomal\u00ed de someterse al recorte del 3% al presupuesto del Ministerio de Salud<\/span><\/strong><\/p>\n<div id=\"gtx-trans\" style=\"position: absolute; left: -50px; top: 4.31534px;\">\n<div class=\"gtx-trans-icon\"><\/div>\n<\/div>\n<\/div><\/section><\/div><div class=\"flex_column av_one_full  flex_column_div av-zero-column-padding first  avia-builder-el-4  el_after_av_one_full  el_before_av_hr  column-top-margin\" style='border-radius:0px; '><section class=\"av_textblock_section \"  itemscope=\"itemscope\" itemtype=\"https:\/\/schema.org\/BlogPosting\" itemprop=\"blogPost\" ><div class='avia_textblock  '   itemprop=\"text\" ><p style=\"text-align: justify;\"><em>La senadora por la regi\u00f3n de Ays\u00e9n, Ximena \u00d3rdenes Neira, fue enf\u00e1tica para rechazar el recorte del 3% a la cartera de Salud. Adem\u00e1s, durante su intervenci\u00f3n en la Comisi\u00f3n, donde la actual titular, <strong>May Chomal\u00ed,<\/strong> inform\u00f3 sobre las pol\u00edticas y lineamientos con los que avanzar\u00e1 el ministerio, la representante aysenina, si bien valor\u00f3 el \u00e9nfasis en las listas de espera oncol\u00f3gicas -tema que ha levantado como una bandera a nivel pa\u00eds y en la regi\u00f3n-, mostr\u00f3 preocupaci\u00f3n por la hoja de ruta, que no parece contemplar la realidad de regiones aisladas.<\/em><\/p>\n<p style=\"text-align: justify;\">\u00d3rdenes inst\u00f3, respecto del financiamiento del sector, a que como pa\u00eds <strong>\u201ctenemos que hacer m\u00e1s de un doble clic\u201d, <\/strong>recordando que<strong> \u201ccon la ley de grandes emisores e incluso sin esta, simplemente con una gesti\u00f3n, se recuperaron m\u00e1s de 100 millones de pesos. Podemos hacer eso\u201d, <\/strong>sin embargo, se manifest\u00f3 en contra del recorte al 3%, mostrando preocupaci\u00f3n.<\/p>\n<p style=\"text-align: justify;\"><strong>\u201cYo no estoy de acuerdo con un recorte en salud. Primero, porque es prioridad nacional y lo que ocurre en septiembre lo hemos escuchado en distintas exposiciones anteriores. Eso no es nuevo. En septiembre tenemos a distintos directores de hospitales pidiendo audiencia en la Comisi\u00f3n de Salud del Senado porque ya est\u00e1n generando deuda y no est\u00e1n pudiendo cumplir con sus obligaciones\u201d<\/strong>, adelant\u00f3 la legisladora e integrante de la Comisi\u00f3n Mixta de Presupuestos.<\/p>\n<p style=\"text-align: justify;\"><strong>\u201cLo que se ha dicho es: \u2018No vamos a tocar al usuario\u2019, pero a m\u00ed no me cuadra mucho. Entonces, les pido hacer m\u00e1s de un <em>doble clic<\/em>, sobre todo en esa lectura, porque con la ley de grandes emisores creo que ya hay un control. El efecto del informe de la Contralor\u00eda tambi\u00e9n\u201d, <\/strong>insisti\u00f3 Ordenes. \u201c<strong>Cuando habl\u00e1bamos de salud el ausentismo era de los m\u00e1s altos dentro de los ministerios, un 30%<\/strong>. <strong>Entonces, tambi\u00e9n hay algo en el sector respecto a lo cual yo creo que se puede avanzar\u201d, <\/strong>se\u00f1al\u00f3.<\/p>\n<p style=\"text-align: justify;\">LA BRECHA AL INTERIOR DE REGIONES COMO AYS\u00c9N<\/p>\n<p style=\"text-align: justify;\">La parlamentaria aprovech\u00f3 la instancia para representarle, tanto a la ministra Chomal\u00ed, como a la subsecretaria de Salud P\u00fablica y el subsecretario de redes asistenciales, la realidad local de Ays\u00e9n, poniendo como ejemplo las dificultades que enfrentan las localidades de la regi\u00f3n.<\/p>\n<p style=\"text-align: justify;\"><strong>\u201cLa modernizaci\u00f3n del Servicio Nacional de Salud Digital me parece es una apuesta. Yo represento una zona extrema. Hay lugares donde la telemedicina puede hacer mucho. La buena gesti\u00f3n puede evitar traslados o gestionarlos mejor\u201d, <\/strong>argument\u00f3 la representante de Ays\u00e9n, quien recientemente mostr\u00f3 di\u00e1logos en la materia en su visita al norte de la regi\u00f3n durante la primera semana regional del a\u00f1o legislativo.<\/p>\n<p style=\"text-align: justify;\"><strong>\u201cHe conocido casos de personas que han sido trasladadas a Valdivia y resulta que no est\u00e1 la hora. Eso ocurre mucho en regiones como la m\u00eda y es algo inaceptable. Llegan con un gran esfuerzo, a veces a ciudades que no conocen, a veces siendo del sector rural, y la \u00fanica respuesta que reciben es \u2018no era hoy\u2019. Yo no me puedo regresar a Coyhaique, menos al sector rural de la regi\u00f3n\u201d, <\/strong>ejemplific\u00f3 la legisladora, haciendo un llamado a avanzar con nuevas tecnolog\u00edas e interoperabilidad.<\/p>\n<p style=\"text-align: justify;\">Finalmente, la senadora \u00d3rdenes abord\u00f3 el criterio territorial de las pol\u00edticas p\u00fablicas.<strong> \u201cLas nuevas pol\u00edticas p\u00fablicas deben tener presencia a lo menos en todas las regiones. Lo que nos ocurre en Ays\u00e9n es que muchas veces, sobre pol\u00edticas p\u00fablicas, no hay ninguna comuna de la regi\u00f3n, porque no se mira la perspectiva territorial\u201d, <\/strong>sostuvo, pidiendo que el criterio sea que, <strong>\u201csi existe una nueva pol\u00edtica p\u00fablica, esta debe tener representaci\u00f3n en todas las regiones, porque si no quedamos segregados, sobre todo las zonas extremas\u201d.<\/strong><\/p>\n<p style=\"text-align: justify;\"><strong>\u201cYo har\u00eda la solicitud formal sobre el tema del recorte. Yo creo que el 3% en salud no es una buena medida. Por muchos ajustes que se puedan hacer y los vamos a seguir haciendo, sobre todo avanzando en legislaciones como el sistema de licencias m\u00e9dicas o en la gesti\u00f3n y el uso de nuevas tecnolog\u00edas, pero creo que se necesitan m\u00e1s recursos para avanzar en salud\u201d, <\/strong>recalc\u00f3 Ximena \u00d3rdenes<strong>.<\/strong><\/p>\n<p style=\"text-align: justify;\"><strong>\u00a0<\/strong><\/p>\n<p style=\"text-align: justify;\"><strong>\u00a0<\/strong><\/p>\n<\/div><\/section><\/div><div  style='height:50px' class='hr hr-invisible   avia-builder-el-6  el_after_av_one_full  el_before_av_social_share '><span class='hr-inner ' ><span class='hr-inner-style'><\/span><\/span><\/div><\/p>\n<div  class='av-social-sharing-box  avia-builder-el-7  el_after_av_hr  el_before_av_hr  '><div class='av-share-box'><h5 class='av-share-link-description av-no-toc '>Compartir esta noticia<\/h5><ul class='av-share-box-list noLightbox'><li class='av-share-link av-social-link-facebook' ><a target=\"_blank\" aria-label=\"Compartir en Facebook\" href='https:\/\/www.facebook.com\/sharer.php?u=https:\/\/radiorevelacionfm.cl\/?p=65805&#038;t=Senadora%20%C3%93rdenes%20mostr%C3%B3%20preocupaci%C3%B3n%20por%20ratificaci%C3%B3n%20de%20May%20Chomal%C3%AD%20de%20someterse%20al%20recorte%20del%203%25%20al%20presupuesto%20del%20Ministerio%20de%20Salud' aria-hidden='false' data-av_icon='\ue8f3' data-av_iconfont='entypo-fontello' title='' data-avia-related-tooltip='Compartir en Facebook' rel=\"noopener\"><span class='avia_hidden_link_text'>Compartir en Facebook<\/span><\/a><\/li><li class='av-share-link av-social-link-twitter' ><a target=\"_blank\" aria-label=\"Compartir en Twitter\" href='https:\/\/twitter.com\/share?text=Senadora%20%C3%93rdenes%20mostr%C3%B3%20preocupaci%C3%B3n%20por%20ratificaci%C3%B3n%20de%20May%20Chomal%C3%AD%20de%20someterse%20al%20recorte%20del%203%25%20al%20presupuesto%20del%20Ministerio%20de%20Salud&#038;url=https:\/\/radiorevelacionfm.cl\/?p=65805' aria-hidden='false' data-av_icon='\ue8f1' data-av_iconfont='entypo-fontello' title='' data-avia-related-tooltip='Compartir en Twitter' rel=\"noopener\"><span class='avia_hidden_link_text'>Compartir en Twitter<\/span><\/a><\/li><li class='av-share-link av-social-link-whatsapp' ><a target=\"_blank\" aria-label=\"Compartir en Whatsapp\" href='https:\/\/api.whatsapp.com\/send?text=https:\/\/radiorevelacionfm.cl\/?p=65805' aria-hidden='false' data-av_icon='\uf232' data-av_iconfont='entypo-fontello' title='' data-avia-related-tooltip='Compartir en Whatsapp' rel=\"noopener\"><span class='avia_hidden_link_text'>Compartir en Whatsapp<\/span><\/a><\/li><li class='av-share-link av-social-link-linkedin' ><a target=\"_blank\" aria-label=\"Compartir en LinkedIn\" href='https:\/\/linkedin.com\/shareArticle?mini=true&#038;title=Senadora%20%C3%93rdenes%20mostr%C3%B3%20preocupaci%C3%B3n%20por%20ratificaci%C3%B3n%20de%20May%20Chomal%C3%AD%20de%20someterse%20al%20recorte%20del%203%25%20al%20presupuesto%20del%20Ministerio%20de%20Salud&#038;url=https:\/\/radiorevelacionfm.cl\/?p=65805' aria-hidden='false' data-av_icon='\ue8fc' data-av_iconfont='entypo-fontello' title='' data-avia-related-tooltip='Compartir en LinkedIn' rel=\"noopener\"><span class='avia_hidden_link_text'>Compartir en LinkedIn<\/span><\/a><\/li><li class='av-share-link av-social-link-mail' ><a  aria-label=\"Compartir por correo\" href='mailto:?subject=Senadora%20%C3%93rdenes%20mostr%C3%B3%20preocupaci%C3%B3n%20por%20ratificaci%C3%B3n%20de%20May%20Chomal%C3%AD%20de%20someterse%20al%20recorte%20del%203%25%20al%20presupuesto%20del%20Ministerio%20de%20Salud&#038;body=https:\/\/radiorevelacionfm.cl\/?p=65805' aria-hidden='false' data-av_icon='\ue805' data-av_iconfont='entypo-fontello' title='' data-avia-related-tooltip='Compartir por correo'><span class='avia_hidden_link_text'>Compartir por correo<\/span><\/a><\/li><\/ul><\/div><\/div>\n<div  style='height:50px' class='hr hr-invisible   avia-builder-el-8  el_after_av_social_share  el_before_av_comments_list '><span class='hr-inner ' ><span class='hr-inner-style'><\/span><\/span><\/div>\n<div  class='av-buildercomment  av-blog-meta-html-info-disabled av-blog-meta-tag-disabled  '><\/div>\n","protected":false},"excerpt":{"rendered":"","protected":false},"author":1,"featured_media":65806,"comment_status":"closed","ping_status":"closed","sticky":false,"template":"","format":"standard","meta":{"footnotes":""},"categories":[35],"tags":[],"class_list":["post-65805","post","type-post","status-publish","format-standard","has-post-thumbnail","hentry","category-politica"],"jetpack_featured_media_url":"https:\/\/radiorevelacionfm.cl\/wp-content\/uploads\/2026\/04\/SENADORA-FOTO-29-1.jpeg","_links":{"self":[{"href":"https:\/\/radiorevelacionfm.cl\/index.php?rest_route=\/wp\/v2\/posts\/65805","targetHints":{"allow":["GET"]}}],"collection":[{"href":"https:\/\/radiorevelacionfm.cl\/index.php?rest_route=\/wp\/v2\/posts"}],"about":[{"href":"https:\/\/radiorevelacionfm.cl\/index.php?rest_route=\/wp\/v2\/types\/post"}],"author":[{"embeddable":true,"href":"https:\/\/radiorevelacionfm.cl\/index.php?rest_route=\/wp\/v2\/users\/1"}],"replies":[{"embeddable":true,"href":"https:\/\/radiorevelacionfm.cl\/index.php?rest_route=%2Fwp%2Fv2%2Fcomments&post=65805"}],"version-history":[{"count":2,"href":"https:\/\/radiorevelacionfm.cl\/index.php?rest_route=\/wp\/v2\/posts\/65805\/revisions"}],"predecessor-version":[{"id":65808,"href":"https:\/\/radiorevelacionfm.cl\/index.php?rest_route=\/wp\/v2\/posts\/65805\/revisions\/65808"}],"wp:featuredmedia":[{"embeddable":true,"href":"https:\/\/radiorevelacionfm.cl\/index.php?rest_route=\/wp\/v2\/media\/65806"}],"wp:attachment":[{"href":"https:\/\/radiorevelacionfm.cl\/index.php?rest_route=%2Fwp%2Fv2%2Fmedia&parent=65805"}],"wp:term":[{"taxonomy":"category","embeddable":true,"href":"https:\/\/radiorevelacionfm.cl\/index.php?rest_route=%2Fwp%2Fv2%2Fcategories&post=65805"},{"taxonomy":"post_tag","embeddable":true,"href":"https:\/\/radiorevelacionfm.cl\/index.php?rest_route=%2Fwp%2Fv2%2Ftags&post=65805"}],"curies":[{"name":"wp","href":"https:\/\/api.w.org\/{rel}","templated":true}]}}