{"id":65797,"date":"2026-04-07T18:09:24","date_gmt":"2026-04-07T21:09:24","guid":{"rendered":"https:\/\/radiorevelacionfm.cl\/?p=65797"},"modified":"2026-04-07T18:09:24","modified_gmt":"2026-04-07T21:09:24","slug":"concejala-alejandra-zurita-manifiesta-preocupacion-por-crisis-energetica-en-tortel","status":"publish","type":"post","link":"https:\/\/radiorevelacionfm.cl\/?p=65797","title":{"rendered":"Concejala Alejandra Zurita manifiesta preocupaci\u00f3n por crisis energ\u00e9tica en Tortel"},"content":{"rendered":"<div class=\"flex_column av_one_full  flex_column_div av-zero-column-padding first  avia-builder-el-0  el_before_av_one_full  avia-builder-el-first  \" style='border-radius:0px; '><div  class='avia-image-container  av-styling-    avia-builder-el-1  avia-builder-el-no-sibling  avia-align-center '  itemprop=\"image\" itemscope=\"itemscope\" itemtype=\"https:\/\/schema.org\/ImageObject\"  ><div class='avia-image-container-inner'><div class='avia-image-overlay-wrap'><img decoding=\"async\" class='wp-image-65798 avia-img-lazy-loading-not-65798 avia_image' src=\"https:\/\/radiorevelacionfm.cl\/wp-content\/uploads\/2026\/04\/CONCEJALA-ALEJANDRA-ZURITA-1-1.jpg\" alt='' title='CONCEJALA ALEJANDRA ZURITA (1) (1)' height=\"664\" width=\"802\"  itemprop=\"thumbnailUrl\" srcset=\"https:\/\/radiorevelacionfm.cl\/wp-content\/uploads\/2026\/04\/CONCEJALA-ALEJANDRA-ZURITA-1-1.jpg 802w, https:\/\/radiorevelacionfm.cl\/wp-content\/uploads\/2026\/04\/CONCEJALA-ALEJANDRA-ZURITA-1-1-300x248.jpg 300w, https:\/\/radiorevelacionfm.cl\/wp-content\/uploads\/2026\/04\/CONCEJALA-ALEJANDRA-ZURITA-1-1-768x636.jpg 768w, https:\/\/radiorevelacionfm.cl\/wp-content\/uploads\/2026\/04\/CONCEJALA-ALEJANDRA-ZURITA-1-1-705x584.jpg 705w, https:\/\/radiorevelacionfm.cl\/wp-content\/uploads\/2026\/04\/CONCEJALA-ALEJANDRA-ZURITA-1-1-450x373.jpg 450w, https:\/\/radiorevelacionfm.cl\/wp-content\/uploads\/2026\/04\/CONCEJALA-ALEJANDRA-ZURITA-1-1-600x497.jpg 600w\" sizes=\"(max-width: 802px) 100vw, 802px\" \/><\/div><\/div><\/div><\/div><div class=\"flex_column av_one_full  flex_column_div av-zero-column-padding first  avia-builder-el-2  el_after_av_one_full  el_before_av_one_full  column-top-margin\" style='border-radius:0px; '><section class=\"av_textblock_section \"  itemscope=\"itemscope\" itemtype=\"https:\/\/schema.org\/BlogPosting\" itemprop=\"blogPost\" ><div class='avia_textblock  '   itemprop=\"text\" ><p style=\"text-align: center;\"><strong><span style=\"font-size: 18pt;\">Concejala Alejandra Zurita manifiesta preocupaci\u00f3n por crisis energ\u00e9tica en Tortel<\/span><\/strong><\/p>\n<div id=\"gtx-trans\" style=\"position: absolute; left: -50px; top: 4.31534px;\">\n<div class=\"gtx-trans-icon\"><\/div>\n<\/div>\n<\/div><\/section><\/div><div class=\"flex_column av_one_full  flex_column_div av-zero-column-padding first  avia-builder-el-4  el_after_av_one_full  el_before_av_hr  column-top-margin\" style='border-radius:0px; '><section class=\"av_textblock_section \"  itemscope=\"itemscope\" itemtype=\"https:\/\/schema.org\/BlogPosting\" itemprop=\"blogPost\" ><div class='avia_textblock  '   itemprop=\"text\" ><p style=\"text-align: justify;\"><em>La autoridad comunal subray\u00f3 que este es un problema que se arrastra por a\u00f1os y que necesita de una soluci\u00f3n urgente.<\/em><\/p>\n<p style=\"text-align: justify;\">La concejala de Tortel, Alejandra Zurita, expres\u00f3 su profunda preocupaci\u00f3n por la crisis de energ\u00eda el\u00e9ctrica en la comuna, una problem\u00e1tica que por a\u00f1os ha afectado directamente la calidad de vida de los vecinos y que hoy vuelve a evidenciar la urgencia de tomar medidas concretas.<\/p>\n<p style=\"text-align: justify;\">Tras una reuni\u00f3n sostenida con dirigentes vecinales, concejales, jefes de departamento del municipio y encabezada por la alcaldesa Marisela Jim\u00e9nez, se abordaron las principales dificultades que enfrenta el sistema el\u00e9ctrico local, especialmente en lo relacionado con el funcionamiento y mantenci\u00f3n de los generadores. \u201cEste es un tema que no puede seguir esperando. La energ\u00eda el\u00e9ctrica es b\u00e1sica para el desarrollo de nuestra comuna, para el funcionamiento de los servicios y para la vida diaria de cada familia de Tortel\u201d, se\u00f1al\u00f3.<\/p>\n<p style=\"text-align: justify;\">En esa l\u00ednea, la concejala fue clara en se\u00f1alar que tambi\u00e9n es necesario asumir responsabilidades: \u201cTenemos que hacer un mea culpa. Como autoridades y como comunidad, no siempre se ha puesto la atenci\u00f3n necesaria en la mantenci\u00f3n y resguardo de los generadores. Y eso hoy nos pasa la cuenta\u201d, recalc\u00f3.<\/p>\n<p style=\"text-align: justify;\">Adem\u00e1s, enfatiz\u00f3 que este escenario debe marcar un punto de inflexi\u00f3n, donde no solo se exijan soluciones, sino que tambi\u00e9n se fortalezca el compromiso local. \u201cNo se trata solo de pedir. Se trata tambi\u00e9n de hacernos cargo de lo que nos corresponde, de cuidar la infraestructura y de trabajar unidos para que las soluciones sean sostenibles en el tiempo\u201d, explic\u00f3.<\/p>\n<p style=\"text-align: justify;\">Finalmente, Alejandra Zurita indic\u00f3 que ya se est\u00e1n impulsando gestiones para avanzar en soluciones concretas que permitan mejorar la estabilidad del suministro el\u00e9ctrico en Tortel, entendiendo que este es un factor clave para el desarrollo, la conectividad y el bienestar de todos los vecinos de la comuna.<\/p>\n<\/div><\/section><\/div><div  style='height:50px' class='hr hr-invisible   avia-builder-el-6  el_after_av_one_full  el_before_av_social_share '><span class='hr-inner ' ><span class='hr-inner-style'><\/span><\/span><\/div><\/p>\n<div  class='av-social-sharing-box  avia-builder-el-7  el_after_av_hr  el_before_av_hr  '><div class='av-share-box'><h5 class='av-share-link-description av-no-toc '>Compartir esta noticia<\/h5><ul class='av-share-box-list noLightbox'><li class='av-share-link av-social-link-facebook' ><a target=\"_blank\" aria-label=\"Compartir en Facebook\" href='https:\/\/www.facebook.com\/sharer.php?u=https:\/\/radiorevelacionfm.cl\/?p=65797&#038;t=Concejala%20Alejandra%20Zurita%20manifiesta%20preocupaci%C3%B3n%20por%20crisis%20energ%C3%A9tica%20en%20Tortel' aria-hidden='false' data-av_icon='\ue8f3' data-av_iconfont='entypo-fontello' title='' data-avia-related-tooltip='Compartir en Facebook' rel=\"noopener\"><span class='avia_hidden_link_text'>Compartir en Facebook<\/span><\/a><\/li><li class='av-share-link av-social-link-twitter' ><a target=\"_blank\" aria-label=\"Compartir en Twitter\" href='https:\/\/twitter.com\/share?text=Concejala%20Alejandra%20Zurita%20manifiesta%20preocupaci%C3%B3n%20por%20crisis%20energ%C3%A9tica%20en%20Tortel&#038;url=https:\/\/radiorevelacionfm.cl\/?p=65797' aria-hidden='false' data-av_icon='\ue8f1' data-av_iconfont='entypo-fontello' title='' data-avia-related-tooltip='Compartir en Twitter' rel=\"noopener\"><span class='avia_hidden_link_text'>Compartir en Twitter<\/span><\/a><\/li><li class='av-share-link av-social-link-whatsapp' ><a target=\"_blank\" aria-label=\"Compartir en Whatsapp\" href='https:\/\/api.whatsapp.com\/send?text=https:\/\/radiorevelacionfm.cl\/?p=65797' aria-hidden='false' data-av_icon='\uf232' data-av_iconfont='entypo-fontello' title='' data-avia-related-tooltip='Compartir en Whatsapp' rel=\"noopener\"><span class='avia_hidden_link_text'>Compartir en Whatsapp<\/span><\/a><\/li><li class='av-share-link av-social-link-linkedin' ><a target=\"_blank\" aria-label=\"Compartir en LinkedIn\" href='https:\/\/linkedin.com\/shareArticle?mini=true&#038;title=Concejala%20Alejandra%20Zurita%20manifiesta%20preocupaci%C3%B3n%20por%20crisis%20energ%C3%A9tica%20en%20Tortel&#038;url=https:\/\/radiorevelacionfm.cl\/?p=65797' aria-hidden='false' data-av_icon='\ue8fc' data-av_iconfont='entypo-fontello' title='' data-avia-related-tooltip='Compartir en LinkedIn' rel=\"noopener\"><span class='avia_hidden_link_text'>Compartir en LinkedIn<\/span><\/a><\/li><li class='av-share-link av-social-link-mail' ><a  aria-label=\"Compartir por correo\" href='mailto:?subject=Concejala%20Alejandra%20Zurita%20manifiesta%20preocupaci%C3%B3n%20por%20crisis%20energ%C3%A9tica%20en%20Tortel&#038;body=https:\/\/radiorevelacionfm.cl\/?p=65797' aria-hidden='false' data-av_icon='\ue805' data-av_iconfont='entypo-fontello' title='' data-avia-related-tooltip='Compartir por correo'><span class='avia_hidden_link_text'>Compartir por correo<\/span><\/a><\/li><\/ul><\/div><\/div>\n<div  style='height:50px' class='hr hr-invisible   avia-builder-el-8  el_after_av_social_share  el_before_av_comments_list '><span class='hr-inner ' ><span class='hr-inner-style'><\/span><\/span><\/div>\n<div  class='av-buildercomment  av-blog-meta-html-info-disabled av-blog-meta-tag-disabled  '><\/div>\n","protected":false},"excerpt":{"rendered":"","protected":false},"author":1,"featured_media":65798,"comment_status":"closed","ping_status":"closed","sticky":false,"template":"","format":"standard","meta":{"footnotes":""},"categories":[35],"tags":[],"class_list":["post-65797","post","type-post","status-publish","format-standard","has-post-thumbnail","hentry","category-politica"],"jetpack_featured_media_url":"https:\/\/radiorevelacionfm.cl\/wp-content\/uploads\/2026\/04\/CONCEJALA-ALEJANDRA-ZURITA-1-1.jpg","_links":{"self":[{"href":"https:\/\/radiorevelacionfm.cl\/index.php?rest_route=\/wp\/v2\/posts\/65797","targetHints":{"allow":["GET"]}}],"collection":[{"href":"https:\/\/radiorevelacionfm.cl\/index.php?rest_route=\/wp\/v2\/posts"}],"about":[{"href":"https:\/\/radiorevelacionfm.cl\/index.php?rest_route=\/wp\/v2\/types\/post"}],"author":[{"embeddable":true,"href":"https:\/\/radiorevelacionfm.cl\/index.php?rest_route=\/wp\/v2\/users\/1"}],"replies":[{"embeddable":true,"href":"https:\/\/radiorevelacionfm.cl\/index.php?rest_route=%2Fwp%2Fv2%2Fcomments&post=65797"}],"version-history":[{"count":2,"href":"https:\/\/radiorevelacionfm.cl\/index.php?rest_route=\/wp\/v2\/posts\/65797\/revisions"}],"predecessor-version":[{"id":65800,"href":"https:\/\/radiorevelacionfm.cl\/index.php?rest_route=\/wp\/v2\/posts\/65797\/revisions\/65800"}],"wp:featuredmedia":[{"embeddable":true,"href":"https:\/\/radiorevelacionfm.cl\/index.php?rest_route=\/wp\/v2\/media\/65798"}],"wp:attachment":[{"href":"https:\/\/radiorevelacionfm.cl\/index.php?rest_route=%2Fwp%2Fv2%2Fmedia&parent=65797"}],"wp:term":[{"taxonomy":"category","embeddable":true,"href":"https:\/\/radiorevelacionfm.cl\/index.php?rest_route=%2Fwp%2Fv2%2Fcategories&post=65797"},{"taxonomy":"post_tag","embeddable":true,"href":"https:\/\/radiorevelacionfm.cl\/index.php?rest_route=%2Fwp%2Fv2%2Ftags&post=65797"}],"curies":[{"name":"wp","href":"https:\/\/api.w.org\/{rel}","templated":true}]}}