{"id":65793,"date":"2026-04-07T16:18:38","date_gmt":"2026-04-07T19:18:38","guid":{"rendered":"https:\/\/radiorevelacionfm.cl\/?p=65793"},"modified":"2026-04-07T16:18:38","modified_gmt":"2026-04-07T19:18:38","slug":"coordinan-acciones-para-proteger-a-deportistas-durante-el-periodo-de-gestion-de-episodios-criticos-en-coyhaique","status":"publish","type":"post","link":"https:\/\/radiorevelacionfm.cl\/?p=65793","title":{"rendered":"Coordinan acciones para proteger a deportistas durante el periodo de Gesti\u00f3n de Episodios Cr\u00edticos en Coyhaique"},"content":{"rendered":"<div class=\"flex_column av_one_full  flex_column_div av-zero-column-padding first  avia-builder-el-0  el_before_av_one_full  avia-builder-el-first  \" style='border-radius:0px; '><div  class='avia-image-container  av-styling-    avia-builder-el-1  avia-builder-el-no-sibling  avia-align-center '  itemprop=\"image\" itemscope=\"itemscope\" itemtype=\"https:\/\/schema.org\/ImageObject\"  ><div class='avia-image-container-inner'><div class='avia-image-overlay-wrap'><img decoding=\"async\" class='wp-image-65794 avia-img-lazy-loading-not-65794 avia_image' src=\"https:\/\/radiorevelacionfm.cl\/wp-content\/uploads\/2026\/04\/1-2026-04-07t161202_optimized.940-1.jpg\" alt='' title='1 - -2026-04-07t161202_optimized.940-(1)' height=\"600\" width=\"963\"  itemprop=\"thumbnailUrl\" srcset=\"https:\/\/radiorevelacionfm.cl\/wp-content\/uploads\/2026\/04\/1-2026-04-07t161202_optimized.940-1.jpg 963w, https:\/\/radiorevelacionfm.cl\/wp-content\/uploads\/2026\/04\/1-2026-04-07t161202_optimized.940-1-300x187.jpg 300w, https:\/\/radiorevelacionfm.cl\/wp-content\/uploads\/2026\/04\/1-2026-04-07t161202_optimized.940-1-768x479.jpg 768w, https:\/\/radiorevelacionfm.cl\/wp-content\/uploads\/2026\/04\/1-2026-04-07t161202_optimized.940-1-705x439.jpg 705w, https:\/\/radiorevelacionfm.cl\/wp-content\/uploads\/2026\/04\/1-2026-04-07t161202_optimized.940-1-450x280.jpg 450w, https:\/\/radiorevelacionfm.cl\/wp-content\/uploads\/2026\/04\/1-2026-04-07t161202_optimized.940-1-600x374.jpg 600w\" sizes=\"(max-width: 963px) 100vw, 963px\" \/><\/div><\/div><\/div><\/div><div class=\"flex_column av_one_full  flex_column_div av-zero-column-padding first  avia-builder-el-2  el_after_av_one_full  el_before_av_one_full  column-top-margin\" style='border-radius:0px; '><section class=\"av_textblock_section \"  itemscope=\"itemscope\" itemtype=\"https:\/\/schema.org\/BlogPosting\" itemprop=\"blogPost\" ><div class='avia_textblock  '   itemprop=\"text\" ><p style=\"text-align: center;\"><strong><span style=\"font-size: 18pt;\">Coordinan acciones para proteger a deportistas durante el periodo de Gesti\u00f3n de Episodios Cr\u00edticos en Coyhaique<\/span><\/strong><\/p>\n<div id=\"gtx-trans\" style=\"position: absolute; left: -50px; top: 4.31534px;\">\n<div class=\"gtx-trans-icon\"><\/div>\n<\/div>\n<\/div><\/section><\/div><div class=\"flex_column av_one_full  flex_column_div av-zero-column-padding first  avia-builder-el-4  el_after_av_one_full  el_before_av_hr  column-top-margin\" style='border-radius:0px; '><section class=\"av_textblock_section \"  itemscope=\"itemscope\" itemtype=\"https:\/\/schema.org\/BlogPosting\" itemprop=\"blogPost\" ><div class='avia_textblock  '   itemprop=\"text\" ><p style=\"text-align: justify;\">SEREMIS del Medio Ambiente, Deporte (MINDEP) y la Direcci\u00f3n Regional del Instituto Nacional de Deportes (IND) de Ays\u00e9n, presentaron hoy el plan de trabajo conjunto para el periodo de\u00a0<strong>Gesti\u00f3n de Episodios Cr\u00edticos (GEC) 2026<\/strong>.<\/p>\n<p style=\"text-align: justify;\">A trav\u00e9s de esta colaboraci\u00f3n, las instituciones buscan que la comunidad de Coyhaique mantenga una vida activa de forma segura, entre los meses de abril y septiembre, periodo en que el Plan de Descontaminaci\u00f3n Atmosf\u00e9rica (PDA) activa la declaraci\u00f3n de episodios cr\u00edticos asociados a la calidad del aire.<\/p>\n<p style=\"text-align: justify;\">Con el objetivo de resguardar la salud de la comunidad deportiva y promover la actividad f\u00edsica segura, la SEREMI del Medio Ambiente y el Instituto Nacional de Deportes (IND) de Ays\u00e9n anunciaron hoy la puesta en marcha del protocolo de coordinaci\u00f3n para el periodo de Gesti\u00f3n de Episodios Cr\u00edticos (GEC) 2026.<\/p>\n<p style=\"text-align: justify;\">Desde el 1 de abril y hasta el 30 de septiembre, ambas instituciones trabajar\u00e1n de la mano para informar diariamente a los usuarios de recintos deportivos y clubes locales sobre las restricciones de actividad f\u00edsica derivadas del Plan de Descontaminaci\u00f3n Atmosf\u00e9rica (PDA) de Coyhaique.<\/p>\n<p style=\"text-align: justify;\">El SEREMI del Medio Ambiente, Eugenio Canales, destac\u00f3 que para el periodo GEC la recomendaci\u00f3n es a mantenerse atentos a la calidad del aire y ante Episodios Cr\u00edticos realizar actividad f\u00edsica de baja intensidad en espacios cerrados, as\u00ed tambi\u00e9n la autoridad recalc\u00f3 las actividades coordinadas que se han planificado para el periodo\u00a0<em>\u00ab<\/em> Cuando la calidad del aire empeora, lo m\u00e1s importante es cuidarnos. Por eso, como Gobierno estamos trabajando coordinados para informar a tiempo y entregar recomendaciones claras. En d\u00edas cr\u00edticos, evita hacer ejercicio al aire libre, especialmente ni\u00f1os, adultos mayores y personas con enfermedades. Inf\u00f3rmate por canales oficiales y sigue las indicaciones. Entre todos podemos proteger nuestra salud y la de nuestras familias\u201d.<\/p>\n<p style=\"text-align: justify;\">Por su parte, el SEREMI del Deporte, Jorge Ojeda, enfatiz\u00f3 el compromiso con los deportistas: \u201cComo Ministerio del Deporte, y bajo el mandato del Presidente Jos\u00e9 Antonio Kast, nuestra prioridad es que la comunidad se mantenga activa, pero de forma segura. Por eso,\u00a0 previa coordinaci\u00f3n con el Seremi del Medio Ambiente y junto al Director Regional del IND, Javier Medina, hemos activado protocolos de orientaci\u00f3n en todos los recintos IND para los d\u00edas de Preemergencia y Emergencia Ambiental. Si el aire est\u00e1 saturado, se recomienda a los deportistas evitar la actividad intensa al aire libre. Asimismo, en el Estadio Regional y gimnasios, operaremos bajo un sistema de sem\u00e1foro informativo. Siguiendo la l\u00ednea del Gobierno, en d\u00edas de mala ventilaci\u00f3n recomendaremos el uso de espacios cerrados y la baja intensidad para no detener el movimiento, cuidando siempre la salud de la comunidad\u00bb.<\/p>\n<p style=\"text-align: justify;\">Protocolo de Actuaci\u00f3n IND seg\u00fan Episodio:<\/p>\n<ul style=\"text-align: justify;\">\n<li><strong>Alerta: <\/strong>Se recomienda reducir la intensidad de las actividades f\u00edsicas al aire libre.<\/li>\n<li><strong>Preemergencia: <\/strong>Suspensi\u00f3n de actividades f\u00edsicas intensas en recintos exteriores del IND. Se sugiere el traslado de entrenamientos a espacios cerrados<\/li>\n<li><strong>Emergencia: <\/strong>Restricci\u00f3n de deporte al aire libre en recintos IND. El IND informar\u00e1 el cierre preventivo de canchas exteriores para proteger a los usuarios.<\/li>\n<\/ul>\n<p style=\"text-align: justify;\"><strong>Llamado a la Comunidad<\/strong><\/p>\n<p style=\"text-align: justify;\">Las autoridades instaron a la ciudadan\u00eda a revisar la calidad del aire en las p\u00e1ginas oficiales airecoyhaique.mma.gob.cl, sinca.mma.gob.cl\/ y seguir las redes sociales <strong>@mmaaysen<\/strong>\u00a0para conocer el pron\u00f3stico diario que se emite cada tarde a las 18:00 horas, con sus respectivas recomendaciones y restricciones.<\/p>\n<p style=\"text-align: justify;\">Finalmente, se record\u00f3 que actualmente se encuentra abierto el proceso de\u00a0<strong>Consulta P\u00fablica para la actualizaci\u00f3n del PDA de Coyhaique<\/strong>, invitando a los clubes deportivos y deportistas a entregar sus observaciones para mejorar las pol\u00edticas de aire limpio en la capital regional.<\/p>\n<\/div><\/section><\/div><div  style='height:50px' class='hr hr-invisible   avia-builder-el-6  el_after_av_one_full  el_before_av_social_share '><span class='hr-inner ' ><span class='hr-inner-style'><\/span><\/span><\/div><\/p>\n<div  class='av-social-sharing-box  avia-builder-el-7  el_after_av_hr  el_before_av_hr  '><div class='av-share-box'><h5 class='av-share-link-description av-no-toc '>Compartir esta noticia<\/h5><ul class='av-share-box-list noLightbox'><li class='av-share-link av-social-link-facebook' ><a target=\"_blank\" aria-label=\"Compartir en Facebook\" href='https:\/\/www.facebook.com\/sharer.php?u=https:\/\/radiorevelacionfm.cl\/?p=65793&#038;t=Coordinan%20acciones%20para%20proteger%20a%20deportistas%20durante%20el%20periodo%20de%20Gesti%C3%B3n%20de%20Episodios%20Cr%C3%ADticos%20en%20Coyhaique' aria-hidden='false' data-av_icon='\ue8f3' data-av_iconfont='entypo-fontello' title='' data-avia-related-tooltip='Compartir en Facebook' rel=\"noopener\"><span class='avia_hidden_link_text'>Compartir en Facebook<\/span><\/a><\/li><li class='av-share-link av-social-link-twitter' ><a target=\"_blank\" aria-label=\"Compartir en Twitter\" href='https:\/\/twitter.com\/share?text=Coordinan%20acciones%20para%20proteger%20a%20deportistas%20durante%20el%20periodo%20de%20Gesti%C3%B3n%20de%20Episodios%20Cr%C3%ADticos%20en%20Coyhaique&#038;url=https:\/\/radiorevelacionfm.cl\/?p=65793' aria-hidden='false' data-av_icon='\ue8f1' data-av_iconfont='entypo-fontello' title='' data-avia-related-tooltip='Compartir en Twitter' rel=\"noopener\"><span class='avia_hidden_link_text'>Compartir en Twitter<\/span><\/a><\/li><li class='av-share-link av-social-link-whatsapp' ><a target=\"_blank\" aria-label=\"Compartir en Whatsapp\" href='https:\/\/api.whatsapp.com\/send?text=https:\/\/radiorevelacionfm.cl\/?p=65793' aria-hidden='false' data-av_icon='\uf232' data-av_iconfont='entypo-fontello' title='' data-avia-related-tooltip='Compartir en Whatsapp' rel=\"noopener\"><span class='avia_hidden_link_text'>Compartir en Whatsapp<\/span><\/a><\/li><li class='av-share-link av-social-link-linkedin' ><a target=\"_blank\" aria-label=\"Compartir en LinkedIn\" href='https:\/\/linkedin.com\/shareArticle?mini=true&#038;title=Coordinan%20acciones%20para%20proteger%20a%20deportistas%20durante%20el%20periodo%20de%20Gesti%C3%B3n%20de%20Episodios%20Cr%C3%ADticos%20en%20Coyhaique&#038;url=https:\/\/radiorevelacionfm.cl\/?p=65793' aria-hidden='false' data-av_icon='\ue8fc' data-av_iconfont='entypo-fontello' title='' data-avia-related-tooltip='Compartir en LinkedIn' rel=\"noopener\"><span class='avia_hidden_link_text'>Compartir en LinkedIn<\/span><\/a><\/li><li class='av-share-link av-social-link-mail' ><a  aria-label=\"Compartir por correo\" href='mailto:?subject=Coordinan%20acciones%20para%20proteger%20a%20deportistas%20durante%20el%20periodo%20de%20Gesti%C3%B3n%20de%20Episodios%20Cr%C3%ADticos%20en%20Coyhaique&#038;body=https:\/\/radiorevelacionfm.cl\/?p=65793' aria-hidden='false' data-av_icon='\ue805' data-av_iconfont='entypo-fontello' title='' data-avia-related-tooltip='Compartir por correo'><span class='avia_hidden_link_text'>Compartir por correo<\/span><\/a><\/li><\/ul><\/div><\/div>\n<div  style='height:50px' class='hr hr-invisible   avia-builder-el-8  el_after_av_social_share  el_before_av_comments_list '><span class='hr-inner ' ><span class='hr-inner-style'><\/span><\/span><\/div>\n<div  class='av-buildercomment  av-blog-meta-html-info-disabled av-blog-meta-tag-disabled  '><\/div>\n","protected":false},"excerpt":{"rendered":"","protected":false},"author":1,"featured_media":65794,"comment_status":"closed","ping_status":"closed","sticky":false,"template":"","format":"standard","meta":{"footnotes":""},"categories":[40,39],"tags":[],"class_list":["post-65793","post","type-post","status-publish","format-standard","has-post-thumbnail","hentry","category-deportes","category-medio-ambiente"],"jetpack_featured_media_url":"https:\/\/radiorevelacionfm.cl\/wp-content\/uploads\/2026\/04\/1-2026-04-07t161202_optimized.940-1.jpg","_links":{"self":[{"href":"https:\/\/radiorevelacionfm.cl\/index.php?rest_route=\/wp\/v2\/posts\/65793","targetHints":{"allow":["GET"]}}],"collection":[{"href":"https:\/\/radiorevelacionfm.cl\/index.php?rest_route=\/wp\/v2\/posts"}],"about":[{"href":"https:\/\/radiorevelacionfm.cl\/index.php?rest_route=\/wp\/v2\/types\/post"}],"author":[{"embeddable":true,"href":"https:\/\/radiorevelacionfm.cl\/index.php?rest_route=\/wp\/v2\/users\/1"}],"replies":[{"embeddable":true,"href":"https:\/\/radiorevelacionfm.cl\/index.php?rest_route=%2Fwp%2Fv2%2Fcomments&post=65793"}],"version-history":[{"count":2,"href":"https:\/\/radiorevelacionfm.cl\/index.php?rest_route=\/wp\/v2\/posts\/65793\/revisions"}],"predecessor-version":[{"id":65796,"href":"https:\/\/radiorevelacionfm.cl\/index.php?rest_route=\/wp\/v2\/posts\/65793\/revisions\/65796"}],"wp:featuredmedia":[{"embeddable":true,"href":"https:\/\/radiorevelacionfm.cl\/index.php?rest_route=\/wp\/v2\/media\/65794"}],"wp:attachment":[{"href":"https:\/\/radiorevelacionfm.cl\/index.php?rest_route=%2Fwp%2Fv2%2Fmedia&parent=65793"}],"wp:term":[{"taxonomy":"category","embeddable":true,"href":"https:\/\/radiorevelacionfm.cl\/index.php?rest_route=%2Fwp%2Fv2%2Fcategories&post=65793"},{"taxonomy":"post_tag","embeddable":true,"href":"https:\/\/radiorevelacionfm.cl\/index.php?rest_route=%2Fwp%2Fv2%2Ftags&post=65793"}],"curies":[{"name":"wp","href":"https:\/\/api.w.org\/{rel}","templated":true}]}}