{"id":65787,"date":"2026-04-07T11:42:43","date_gmt":"2026-04-07T14:42:43","guid":{"rendered":"https:\/\/radiorevelacionfm.cl\/?p=65787"},"modified":"2026-04-07T11:42:43","modified_gmt":"2026-04-07T14:42:43","slug":"puerto-rio-tranquilo-fortalece-su-desarrollo-con-inversion-de-1-597-millones-y-nuevo-equipo-profesional","status":"publish","type":"post","link":"https:\/\/radiorevelacionfm.cl\/?p=65787","title":{"rendered":"Puerto R\u00edo Tranquilo fortalece su desarrollo con inversi\u00f3n de 1.597 millones y nuevo equipo profesional"},"content":{"rendered":"<div class=\"flex_column av_one_full  flex_column_div av-zero-column-padding first  avia-builder-el-0  el_before_av_one_full  avia-builder-el-first  \" style='border-radius:0px; '><div  class='avia-image-container  av-styling-    avia-builder-el-1  avia-builder-el-no-sibling  avia-align-center '  itemprop=\"image\" itemscope=\"itemscope\" itemtype=\"https:\/\/schema.org\/ImageObject\"  ><div class='avia-image-container-inner'><div class='avia-image-overlay-wrap'><img decoding=\"async\" class='wp-image-65788 avia-img-lazy-loading-not-65788 avia_image' src=\"https:\/\/radiorevelacionfm.cl\/wp-content\/uploads\/2026\/04\/71a64c7e-b37f-4a50-8e6e-252125c47f7b-1-1_optimized-1.jpg\" alt='' title='71a64c7e-b37f-4a50-8e6e-252125c47f7b-(1)-(1)_optimized (1)' height=\"600\" width=\"1067\"  itemprop=\"thumbnailUrl\" srcset=\"https:\/\/radiorevelacionfm.cl\/wp-content\/uploads\/2026\/04\/71a64c7e-b37f-4a50-8e6e-252125c47f7b-1-1_optimized-1.jpg 1067w, https:\/\/radiorevelacionfm.cl\/wp-content\/uploads\/2026\/04\/71a64c7e-b37f-4a50-8e6e-252125c47f7b-1-1_optimized-1-300x169.jpg 300w, https:\/\/radiorevelacionfm.cl\/wp-content\/uploads\/2026\/04\/71a64c7e-b37f-4a50-8e6e-252125c47f7b-1-1_optimized-1-1030x579.jpg 1030w, https:\/\/radiorevelacionfm.cl\/wp-content\/uploads\/2026\/04\/71a64c7e-b37f-4a50-8e6e-252125c47f7b-1-1_optimized-1-768x432.jpg 768w, https:\/\/radiorevelacionfm.cl\/wp-content\/uploads\/2026\/04\/71a64c7e-b37f-4a50-8e6e-252125c47f7b-1-1_optimized-1-705x396.jpg 705w, https:\/\/radiorevelacionfm.cl\/wp-content\/uploads\/2026\/04\/71a64c7e-b37f-4a50-8e6e-252125c47f7b-1-1_optimized-1-450x253.jpg 450w, https:\/\/radiorevelacionfm.cl\/wp-content\/uploads\/2026\/04\/71a64c7e-b37f-4a50-8e6e-252125c47f7b-1-1_optimized-1-600x337.jpg 600w\" sizes=\"(max-width: 1067px) 100vw, 1067px\" \/><\/div><\/div><\/div><\/div><div class=\"flex_column av_one_full  flex_column_div av-zero-column-padding first  avia-builder-el-2  el_after_av_one_full  el_before_av_one_full  column-top-margin\" style='border-radius:0px; '><section class=\"av_textblock_section \"  itemscope=\"itemscope\" itemtype=\"https:\/\/schema.org\/BlogPosting\" itemprop=\"blogPost\" ><div class='avia_textblock  '   itemprop=\"text\" ><p style=\"text-align: center;\"><strong><span style=\"font-size: 18pt;\">Puerto R\u00edo Tranquilo fortalece su desarrollo con inversi\u00f3n de 1.597 millones y nuevo equipo profesional<\/span><\/strong><\/p>\n<div id=\"gtx-trans\" style=\"position: absolute; left: -50px; top: 4.31534px;\">\n<div class=\"gtx-trans-icon\"><\/div>\n<\/div>\n<\/div><\/section><\/div><div class=\"flex_column av_one_full  flex_column_div av-zero-column-padding first  avia-builder-el-4  el_after_av_one_full  el_before_av_hr  column-top-margin\" style='border-radius:0px; '><section class=\"av_textblock_section \"  itemscope=\"itemscope\" itemtype=\"https:\/\/schema.org\/BlogPosting\" itemprop=\"blogPost\" ><div class='avia_textblock  '   itemprop=\"text\" ><ul>\n<li style=\"text-align: justify;\"><em>La nueva dupla de profesionales se suma al Programa de Peque\u00f1as Localidades.<\/em><\/li>\n<\/ul>\n<p style=\"text-align: justify;\">Con el prop\u00f3sito de seguir impulsando un crecimiento ordenado y con identidad local, la Municipalidad de R\u00edo Ib\u00e1\u00f1ez anunci\u00f3 la llegada de dos nuevos profesionales que liderar\u00e1n la ejecuci\u00f3n del Programa para Peque\u00f1as Localidades en Puerto R\u00edo Tranquilo, que contempla una <strong>inversi\u00f3n total de 1.597 millones de pesos<\/strong>.<\/p>\n<p style=\"text-align: justify;\">Esta \u00abdupla t\u00e9cnica\u00bb llega en un momento estrat\u00e9gico para la localidad, sum\u00e1ndose al equipo municipal con la misi\u00f3n de dise\u00f1ar y ejecutar proyectos que nazcan desde las necesidades reales de los vecinos, equilibrando la mejora de los espacios p\u00fablicos con el fortalecimiento del tejido social.<\/p>\n<p style=\"text-align: justify;\"><strong>Una mirada integral: Ciudad y Comunidad<\/strong><\/p>\n<p style=\"text-align: justify;\">El trabajo de estos profesionales permitir\u00e1 abordar el desarrollo de Puerto R\u00edo Tranquilo desde dos frentes complementarios. <strong>Domingo Croxatto<\/strong>, como Analista Urbano, se enfocar\u00e1 en la planificaci\u00f3n de infraestructura y el dise\u00f1o de espacios que mejoren la calidad de vida de los habitantes, asegurando que cada obra sea funcional y arm\u00f3nica con el entorno natural del Lago General Carrera.<\/p>\n<p style=\"text-align: justify;\">Por su parte, <strong>Diego Fuentes<\/strong>, en su rol de Analista Social, tendr\u00e1 la tarea de ser el puente directo con las organizaciones y vecinos. Su labor ser\u00e1 garantizar que la voz de la comunidad sea el motor de cada intervenci\u00f3n, fomentando la participaci\u00f3n ciudadana y asegurando que el progreso social camine a la par del progreso urbano.<\/p>\n<p style=\"text-align: justify;\"><em>\u00abLa llegada de Domingo y Diego representa un refuerzo fundamental para nuestra gesti\u00f3n en terreno. No queremos proyectos dise\u00f1ados desde un escritorio, sino soluciones que se construyan conversando con la gente. Estos profesionales vienen a inyectar energ\u00eda para que Puerto R\u00edo Tranquilo siga creciendo sin perder su esencia\u00bb<\/em>, se\u00f1al\u00f3 el alcalde, Marcelo J\u00e9lvez C\u00e1rdenas.<\/p>\n<p style=\"text-align: justify;\"><strong>Compromiso con el Territorio<\/strong><\/p>\n<p style=\"text-align: justify;\">El Programa para Peque\u00f1as Localidades busca, en esencia, reducir las brechas de infraestructura y acceso a servicios en zonas aisladas. Con la incorporaci\u00f3n de estos especialistas, el municipio de R\u00edo Ib\u00e1\u00f1ez reafirma su capacidad de atraer talento profesional para ponerlo al servicio de las localidades, asegurando que el desarrollo llegue a cada rinc\u00f3n de la comuna.<\/p>\n<p style=\"text-align: justify;\">Durante las pr\u00f3ximas semanas, se realizar\u00e1n diversas rondas de reuniones y visitas a terreno para presentarse ante las juntas de vecinos y agrupaciones locales, iniciando as\u00ed una nueva etapa de trabajo colaborativo que marcar\u00e1 el futuro de Puerto R\u00edo Tranquilo.<\/p>\n<\/div><\/section><\/div><div  style='height:50px' class='hr hr-invisible   avia-builder-el-6  el_after_av_one_full  el_before_av_social_share '><span class='hr-inner ' ><span class='hr-inner-style'><\/span><\/span><\/div><\/p>\n<div  class='av-social-sharing-box  avia-builder-el-7  el_after_av_hr  el_before_av_hr  '><div class='av-share-box'><h5 class='av-share-link-description av-no-toc '>Compartir esta noticia<\/h5><ul class='av-share-box-list noLightbox'><li class='av-share-link av-social-link-facebook' ><a target=\"_blank\" aria-label=\"Compartir en Facebook\" href='https:\/\/www.facebook.com\/sharer.php?u=https:\/\/radiorevelacionfm.cl\/?p=65787&#038;t=Puerto%20R%C3%ADo%20Tranquilo%20fortalece%20su%20desarrollo%20con%20inversi%C3%B3n%20de%201.597%20millones%20y%20nuevo%20equipo%20profesional' aria-hidden='false' data-av_icon='\ue8f3' data-av_iconfont='entypo-fontello' title='' data-avia-related-tooltip='Compartir en Facebook' rel=\"noopener\"><span class='avia_hidden_link_text'>Compartir en Facebook<\/span><\/a><\/li><li class='av-share-link av-social-link-twitter' ><a target=\"_blank\" aria-label=\"Compartir en Twitter\" href='https:\/\/twitter.com\/share?text=Puerto%20R%C3%ADo%20Tranquilo%20fortalece%20su%20desarrollo%20con%20inversi%C3%B3n%20de%201.597%20millones%20y%20nuevo%20equipo%20profesional&#038;url=https:\/\/radiorevelacionfm.cl\/?p=65787' aria-hidden='false' data-av_icon='\ue8f1' data-av_iconfont='entypo-fontello' title='' data-avia-related-tooltip='Compartir en Twitter' rel=\"noopener\"><span class='avia_hidden_link_text'>Compartir en Twitter<\/span><\/a><\/li><li class='av-share-link av-social-link-whatsapp' ><a target=\"_blank\" aria-label=\"Compartir en Whatsapp\" href='https:\/\/api.whatsapp.com\/send?text=https:\/\/radiorevelacionfm.cl\/?p=65787' aria-hidden='false' data-av_icon='\uf232' data-av_iconfont='entypo-fontello' title='' data-avia-related-tooltip='Compartir en Whatsapp' rel=\"noopener\"><span class='avia_hidden_link_text'>Compartir en Whatsapp<\/span><\/a><\/li><li class='av-share-link av-social-link-linkedin' ><a target=\"_blank\" aria-label=\"Compartir en LinkedIn\" href='https:\/\/linkedin.com\/shareArticle?mini=true&#038;title=Puerto%20R%C3%ADo%20Tranquilo%20fortalece%20su%20desarrollo%20con%20inversi%C3%B3n%20de%201.597%20millones%20y%20nuevo%20equipo%20profesional&#038;url=https:\/\/radiorevelacionfm.cl\/?p=65787' aria-hidden='false' data-av_icon='\ue8fc' data-av_iconfont='entypo-fontello' title='' data-avia-related-tooltip='Compartir en LinkedIn' rel=\"noopener\"><span class='avia_hidden_link_text'>Compartir en LinkedIn<\/span><\/a><\/li><li class='av-share-link av-social-link-mail' ><a  aria-label=\"Compartir por correo\" href='mailto:?subject=Puerto%20R%C3%ADo%20Tranquilo%20fortalece%20su%20desarrollo%20con%20inversi%C3%B3n%20de%201.597%20millones%20y%20nuevo%20equipo%20profesional&#038;body=https:\/\/radiorevelacionfm.cl\/?p=65787' aria-hidden='false' data-av_icon='\ue805' data-av_iconfont='entypo-fontello' title='' data-avia-related-tooltip='Compartir por correo'><span class='avia_hidden_link_text'>Compartir por correo<\/span><\/a><\/li><\/ul><\/div><\/div>\n<div  style='height:50px' class='hr hr-invisible   avia-builder-el-8  el_after_av_social_share  el_before_av_comments_list '><span class='hr-inner ' ><span class='hr-inner-style'><\/span><\/span><\/div>\n<div  class='av-buildercomment  av-blog-meta-html-info-disabled av-blog-meta-tag-disabled  '><\/div>\n","protected":false},"excerpt":{"rendered":"","protected":false},"author":1,"featured_media":65788,"comment_status":"closed","ping_status":"closed","sticky":false,"template":"","format":"standard","meta":{"footnotes":""},"categories":[38],"tags":[],"class_list":["post-65787","post","type-post","status-publish","format-standard","has-post-thumbnail","hentry","category-regional"],"jetpack_featured_media_url":"https:\/\/radiorevelacionfm.cl\/wp-content\/uploads\/2026\/04\/71a64c7e-b37f-4a50-8e6e-252125c47f7b-1-1_optimized-1.jpg","_links":{"self":[{"href":"https:\/\/radiorevelacionfm.cl\/index.php?rest_route=\/wp\/v2\/posts\/65787","targetHints":{"allow":["GET"]}}],"collection":[{"href":"https:\/\/radiorevelacionfm.cl\/index.php?rest_route=\/wp\/v2\/posts"}],"about":[{"href":"https:\/\/radiorevelacionfm.cl\/index.php?rest_route=\/wp\/v2\/types\/post"}],"author":[{"embeddable":true,"href":"https:\/\/radiorevelacionfm.cl\/index.php?rest_route=\/wp\/v2\/users\/1"}],"replies":[{"embeddable":true,"href":"https:\/\/radiorevelacionfm.cl\/index.php?rest_route=%2Fwp%2Fv2%2Fcomments&post=65787"}],"version-history":[{"count":2,"href":"https:\/\/radiorevelacionfm.cl\/index.php?rest_route=\/wp\/v2\/posts\/65787\/revisions"}],"predecessor-version":[{"id":65790,"href":"https:\/\/radiorevelacionfm.cl\/index.php?rest_route=\/wp\/v2\/posts\/65787\/revisions\/65790"}],"wp:featuredmedia":[{"embeddable":true,"href":"https:\/\/radiorevelacionfm.cl\/index.php?rest_route=\/wp\/v2\/media\/65788"}],"wp:attachment":[{"href":"https:\/\/radiorevelacionfm.cl\/index.php?rest_route=%2Fwp%2Fv2%2Fmedia&parent=65787"}],"wp:term":[{"taxonomy":"category","embeddable":true,"href":"https:\/\/radiorevelacionfm.cl\/index.php?rest_route=%2Fwp%2Fv2%2Fcategories&post=65787"},{"taxonomy":"post_tag","embeddable":true,"href":"https:\/\/radiorevelacionfm.cl\/index.php?rest_route=%2Fwp%2Fv2%2Ftags&post=65787"}],"curies":[{"name":"wp","href":"https:\/\/api.w.org\/{rel}","templated":true}]}}