{"id":65768,"date":"2026-04-07T10:30:08","date_gmt":"2026-04-07T13:30:08","guid":{"rendered":"https:\/\/radiorevelacionfm.cl\/?p=65768"},"modified":"2026-04-07T10:30:08","modified_gmt":"2026-04-07T13:30:08","slug":"seremi-andrea-ponce-encabezo-primer-gabinete-de-justicia-y-proyectos","status":"publish","type":"post","link":"https:\/\/radiorevelacionfm.cl\/?p=65768","title":{"rendered":"Seremi Andrea Ponce encabez\u00f3 primer Gabinete de Justicia y Proyectos"},"content":{"rendered":"<div class=\"flex_column av_one_full  flex_column_div av-zero-column-padding first  avia-builder-el-0  el_before_av_one_full  avia-builder-el-first  \" style='border-radius:0px; '><div  class='avia-image-container  av-styling-    avia-builder-el-1  avia-builder-el-no-sibling  avia-align-center '  itemprop=\"image\" itemscope=\"itemscope\" itemtype=\"https:\/\/schema.org\/ImageObject\"  ><div class='avia-image-container-inner'><div class='avia-image-overlay-wrap'><img decoding=\"async\" class='wp-image-65769 avia-img-lazy-loading-not-65769 avia_image' src=\"https:\/\/radiorevelacionfm.cl\/wp-content\/uploads\/2026\/04\/gabinete-1-1_optimized-1.jpg\" alt='' title='gabinete-(1)-(1)_optimized (1)' height=\"600\" width=\"947\"  itemprop=\"thumbnailUrl\" srcset=\"https:\/\/radiorevelacionfm.cl\/wp-content\/uploads\/2026\/04\/gabinete-1-1_optimized-1.jpg 947w, https:\/\/radiorevelacionfm.cl\/wp-content\/uploads\/2026\/04\/gabinete-1-1_optimized-1-300x190.jpg 300w, https:\/\/radiorevelacionfm.cl\/wp-content\/uploads\/2026\/04\/gabinete-1-1_optimized-1-768x487.jpg 768w, https:\/\/radiorevelacionfm.cl\/wp-content\/uploads\/2026\/04\/gabinete-1-1_optimized-1-705x447.jpg 705w, https:\/\/radiorevelacionfm.cl\/wp-content\/uploads\/2026\/04\/gabinete-1-1_optimized-1-450x285.jpg 450w, https:\/\/radiorevelacionfm.cl\/wp-content\/uploads\/2026\/04\/gabinete-1-1_optimized-1-600x380.jpg 600w\" sizes=\"(max-width: 947px) 100vw, 947px\" \/><\/div><\/div><\/div><\/div><div class=\"flex_column av_one_full  flex_column_div av-zero-column-padding first  avia-builder-el-2  el_after_av_one_full  el_before_av_one_full  column-top-margin\" style='border-radius:0px; '><section class=\"av_textblock_section \"  itemscope=\"itemscope\" itemtype=\"https:\/\/schema.org\/BlogPosting\" itemprop=\"blogPost\" ><div class='avia_textblock  '   itemprop=\"text\" ><p style=\"text-align: center;\"><strong><span style=\"font-size: 18pt;\">Seremi Andrea Ponce encabez\u00f3 primer Gabinete de Justicia y Proyectos <\/span><\/strong><\/p>\n<div id=\"gtx-trans\" style=\"position: absolute; left: -50px; top: 4.31534px;\">\n<div class=\"gtx-trans-icon\"><\/div>\n<\/div>\n<\/div><\/section><\/div><div class=\"flex_column av_one_full  flex_column_div av-zero-column-padding first  avia-builder-el-4  el_after_av_one_full  el_before_av_hr  column-top-margin\" style='border-radius:0px; '><section class=\"av_textblock_section \"  itemscope=\"itemscope\" itemtype=\"https:\/\/schema.org\/BlogPosting\" itemprop=\"blogPost\" ><div class='avia_textblock  '   itemprop=\"text\" ><p style=\"text-align: justify;\"><em>La instancia cont\u00f3 con la participaci\u00f3n de los directores regionales del <\/em><em>Servicio M\u00e9dico Legal, Gendarmer\u00eda de Chile, Defensor\u00eda Penal P\u00fablica, Corporaci\u00f3n de Asistencia Judicial, Servicio de Registro Civil e Identificaci\u00f3n y del Servicio de Reinserci\u00f3n Social Juvenil.<\/em><\/p>\n<p style=\"text-align: justify;\">Recientemente se llev\u00f3 a cabo la primera reuni\u00f3n de Gabinete de Justicia y Proyectos, instancia encabezada por la seremi Andrea Ponce Olivares y que le permiti\u00f3 conocer el normal funcionamiento institucional y el estado de avance de las iniciativas de inversi\u00f3n.<\/p>\n<p style=\"text-align: justify;\">En la oportunidad estuvieron presente los directores del Servicio M\u00e9dico Legal, Gendarmer\u00eda de Chile, Defensor\u00eda Penal P\u00fablica, Corporaci\u00f3n de Asistencia Judicial, Servicio de Registro Civil e Identificaci\u00f3n y del Servicio de Reinserci\u00f3n Social Juvenil. Dicho encuentro que se realiza mensualmente tiene como objetivo verificar el cumplimiento de metas y compromisos establecidos en las planificaciones, as\u00ed como la ejecuci\u00f3n presupuestaria de cada servicio.<\/p>\n<p style=\"text-align: justify;\">En este sentido, la autoridad regional destac\u00f3 este encuentro se\u00f1alando que \u201ccomo seremi de Justicia y Derechos Humanos sostuve una reuni\u00f3n con todos los directores y directoras de los servicios que son parte del ministerio en la regi\u00f3n de Ays\u00e9n, primero para presentarme y tambi\u00e9n para saber en que situaci\u00f3n est\u00e1n cada uno de los servicios, cuales son las necesidades, que es lo que requieren los vecinos y vecinas de nosotros hoy, y adem\u00e1s conocer espec\u00edficamente las etapas en las que se encuentran el proyecto de construcci\u00f3n de un nuevo recinto penitenciario para Coyhaique y tambi\u00e9n del nuevo edificio del Servicio M\u00e9dico Legal, adem\u00e1s mi intenci\u00f3n como seremi es que podamos trabajar los lineamientos del Ministerio de Justicia y Derechos Humanos en la regi\u00f3n, entre ellos seguridad, el ministerio en la calle y un Estado libre de corrupci\u00f3n\u201d.<\/p>\n<p style=\"text-align: justify;\">Finalmente, cabe precisar que el gabinete de Justicia y Proyectos busca fortalecer la coordinaci\u00f3n entre los distintos servicios, identificar brechas y aplicar mejoras en la gesti\u00f3n, consolid\u00e1ndose como un espacio de seguimiento y articulaci\u00f3n para asegurar el cumplimiento de objetivos y la entrega de servicios de calidad en nuestra regi\u00f3n.<\/p>\n<\/div><\/section><\/div><div  style='height:50px' class='hr hr-invisible   avia-builder-el-6  el_after_av_one_full  el_before_av_social_share '><span class='hr-inner ' ><span class='hr-inner-style'><\/span><\/span><\/div><\/p>\n<div  class='av-social-sharing-box  avia-builder-el-7  el_after_av_hr  el_before_av_hr  '><div class='av-share-box'><h5 class='av-share-link-description av-no-toc '>Compartir esta noticia<\/h5><ul class='av-share-box-list noLightbox'><li class='av-share-link av-social-link-facebook' ><a target=\"_blank\" aria-label=\"Compartir en Facebook\" href='https:\/\/www.facebook.com\/sharer.php?u=https:\/\/radiorevelacionfm.cl\/?p=65768&#038;t=Seremi%20Andrea%20Ponce%20encabez%C3%B3%20primer%20Gabinete%20de%20Justicia%20y%20Proyectos' aria-hidden='false' data-av_icon='\ue8f3' data-av_iconfont='entypo-fontello' title='' data-avia-related-tooltip='Compartir en Facebook' rel=\"noopener\"><span class='avia_hidden_link_text'>Compartir en Facebook<\/span><\/a><\/li><li class='av-share-link av-social-link-twitter' ><a target=\"_blank\" aria-label=\"Compartir en Twitter\" href='https:\/\/twitter.com\/share?text=Seremi%20Andrea%20Ponce%20encabez%C3%B3%20primer%20Gabinete%20de%20Justicia%20y%20Proyectos&#038;url=https:\/\/radiorevelacionfm.cl\/?p=65768' aria-hidden='false' data-av_icon='\ue8f1' data-av_iconfont='entypo-fontello' title='' data-avia-related-tooltip='Compartir en Twitter' rel=\"noopener\"><span class='avia_hidden_link_text'>Compartir en Twitter<\/span><\/a><\/li><li class='av-share-link av-social-link-whatsapp' ><a target=\"_blank\" aria-label=\"Compartir en Whatsapp\" href='https:\/\/api.whatsapp.com\/send?text=https:\/\/radiorevelacionfm.cl\/?p=65768' aria-hidden='false' data-av_icon='\uf232' data-av_iconfont='entypo-fontello' title='' data-avia-related-tooltip='Compartir en Whatsapp' rel=\"noopener\"><span class='avia_hidden_link_text'>Compartir en Whatsapp<\/span><\/a><\/li><li class='av-share-link av-social-link-linkedin' ><a target=\"_blank\" aria-label=\"Compartir en LinkedIn\" href='https:\/\/linkedin.com\/shareArticle?mini=true&#038;title=Seremi%20Andrea%20Ponce%20encabez%C3%B3%20primer%20Gabinete%20de%20Justicia%20y%20Proyectos&#038;url=https:\/\/radiorevelacionfm.cl\/?p=65768' aria-hidden='false' data-av_icon='\ue8fc' data-av_iconfont='entypo-fontello' title='' data-avia-related-tooltip='Compartir en LinkedIn' rel=\"noopener\"><span class='avia_hidden_link_text'>Compartir en LinkedIn<\/span><\/a><\/li><li class='av-share-link av-social-link-mail' ><a  aria-label=\"Compartir por correo\" href='mailto:?subject=Seremi%20Andrea%20Ponce%20encabez%C3%B3%20primer%20Gabinete%20de%20Justicia%20y%20Proyectos&#038;body=https:\/\/radiorevelacionfm.cl\/?p=65768' aria-hidden='false' data-av_icon='\ue805' data-av_iconfont='entypo-fontello' title='' data-avia-related-tooltip='Compartir por correo'><span class='avia_hidden_link_text'>Compartir por correo<\/span><\/a><\/li><\/ul><\/div><\/div>\n<div  style='height:50px' class='hr hr-invisible   avia-builder-el-8  el_after_av_social_share  el_before_av_comments_list '><span class='hr-inner ' ><span class='hr-inner-style'><\/span><\/span><\/div>\n<div  class='av-buildercomment  av-blog-meta-html-info-disabled av-blog-meta-tag-disabled  '><\/div>\n","protected":false},"excerpt":{"rendered":"","protected":false},"author":1,"featured_media":65769,"comment_status":"closed","ping_status":"closed","sticky":false,"template":"","format":"standard","meta":{"footnotes":""},"categories":[55],"tags":[],"class_list":["post-65768","post","type-post","status-publish","format-standard","has-post-thumbnail","hentry","category-justicia"],"jetpack_featured_media_url":"https:\/\/radiorevelacionfm.cl\/wp-content\/uploads\/2026\/04\/gabinete-1-1_optimized-1.jpg","_links":{"self":[{"href":"https:\/\/radiorevelacionfm.cl\/index.php?rest_route=\/wp\/v2\/posts\/65768","targetHints":{"allow":["GET"]}}],"collection":[{"href":"https:\/\/radiorevelacionfm.cl\/index.php?rest_route=\/wp\/v2\/posts"}],"about":[{"href":"https:\/\/radiorevelacionfm.cl\/index.php?rest_route=\/wp\/v2\/types\/post"}],"author":[{"embeddable":true,"href":"https:\/\/radiorevelacionfm.cl\/index.php?rest_route=\/wp\/v2\/users\/1"}],"replies":[{"embeddable":true,"href":"https:\/\/radiorevelacionfm.cl\/index.php?rest_route=%2Fwp%2Fv2%2Fcomments&post=65768"}],"version-history":[{"count":2,"href":"https:\/\/radiorevelacionfm.cl\/index.php?rest_route=\/wp\/v2\/posts\/65768\/revisions"}],"predecessor-version":[{"id":65782,"href":"https:\/\/radiorevelacionfm.cl\/index.php?rest_route=\/wp\/v2\/posts\/65768\/revisions\/65782"}],"wp:featuredmedia":[{"embeddable":true,"href":"https:\/\/radiorevelacionfm.cl\/index.php?rest_route=\/wp\/v2\/media\/65769"}],"wp:attachment":[{"href":"https:\/\/radiorevelacionfm.cl\/index.php?rest_route=%2Fwp%2Fv2%2Fmedia&parent=65768"}],"wp:term":[{"taxonomy":"category","embeddable":true,"href":"https:\/\/radiorevelacionfm.cl\/index.php?rest_route=%2Fwp%2Fv2%2Fcategories&post=65768"},{"taxonomy":"post_tag","embeddable":true,"href":"https:\/\/radiorevelacionfm.cl\/index.php?rest_route=%2Fwp%2Fv2%2Ftags&post=65768"}],"curies":[{"name":"wp","href":"https:\/\/api.w.org\/{rel}","templated":true}]}}