{"id":65764,"date":"2026-04-07T15:11:35","date_gmt":"2026-04-07T18:11:35","guid":{"rendered":"https:\/\/radiorevelacionfm.cl\/?p=65764"},"modified":"2026-04-07T15:11:35","modified_gmt":"2026-04-07T18:11:35","slug":"mtt-detallo-avance-de-inscripcion-para-acceder-a-las-ayudas-dirigidas-al-rubro-del-transporte-a-nivel-nacional","status":"publish","type":"post","link":"https:\/\/radiorevelacionfm.cl\/?p=65764","title":{"rendered":"MTT detall\u00f3 avance de inscripci\u00f3n para acceder a las ayudas dirigidas al rubro del transporte a nivel nacional"},"content":{"rendered":"<div class=\"flex_column av_one_full  flex_column_div av-zero-column-padding first  avia-builder-el-0  el_before_av_one_full  avia-builder-el-first  \" style='border-radius:0px; '><div  class='avia-image-container  av-styling-    avia-builder-el-1  avia-builder-el-no-sibling  avia-align-center '  itemprop=\"image\" itemscope=\"itemscope\" itemtype=\"https:\/\/schema.org\/ImageObject\"  ><div class='avia-image-container-inner'><div class='avia-image-overlay-wrap'><img decoding=\"async\" class='wp-image-65765 avia-img-lazy-loading-not-65765 avia_image' src=\"https:\/\/radiorevelacionfm.cl\/wp-content\/uploads\/2026\/04\/copia-de-5d8a2244-copia_optimized.jpg\" alt='' title='copia-de-5d8a2244-copia_optimized' height=\"600\" width=\"900\"  itemprop=\"thumbnailUrl\" srcset=\"https:\/\/radiorevelacionfm.cl\/wp-content\/uploads\/2026\/04\/copia-de-5d8a2244-copia_optimized.jpg 900w, https:\/\/radiorevelacionfm.cl\/wp-content\/uploads\/2026\/04\/copia-de-5d8a2244-copia_optimized-300x200.jpg 300w, https:\/\/radiorevelacionfm.cl\/wp-content\/uploads\/2026\/04\/copia-de-5d8a2244-copia_optimized-768x512.jpg 768w, https:\/\/radiorevelacionfm.cl\/wp-content\/uploads\/2026\/04\/copia-de-5d8a2244-copia_optimized-705x470.jpg 705w, https:\/\/radiorevelacionfm.cl\/wp-content\/uploads\/2026\/04\/copia-de-5d8a2244-copia_optimized-450x300.jpg 450w, https:\/\/radiorevelacionfm.cl\/wp-content\/uploads\/2026\/04\/copia-de-5d8a2244-copia_optimized-600x400.jpg 600w\" sizes=\"(max-width: 900px) 100vw, 900px\" \/><\/div><\/div><\/div><\/div><div class=\"flex_column av_one_full  flex_column_div av-zero-column-padding first  avia-builder-el-2  el_after_av_one_full  el_before_av_one_full  column-top-margin\" style='border-radius:0px; '><section class=\"av_textblock_section \"  itemscope=\"itemscope\" itemtype=\"https:\/\/schema.org\/BlogPosting\" itemprop=\"blogPost\" ><div class='avia_textblock  '   itemprop=\"text\" ><p style=\"text-align: center;\"><strong><span style=\"font-size: 18pt;\">MTT detall\u00f3 avance de inscripci\u00f3n para acceder a las ayudas dirigidas al rubro del transporte a nivel nacional<\/span><\/strong><\/p>\n<div id=\"gtx-trans\" style=\"position: absolute; left: -50px; top: 4.31534px;\">\n<div class=\"gtx-trans-icon\"><\/div>\n<\/div>\n<\/div><\/section><\/div><div class=\"flex_column av_one_full  flex_column_div av-zero-column-padding first  avia-builder-el-4  el_after_av_one_full  el_before_av_hr  column-top-margin\" style='border-radius:0px; '><section class=\"av_textblock_section \"  itemscope=\"itemscope\" itemtype=\"https:\/\/schema.org\/BlogPosting\" itemprop=\"blogPost\" ><div class='avia_textblock  '   itemprop=\"text\" ><ul>\n<li style=\"text-align: justify;\"><em>Junto al congelamiento de tarifas en el transporte p\u00fablico, la cartera activ\u00f3 dos plataformas que permitir\u00e1n entregar compensaciones al transporte mayor en zonas reguladas y no reguladas, servicios de zonas aisladas, taxis, taxis colectivos y transporte escolar privado.<\/em><\/li>\n<li style=\"text-align: justify;\"><em>En los primeros d\u00edas, la cartera ya ha recibido 788 inscripciones para medidas de compensaci\u00f3n tarifaria en regiones y 117 mil solicitudes para acceder al bono de combustible de $100.000.<\/em><\/li>\n<\/ul>\n<div style=\"text-align: justify;\">\n<p>En el marco del Plan Chile Sale Adelante, el ministro de Transportes y Telecomunicaciones, Louis de Grange, detall\u00f3 el avance del proceso de inscripci\u00f3n a las ayudas que la cartera entregar\u00e1 para el rubro del transporte a nivel nacional para mitigar el alza de los combustibles. \u201cYa hemos recibido un total de 117 mil inscripciones, tanto de taxis b\u00e1sicos como taxis colectivos y transporte escolar. Esta cifra representa m\u00e1s del 90% de los potenciales beneficiados. En tanto, en el transporte p\u00fablico en regiones hemos recibido cerca de 800 postulaciones lo que representa una cifra bastante auspiciosa. Hacemos un llamado a quienes todav\u00eda no ingresan en el proceso a hacerlo a la brevedad posible\u201d destac\u00f3 el ministro Louis de Grange.<\/p>\n<p>En la instancia, la autoridad destac\u00f3 que esta respuesta refleja el compromiso que tiene el Gobierno del Presidente Jos\u00e9 Antonio Kast y la urgencia con la que se ha tramitado la ayuda para los sectores m\u00e1s golpeados por el complejo escenario internacional. \u201cEste desaf\u00edo ameritaba sentido de urgencia y un fuerte compromiso que hemos cumplido con los sectores m\u00e1s afectados por esta contingencia, por eso en tiempo record habilitamos esta plataforma de inscripci\u00f3n. Vemos con optimismo el trabajo realizado, porque sabemos que es una situaci\u00f3n que nos afecta no solo como pa\u00eds, es una situaci\u00f3n que nos afecta a nivel global. Desde el Gobierno estamos haciendo todos los esfuerzos para que esta inyecci\u00f3n espec\u00edfica de recursos que busca proteger al transporte p\u00fablico, a las personas de clase media, que m\u00e1s usan los servicios tanto en Santiago como en regiones, y aquellos modos de transporte que m\u00e1s afectados se ven por la crisis internacional del petr\u00f3leo, logren mitigar la crisis\u201d agreg\u00f3 el secretario de Estado.<\/p>\n<p>En el sitio web del Ministerio de Transportes y Telecomunicaciones se habilit\u00f3 el link (<a href=\"https:\/\/mtt.gob.cl\/planchilesaleadelante\">https:\/\/mtt.gob.cl\/planchilesaleadelante<\/a>) que permite a los transportistas iniciar los procesos de inscripci\u00f3n para acceder a los beneficios. De esta forma, en el caso de los servicios de transporte mayor (regulados y no regulados) y servicios de zonas aisladas y conectividad, habr\u00e1 una f\u00f3rmula de compensaci\u00f3n que les permitir\u00e1 acceder a la ayuda.<\/p>\n<p>Los beneficios que se entregar\u00e1n a este segmento ser\u00e1n montos diferenciados por zona, al igual la transferencia de recursos a los distintos operadores por subsidios de tarifas escolares y adulto mayor.<\/p>\n<p>Para el caso de taxis, taxis colectivos (incluidos los servicios Arica-Tacna) y transporte escolar privado, se entregar\u00e1 un subsidio exclusivo para la compra de combustible de $100 mil mensuales durante seis meses o hasta el mes que el precio promedio del barril de petr\u00f3leo Brent alcance un valor de US$80 por barril. En tanto, el subsecretario de Transportes, Mart\u00edn Mackenna afirm\u00f3 que \u201creforzar que la postulaci\u00f3n est\u00e1 disponible desde el 1 de abril en el sitio web de la cartera, junto con detallar que para quienes se inscriban hasta el 7 de abril, los recursos estar\u00e1n disponibles el 15 de abril, en tanto quienes lo hagan entre el 8 y el 22 de abril, se dispondr\u00e1 el pago para el 30 de abril. Finalmente, para los que se registren desde el 23 de abril en adelante, recibir\u00e1n los recursos en mayo\u201d.<\/p>\n<p>La ayuda que ser\u00e1 entregada reconoce el valioso aporte a la conectividad que representan este tipo de servicios en las zonas rurales del pa\u00eds acercando oportunidades y servicios a las ciudadan\u00eda.<\/p>\n<\/div>\n<\/div><\/section><\/div><div  style='height:50px' class='hr hr-invisible   avia-builder-el-6  el_after_av_one_full  el_before_av_social_share '><span class='hr-inner ' ><span class='hr-inner-style'><\/span><\/span><\/div><\/p>\n<div  class='av-social-sharing-box  avia-builder-el-7  el_after_av_hr  el_before_av_hr  '><div class='av-share-box'><h5 class='av-share-link-description av-no-toc '>Compartir esta noticia<\/h5><ul class='av-share-box-list noLightbox'><li class='av-share-link av-social-link-facebook' ><a target=\"_blank\" aria-label=\"Compartir en Facebook\" href='https:\/\/www.facebook.com\/sharer.php?u=https:\/\/radiorevelacionfm.cl\/?p=65764&#038;t=MTT%20detall%C3%B3%20avance%20de%20inscripci%C3%B3n%20para%20acceder%20a%20las%20ayudas%20dirigidas%20al%20rubro%20del%20transporte%20a%20nivel%20nacional' aria-hidden='false' data-av_icon='\ue8f3' data-av_iconfont='entypo-fontello' title='' data-avia-related-tooltip='Compartir en Facebook' rel=\"noopener\"><span class='avia_hidden_link_text'>Compartir en Facebook<\/span><\/a><\/li><li class='av-share-link av-social-link-twitter' ><a target=\"_blank\" aria-label=\"Compartir en Twitter\" href='https:\/\/twitter.com\/share?text=MTT%20detall%C3%B3%20avance%20de%20inscripci%C3%B3n%20para%20acceder%20a%20las%20ayudas%20dirigidas%20al%20rubro%20del%20transporte%20a%20nivel%20nacional&#038;url=https:\/\/radiorevelacionfm.cl\/?p=65764' aria-hidden='false' data-av_icon='\ue8f1' data-av_iconfont='entypo-fontello' title='' data-avia-related-tooltip='Compartir en Twitter' rel=\"noopener\"><span class='avia_hidden_link_text'>Compartir en Twitter<\/span><\/a><\/li><li class='av-share-link av-social-link-whatsapp' ><a target=\"_blank\" aria-label=\"Compartir en Whatsapp\" href='https:\/\/api.whatsapp.com\/send?text=https:\/\/radiorevelacionfm.cl\/?p=65764' aria-hidden='false' data-av_icon='\uf232' data-av_iconfont='entypo-fontello' title='' data-avia-related-tooltip='Compartir en Whatsapp' rel=\"noopener\"><span class='avia_hidden_link_text'>Compartir en Whatsapp<\/span><\/a><\/li><li class='av-share-link av-social-link-linkedin' ><a target=\"_blank\" aria-label=\"Compartir en LinkedIn\" href='https:\/\/linkedin.com\/shareArticle?mini=true&#038;title=MTT%20detall%C3%B3%20avance%20de%20inscripci%C3%B3n%20para%20acceder%20a%20las%20ayudas%20dirigidas%20al%20rubro%20del%20transporte%20a%20nivel%20nacional&#038;url=https:\/\/radiorevelacionfm.cl\/?p=65764' aria-hidden='false' data-av_icon='\ue8fc' data-av_iconfont='entypo-fontello' title='' data-avia-related-tooltip='Compartir en LinkedIn' rel=\"noopener\"><span class='avia_hidden_link_text'>Compartir en LinkedIn<\/span><\/a><\/li><li class='av-share-link av-social-link-mail' ><a  aria-label=\"Compartir por correo\" href='mailto:?subject=MTT%20detall%C3%B3%20avance%20de%20inscripci%C3%B3n%20para%20acceder%20a%20las%20ayudas%20dirigidas%20al%20rubro%20del%20transporte%20a%20nivel%20nacional&#038;body=https:\/\/radiorevelacionfm.cl\/?p=65764' aria-hidden='false' data-av_icon='\ue805' data-av_iconfont='entypo-fontello' title='' data-avia-related-tooltip='Compartir por correo'><span class='avia_hidden_link_text'>Compartir por correo<\/span><\/a><\/li><\/ul><\/div><\/div>\n<div  style='height:50px' class='hr hr-invisible   avia-builder-el-8  el_after_av_social_share  el_before_av_comments_list '><span class='hr-inner ' ><span class='hr-inner-style'><\/span><\/span><\/div>\n<div  class='av-buildercomment  av-blog-meta-html-info-disabled av-blog-meta-tag-disabled  '><\/div>\n","protected":false},"excerpt":{"rendered":"","protected":false},"author":1,"featured_media":65765,"comment_status":"closed","ping_status":"closed","sticky":false,"template":"","format":"standard","meta":{"footnotes":""},"categories":[59],"tags":[],"class_list":["post-65764","post","type-post","status-publish","format-standard","has-post-thumbnail","hentry","category-transporte"],"jetpack_featured_media_url":"https:\/\/radiorevelacionfm.cl\/wp-content\/uploads\/2026\/04\/copia-de-5d8a2244-copia_optimized.jpg","_links":{"self":[{"href":"https:\/\/radiorevelacionfm.cl\/index.php?rest_route=\/wp\/v2\/posts\/65764","targetHints":{"allow":["GET"]}}],"collection":[{"href":"https:\/\/radiorevelacionfm.cl\/index.php?rest_route=\/wp\/v2\/posts"}],"about":[{"href":"https:\/\/radiorevelacionfm.cl\/index.php?rest_route=\/wp\/v2\/types\/post"}],"author":[{"embeddable":true,"href":"https:\/\/radiorevelacionfm.cl\/index.php?rest_route=\/wp\/v2\/users\/1"}],"replies":[{"embeddable":true,"href":"https:\/\/radiorevelacionfm.cl\/index.php?rest_route=%2Fwp%2Fv2%2Fcomments&post=65764"}],"version-history":[{"count":2,"href":"https:\/\/radiorevelacionfm.cl\/index.php?rest_route=\/wp\/v2\/posts\/65764\/revisions"}],"predecessor-version":[{"id":65792,"href":"https:\/\/radiorevelacionfm.cl\/index.php?rest_route=\/wp\/v2\/posts\/65764\/revisions\/65792"}],"wp:featuredmedia":[{"embeddable":true,"href":"https:\/\/radiorevelacionfm.cl\/index.php?rest_route=\/wp\/v2\/media\/65765"}],"wp:attachment":[{"href":"https:\/\/radiorevelacionfm.cl\/index.php?rest_route=%2Fwp%2Fv2%2Fmedia&parent=65764"}],"wp:term":[{"taxonomy":"category","embeddable":true,"href":"https:\/\/radiorevelacionfm.cl\/index.php?rest_route=%2Fwp%2Fv2%2Fcategories&post=65764"},{"taxonomy":"post_tag","embeddable":true,"href":"https:\/\/radiorevelacionfm.cl\/index.php?rest_route=%2Fwp%2Fv2%2Ftags&post=65764"}],"curies":[{"name":"wp","href":"https:\/\/api.w.org\/{rel}","templated":true}]}}