{"id":65719,"date":"2026-04-02T18:42:50","date_gmt":"2026-04-02T21:42:50","guid":{"rendered":"https:\/\/radiorevelacionfm.cl\/?p=65719"},"modified":"2026-04-02T18:42:50","modified_gmt":"2026-04-02T21:42:50","slug":"comunidades-locales-de-la-patagonia-crean-guias-de-campo-para-proteger-sus-parques-nacionales","status":"publish","type":"post","link":"https:\/\/radiorevelacionfm.cl\/?p=65719","title":{"rendered":"Comunidades locales de la Patagonia crean gu\u00edas de campo para proteger sus parques nacionales"},"content":{"rendered":"<div class=\"flex_column av_one_full  flex_column_div av-zero-column-padding first  avia-builder-el-0  el_before_av_one_full  avia-builder-el-first  \" style='border-radius:0px; '><div  class='avia-image-container  av-styling-    avia-builder-el-1  avia-builder-el-no-sibling  avia-align-center '  itemprop=\"image\" itemscope=\"itemscope\" itemtype=\"https:\/\/schema.org\/ImageObject\"  ><div class='avia-image-container-inner'><div class='avia-image-overlay-wrap'><img decoding=\"async\" class='wp-image-65720 avia-img-lazy-loading-not-65720 avia_image' src=\"https:\/\/radiorevelacionfm.cl\/wp-content\/uploads\/2026\/04\/kurt-ruiz-aniversario-pumalin-pnpdt-mar2026-155-1-1_optimized.jpg\" alt='' title='kurt-ruiz-aniversario-pumalin-pnpdt-mar2026-155-(1)-(1)_optimized' height=\"600\" width=\"1067\"  itemprop=\"thumbnailUrl\" srcset=\"https:\/\/radiorevelacionfm.cl\/wp-content\/uploads\/2026\/04\/kurt-ruiz-aniversario-pumalin-pnpdt-mar2026-155-1-1_optimized.jpg 1067w, https:\/\/radiorevelacionfm.cl\/wp-content\/uploads\/2026\/04\/kurt-ruiz-aniversario-pumalin-pnpdt-mar2026-155-1-1_optimized-300x169.jpg 300w, https:\/\/radiorevelacionfm.cl\/wp-content\/uploads\/2026\/04\/kurt-ruiz-aniversario-pumalin-pnpdt-mar2026-155-1-1_optimized-1030x579.jpg 1030w, https:\/\/radiorevelacionfm.cl\/wp-content\/uploads\/2026\/04\/kurt-ruiz-aniversario-pumalin-pnpdt-mar2026-155-1-1_optimized-768x432.jpg 768w, https:\/\/radiorevelacionfm.cl\/wp-content\/uploads\/2026\/04\/kurt-ruiz-aniversario-pumalin-pnpdt-mar2026-155-1-1_optimized-705x396.jpg 705w, https:\/\/radiorevelacionfm.cl\/wp-content\/uploads\/2026\/04\/kurt-ruiz-aniversario-pumalin-pnpdt-mar2026-155-1-1_optimized-450x253.jpg 450w, https:\/\/radiorevelacionfm.cl\/wp-content\/uploads\/2026\/04\/kurt-ruiz-aniversario-pumalin-pnpdt-mar2026-155-1-1_optimized-600x337.jpg 600w\" sizes=\"(max-width: 1067px) 100vw, 1067px\" \/><\/div><\/div><\/div><\/div><div class=\"flex_column av_one_full  flex_column_div av-zero-column-padding first  avia-builder-el-2  el_after_av_one_full  el_before_av_one_full  column-top-margin\" style='border-radius:0px; '><section class=\"av_textblock_section \"  itemscope=\"itemscope\" itemtype=\"https:\/\/schema.org\/BlogPosting\" itemprop=\"blogPost\" ><div class='avia_textblock  '   itemprop=\"text\" ><p style=\"text-align: center;\"><strong><span style=\"font-size: 18pt;\">Comunidades locales de la Patagonia crean gu\u00edas de campo para proteger sus parques nacionales<\/span><\/strong><\/p>\n<div id=\"gtx-trans\" style=\"position: absolute; left: -50px; top: 4.31534px;\">\n<div class=\"gtx-trans-icon\"><\/div>\n<\/div>\n<\/div><\/section><\/div><div class=\"flex_column av_one_full  flex_column_div av-zero-column-padding first  avia-builder-el-4  el_after_av_one_full  el_before_av_hr  column-top-margin\" style='border-radius:0px; '><section class=\"av_textblock_section \"  itemscope=\"itemscope\" itemtype=\"https:\/\/schema.org\/BlogPosting\" itemprop=\"blogPost\" ><div class='avia_textblock  '   itemprop=\"text\" ><p style=\"text-align: justify;\"><em>Con la iniciativa se busca no solo educar, sino tambi\u00e9n relevar el rol de las comunidades en la protecci\u00f3n de la biodiversidad local.<\/em><\/p>\n<p style=\"text-align: justify;\">Vecinos y vecinas de Chait\u00e9n, Villa Cerro Castillo y Chile Chico crearon gu\u00edas de campo comunitarias que rescatan el conocimiento local y promueven la conservaci\u00f3n de los ecosistemas cercanos a los parques nacionales Pumal\u00edn Douglas Tompkins, Cerro Castillo y Patagonia.<\/p>\n<p style=\"text-align: justify;\">La iniciativa, impulsada por el programa Amigos de los Parques de Fundaci\u00f3n Rewilding Chile junto a Fundaci\u00f3n Chilco y CONAF, combina ciencia, arte y saberes territoriales. A trav\u00e9s de talleres y actividades en terreno, las comunidades no s\u00f3lo identificaron especies, sino que tambi\u00e9n registraron las relaciones entre ellas, generando una mirada m\u00e1s integral de la naturaleza.<\/p>\n<p style=\"text-align: justify;\">\u201cA diferencia de las gu\u00edas tradicionales, buscamos que este material represente tambi\u00e9n a quienes habitan estos territorios. Eso fortalece el sentido de pertenencia y el cuidado del entorno\u201d, se\u00f1ala Josefina Hepp, directora ejecutiva de Fundaci\u00f3n Chilco.<\/p>\n<p style=\"text-align: justify;\">En la misma l\u00ednea, Carolina Cerda, directora del programa de Vinculaci\u00f3n Comunitaria de Fundaci\u00f3n Rewilding Chile, destaca: \u201cEstas iniciativas permiten integrar el conocimiento local y fomentar una valoraci\u00f3n m\u00e1s profunda de los ecosistemas, clave para su conservaci\u00f3n\u201d.<\/p>\n<p style=\"text-align: justify;\">Para quienes participan, el proceso tambi\u00e9n transforma la manera de mirar el entorno.\u00a0 \u201cHa sido muy gratificante. Muchas veces recorremos los senderos sin darnos cuenta de la cantidad de especies que nos rodean\u201d, comenta Nikza Ortiz, vecina de Chait\u00e9n.<\/p>\n<p style=\"text-align: justify;\">Este proyecto busca no solo educar, sino tambi\u00e9n valorar el rol de las comunidades en la protecci\u00f3n de la biodiversidad local<strong>.<\/strong><\/p>\n<p style=\"text-align: justify;\"><strong>\u00bfD\u00f3nde encontrarlas?<\/strong><\/p>\n<p style=\"text-align: justify;\">Este material did\u00e1ctico ha sido entregado en diversos puntos clave de las localidades de Chait\u00e9n, Villa Cerro Castillo y Chile Chico, como bibliotecas, escuelas y juntas de vecinos para uso gratuito de la comunidad . Adem\u00e1s, se encuentran disponibles en diferentes accesos de los parques nacionales, las que podr\u00e1n ser utilizadas por los visitantes mediante pr\u00e9stamo.<\/p>\n<p style=\"text-align: justify;\">Las versiones digitales est\u00e1n disponibles para libre descarga en la web de fundaci\u00f3n Rewilding Chile (<a href=\"https:\/\/www.rewildingchile.org\/descargas\/\">https:\/\/www.rewildingchile.org\/descargas\/<\/a>)<\/p>\n<\/div><\/section><\/div><div  style='height:50px' class='hr hr-invisible   avia-builder-el-6  el_after_av_one_full  el_before_av_social_share '><span class='hr-inner ' ><span class='hr-inner-style'><\/span><\/span><\/div><\/p>\n<div  class='av-social-sharing-box  avia-builder-el-7  el_after_av_hr  el_before_av_hr  '><div class='av-share-box'><h5 class='av-share-link-description av-no-toc '>Compartir esta noticia<\/h5><ul class='av-share-box-list noLightbox'><li class='av-share-link av-social-link-facebook' ><a target=\"_blank\" aria-label=\"Compartir en Facebook\" href='https:\/\/www.facebook.com\/sharer.php?u=https:\/\/radiorevelacionfm.cl\/?p=65719&#038;t=Comunidades%20locales%20de%20la%20Patagonia%20crean%20gu%C3%ADas%20de%20campo%20para%20proteger%20sus%20parques%20nacionales' aria-hidden='false' data-av_icon='\ue8f3' data-av_iconfont='entypo-fontello' title='' data-avia-related-tooltip='Compartir en Facebook' rel=\"noopener\"><span class='avia_hidden_link_text'>Compartir en Facebook<\/span><\/a><\/li><li class='av-share-link av-social-link-twitter' ><a target=\"_blank\" aria-label=\"Compartir en Twitter\" href='https:\/\/twitter.com\/share?text=Comunidades%20locales%20de%20la%20Patagonia%20crean%20gu%C3%ADas%20de%20campo%20para%20proteger%20sus%20parques%20nacionales&#038;url=https:\/\/radiorevelacionfm.cl\/?p=65719' aria-hidden='false' data-av_icon='\ue8f1' data-av_iconfont='entypo-fontello' title='' data-avia-related-tooltip='Compartir en Twitter' rel=\"noopener\"><span class='avia_hidden_link_text'>Compartir en Twitter<\/span><\/a><\/li><li class='av-share-link av-social-link-whatsapp' ><a target=\"_blank\" aria-label=\"Compartir en Whatsapp\" href='https:\/\/api.whatsapp.com\/send?text=https:\/\/radiorevelacionfm.cl\/?p=65719' aria-hidden='false' data-av_icon='\uf232' data-av_iconfont='entypo-fontello' title='' data-avia-related-tooltip='Compartir en Whatsapp' rel=\"noopener\"><span class='avia_hidden_link_text'>Compartir en Whatsapp<\/span><\/a><\/li><li class='av-share-link av-social-link-linkedin' ><a target=\"_blank\" aria-label=\"Compartir en LinkedIn\" href='https:\/\/linkedin.com\/shareArticle?mini=true&#038;title=Comunidades%20locales%20de%20la%20Patagonia%20crean%20gu%C3%ADas%20de%20campo%20para%20proteger%20sus%20parques%20nacionales&#038;url=https:\/\/radiorevelacionfm.cl\/?p=65719' aria-hidden='false' data-av_icon='\ue8fc' data-av_iconfont='entypo-fontello' title='' data-avia-related-tooltip='Compartir en LinkedIn' rel=\"noopener\"><span class='avia_hidden_link_text'>Compartir en LinkedIn<\/span><\/a><\/li><li class='av-share-link av-social-link-mail' ><a  aria-label=\"Compartir por correo\" href='mailto:?subject=Comunidades%20locales%20de%20la%20Patagonia%20crean%20gu%C3%ADas%20de%20campo%20para%20proteger%20sus%20parques%20nacionales&#038;body=https:\/\/radiorevelacionfm.cl\/?p=65719' aria-hidden='false' data-av_icon='\ue805' data-av_iconfont='entypo-fontello' title='' data-avia-related-tooltip='Compartir por correo'><span class='avia_hidden_link_text'>Compartir por correo<\/span><\/a><\/li><\/ul><\/div><\/div>\n<div  style='height:50px' class='hr hr-invisible   avia-builder-el-8  el_after_av_social_share  el_before_av_comments_list '><span class='hr-inner ' ><span class='hr-inner-style'><\/span><\/span><\/div>\n<div  class='av-buildercomment  av-blog-meta-html-info-disabled av-blog-meta-tag-disabled  '><\/div>\n","protected":false},"excerpt":{"rendered":"","protected":false},"author":1,"featured_media":65720,"comment_status":"closed","ping_status":"closed","sticky":false,"template":"","format":"standard","meta":{"footnotes":""},"categories":[38],"tags":[],"class_list":["post-65719","post","type-post","status-publish","format-standard","has-post-thumbnail","hentry","category-regional"],"jetpack_featured_media_url":"https:\/\/radiorevelacionfm.cl\/wp-content\/uploads\/2026\/04\/kurt-ruiz-aniversario-pumalin-pnpdt-mar2026-155-1-1_optimized.jpg","_links":{"self":[{"href":"https:\/\/radiorevelacionfm.cl\/index.php?rest_route=\/wp\/v2\/posts\/65719","targetHints":{"allow":["GET"]}}],"collection":[{"href":"https:\/\/radiorevelacionfm.cl\/index.php?rest_route=\/wp\/v2\/posts"}],"about":[{"href":"https:\/\/radiorevelacionfm.cl\/index.php?rest_route=\/wp\/v2\/types\/post"}],"author":[{"embeddable":true,"href":"https:\/\/radiorevelacionfm.cl\/index.php?rest_route=\/wp\/v2\/users\/1"}],"replies":[{"embeddable":true,"href":"https:\/\/radiorevelacionfm.cl\/index.php?rest_route=%2Fwp%2Fv2%2Fcomments&post=65719"}],"version-history":[{"count":2,"href":"https:\/\/radiorevelacionfm.cl\/index.php?rest_route=\/wp\/v2\/posts\/65719\/revisions"}],"predecessor-version":[{"id":65722,"href":"https:\/\/radiorevelacionfm.cl\/index.php?rest_route=\/wp\/v2\/posts\/65719\/revisions\/65722"}],"wp:featuredmedia":[{"embeddable":true,"href":"https:\/\/radiorevelacionfm.cl\/index.php?rest_route=\/wp\/v2\/media\/65720"}],"wp:attachment":[{"href":"https:\/\/radiorevelacionfm.cl\/index.php?rest_route=%2Fwp%2Fv2%2Fmedia&parent=65719"}],"wp:term":[{"taxonomy":"category","embeddable":true,"href":"https:\/\/radiorevelacionfm.cl\/index.php?rest_route=%2Fwp%2Fv2%2Fcategories&post=65719"},{"taxonomy":"post_tag","embeddable":true,"href":"https:\/\/radiorevelacionfm.cl\/index.php?rest_route=%2Fwp%2Fv2%2Ftags&post=65719"}],"curies":[{"name":"wp","href":"https:\/\/api.w.org\/{rel}","templated":true}]}}