{"id":6569,"date":"2021-07-22T19:14:57","date_gmt":"2021-07-22T22:14:57","guid":{"rendered":"https:\/\/radiorevelacionfm.cl\/?p=6569"},"modified":"2021-07-22T19:14:57","modified_gmt":"2021-07-22T22:14:57","slug":"autoridades-afirman-que-en-la-region-de-aysen-existe-stock-de-vacunas-suficiente","status":"publish","type":"post","link":"https:\/\/radiorevelacionfm.cl\/?p=6569","title":{"rendered":"Autoridades afirman que en la regi\u00f3n de Ays\u00e9n existe stock de vacunas suficiente"},"content":{"rendered":"<div class=\"flex_column av_one_full  flex_column_div av-zero-column-padding first  avia-builder-el-0  el_before_av_one_full  avia-builder-el-first  \" style='border-radius:0px; '><div  class='avia-image-container  av-styling-    avia-builder-el-1  avia-builder-el-no-sibling  avia-align-center '  itemprop=\"image\" itemscope=\"itemscope\" itemtype=\"https:\/\/schema.org\/ImageObject\"  ><div class='avia-image-container-inner'><div class='avia-image-overlay-wrap'><img decoding=\"async\" class='wp-image-6570 avia-img-lazy-loading-not-6570 avia_image' src=\"https:\/\/radiorevelacionfm.cl\/wp-content\/uploads\/2021\/07\/Vacunas-2021-07-22-1.jpeg\" alt='' title='Vacunas 2021-07-22 (1)' height=\"600\" width=\"900\"  itemprop=\"thumbnailUrl\" srcset=\"https:\/\/radiorevelacionfm.cl\/wp-content\/uploads\/2021\/07\/Vacunas-2021-07-22-1.jpeg 900w, https:\/\/radiorevelacionfm.cl\/wp-content\/uploads\/2021\/07\/Vacunas-2021-07-22-1-300x200.jpeg 300w, https:\/\/radiorevelacionfm.cl\/wp-content\/uploads\/2021\/07\/Vacunas-2021-07-22-1-768x512.jpeg 768w, https:\/\/radiorevelacionfm.cl\/wp-content\/uploads\/2021\/07\/Vacunas-2021-07-22-1-705x470.jpeg 705w, https:\/\/radiorevelacionfm.cl\/wp-content\/uploads\/2021\/07\/Vacunas-2021-07-22-1-600x400.jpeg 600w\" sizes=\"(max-width: 900px) 100vw, 900px\" \/><\/div><\/div><\/div><\/div><div class=\"flex_column av_one_full  flex_column_div av-zero-column-padding first  avia-builder-el-2  el_after_av_one_full  el_before_av_one_full  column-top-margin\" style='border-radius:0px; '><section class=\"av_textblock_section \"  itemscope=\"itemscope\" itemtype=\"https:\/\/schema.org\/BlogPosting\" itemprop=\"blogPost\" ><div class='avia_textblock  '   itemprop=\"text\" ><p style=\"text-align: center;\"><strong><span style=\"font-size: 18pt;\">Autoridades afirman que en la regi\u00f3n de Ays\u00e9n existe stock de vacunas suficiente <\/span><\/strong><\/p>\n<div id=\"gtx-trans\" style=\"position: absolute; left: -50px; top: 4.31534px;\">\n<div class=\"gtx-trans-icon\"><\/div>\n<\/div>\n<\/div><\/section><\/div><div class=\"flex_column av_one_full  flex_column_div av-zero-column-padding first  avia-builder-el-4  el_after_av_one_full  el_before_av_hr  column-top-margin\" style='border-radius:0px; '><section class=\"av_textblock_section \"  itemscope=\"itemscope\" itemtype=\"https:\/\/schema.org\/BlogPosting\" itemprop=\"blogPost\" ><div class='avia_textblock  '   itemprop=\"text\" ><p style=\"text-align: justify;\">Ante la alerta levantada en regiones del norte del pa\u00eds por falta de vacunas, en la regi\u00f3n de Ays\u00e9n la situaci\u00f3n es distinta ya que de acuerdo a los antecedentes del MINSAL y del Servicio de Salud en el territorio existen disponibles vacunas de los laboratorios Pfizer, CanSino y Sinovac.<\/p>\n<p style=\"text-align: justify;\">Sobre esta situaci\u00f3n la Delegada Presidencial Regional Margarita Ossa Rojas explic\u00f3 que \u201ca la fecha tenemos poco m\u00e1s de 6 mil dosis en stock, vacunas que deber\u00edamos administrar durante lo que queda de semana a la espera de que la pr\u00f3xima llegue una nueva remesa y as\u00ed continuar con nuestro exitoso proceso de vacunaci\u00f3n el cual supera el 90% en nuestra poblaci\u00f3n objetivo de 80 mil personas y que creemos ha sido fundamental para ir bajando las cifras de contagios por Covid-19 estas \u00faltimas 4 semanas\u201d, dijo.<\/p>\n<p style=\"text-align: justify;\">En esa misma l\u00ednea la autoridad precis\u00f3 que \u201cen nuestra regi\u00f3n la salud es dependiente del Estado y hemos tenido una muy buena coordinaci\u00f3n entre las postas y hospitales; trabajo que han reforzado en terreno la seremi y el servicio de salud, saliendo a buscar a las personas rezagadas y as\u00ed cumplir con esta campa\u00f1a impulsada por el gobierno del Presidente Sebasti\u00e1n Pi\u00f1era\u201d.<\/p>\n<p style=\"text-align: justify;\">La ratificaci\u00f3n de que existe stock de vacunas en la regi\u00f3n tambi\u00e9n fue reafirmada por el director del Servicio de Salud, Gabriel Burgos, quien al respecto se\u00f1al\u00f3 que \u201cnos interesa establecer que, todos los establecimientos de la Red Asistencial est\u00e1n abastecidos de vacunas contra el Covid19 (Sinovac, Pfizer y Cansino) en cantidad suficiente para cubrir las vacunaciones de esta y de la pr\u00f3xima semana\u201d.<\/p>\n<p style=\"text-align: justify;\">Desde el mismo servicio explicaron que ya est\u00e1 proyectada la recepci\u00f3n de 5.850 dosis de vacunas Pfizer a contar del 28 de julio aproximadamente, para comenzar a completar los esquemas de vacunaci\u00f3n en nuestra poblaci\u00f3n regional.<\/p>\n<p style=\"text-align: justify;\">Cabe mencionar que la campa\u00f1a contempla una poblaci\u00f3n objetivo de 80.150 personas para ser inoculadas. En primeras dosis, tenemos un 95,62% y con esquema completo, un 91,39% al 21 de julio.<\/p>\n<\/div><\/section><\/div><div  style='height:50px' class='hr hr-invisible   avia-builder-el-6  el_after_av_one_full  el_before_av_social_share '><span class='hr-inner ' ><span class='hr-inner-style'><\/span><\/span><\/div><\/p>\n<div  class='av-social-sharing-box  avia-builder-el-7  el_after_av_hr  el_before_av_hr  '><div class='av-share-box'><h5 class='av-share-link-description av-no-toc '>Compartir esta noticia<\/h5><ul class='av-share-box-list noLightbox'><li class='av-share-link av-social-link-facebook' ><a target=\"_blank\" aria-label=\"Compartir en Facebook\" href='https:\/\/www.facebook.com\/sharer.php?u=https:\/\/radiorevelacionfm.cl\/?p=6569&#038;t=Autoridades%20afirman%20que%20en%20la%20regi%C3%B3n%20de%20Ays%C3%A9n%20existe%20stock%20de%20vacunas%20suficiente' aria-hidden='false' data-av_icon='\ue8f3' data-av_iconfont='entypo-fontello' title='' data-avia-related-tooltip='Compartir en Facebook' rel=\"noopener\"><span class='avia_hidden_link_text'>Compartir en Facebook<\/span><\/a><\/li><li class='av-share-link av-social-link-twitter' ><a target=\"_blank\" aria-label=\"Compartir en Twitter\" href='https:\/\/twitter.com\/share?text=Autoridades%20afirman%20que%20en%20la%20regi%C3%B3n%20de%20Ays%C3%A9n%20existe%20stock%20de%20vacunas%20suficiente&#038;url=https:\/\/radiorevelacionfm.cl\/?p=6569' aria-hidden='false' data-av_icon='\ue8f1' data-av_iconfont='entypo-fontello' title='' data-avia-related-tooltip='Compartir en Twitter' rel=\"noopener\"><span class='avia_hidden_link_text'>Compartir en Twitter<\/span><\/a><\/li><li class='av-share-link av-social-link-whatsapp' ><a target=\"_blank\" aria-label=\"Compartir en Whatsapp\" href='https:\/\/api.whatsapp.com\/send?text=https:\/\/radiorevelacionfm.cl\/?p=6569' aria-hidden='false' data-av_icon='\uf232' data-av_iconfont='entypo-fontello' title='' data-avia-related-tooltip='Compartir en Whatsapp' rel=\"noopener\"><span class='avia_hidden_link_text'>Compartir en Whatsapp<\/span><\/a><\/li><li class='av-share-link av-social-link-linkedin' ><a target=\"_blank\" aria-label=\"Compartir en LinkedIn\" href='https:\/\/linkedin.com\/shareArticle?mini=true&#038;title=Autoridades%20afirman%20que%20en%20la%20regi%C3%B3n%20de%20Ays%C3%A9n%20existe%20stock%20de%20vacunas%20suficiente&#038;url=https:\/\/radiorevelacionfm.cl\/?p=6569' aria-hidden='false' data-av_icon='\ue8fc' data-av_iconfont='entypo-fontello' title='' data-avia-related-tooltip='Compartir en LinkedIn' rel=\"noopener\"><span class='avia_hidden_link_text'>Compartir en LinkedIn<\/span><\/a><\/li><li class='av-share-link av-social-link-mail' ><a  aria-label=\"Compartir por correo\" href='mailto:?subject=Autoridades%20afirman%20que%20en%20la%20regi%C3%B3n%20de%20Ays%C3%A9n%20existe%20stock%20de%20vacunas%20suficiente&#038;body=https:\/\/radiorevelacionfm.cl\/?p=6569' aria-hidden='false' data-av_icon='\ue805' data-av_iconfont='entypo-fontello' title='' data-avia-related-tooltip='Compartir por correo'><span class='avia_hidden_link_text'>Compartir por correo<\/span><\/a><\/li><\/ul><\/div><\/div>\n<div  style='height:50px' class='hr hr-invisible   avia-builder-el-8  el_after_av_social_share  el_before_av_comments_list '><span class='hr-inner ' ><span class='hr-inner-style'><\/span><\/span><\/div>\n<div  class='av-buildercomment  av-blog-meta-html-info-disabled av-blog-meta-tag-disabled  '><\/div>\n","protected":false},"excerpt":{"rendered":"","protected":false},"author":1,"featured_media":6570,"comment_status":"open","ping_status":"open","sticky":false,"template":"","format":"standard","meta":{"footnotes":""},"categories":[46],"tags":[],"class_list":["post-6569","post","type-post","status-publish","format-standard","has-post-thumbnail","hentry","category-salud"],"jetpack_featured_media_url":"https:\/\/radiorevelacionfm.cl\/wp-content\/uploads\/2021\/07\/Vacunas-2021-07-22-1.jpeg","_links":{"self":[{"href":"https:\/\/radiorevelacionfm.cl\/index.php?rest_route=\/wp\/v2\/posts\/6569","targetHints":{"allow":["GET"]}}],"collection":[{"href":"https:\/\/radiorevelacionfm.cl\/index.php?rest_route=\/wp\/v2\/posts"}],"about":[{"href":"https:\/\/radiorevelacionfm.cl\/index.php?rest_route=\/wp\/v2\/types\/post"}],"author":[{"embeddable":true,"href":"https:\/\/radiorevelacionfm.cl\/index.php?rest_route=\/wp\/v2\/users\/1"}],"replies":[{"embeddable":true,"href":"https:\/\/radiorevelacionfm.cl\/index.php?rest_route=%2Fwp%2Fv2%2Fcomments&post=6569"}],"version-history":[{"count":1,"href":"https:\/\/radiorevelacionfm.cl\/index.php?rest_route=\/wp\/v2\/posts\/6569\/revisions"}],"predecessor-version":[{"id":6571,"href":"https:\/\/radiorevelacionfm.cl\/index.php?rest_route=\/wp\/v2\/posts\/6569\/revisions\/6571"}],"wp:featuredmedia":[{"embeddable":true,"href":"https:\/\/radiorevelacionfm.cl\/index.php?rest_route=\/wp\/v2\/media\/6570"}],"wp:attachment":[{"href":"https:\/\/radiorevelacionfm.cl\/index.php?rest_route=%2Fwp%2Fv2%2Fmedia&parent=6569"}],"wp:term":[{"taxonomy":"category","embeddable":true,"href":"https:\/\/radiorevelacionfm.cl\/index.php?rest_route=%2Fwp%2Fv2%2Fcategories&post=6569"},{"taxonomy":"post_tag","embeddable":true,"href":"https:\/\/radiorevelacionfm.cl\/index.php?rest_route=%2Fwp%2Fv2%2Ftags&post=6569"}],"curies":[{"name":"wp","href":"https:\/\/api.w.org\/{rel}","templated":true}]}}