{"id":6566,"date":"2021-07-23T10:18:37","date_gmt":"2021-07-23T13:18:37","guid":{"rendered":"https:\/\/radiorevelacionfm.cl\/?p=6566"},"modified":"2021-07-23T10:48:01","modified_gmt":"2021-07-23T13:48:01","slug":"gobernadora-regional-y-delegada-presidencial-inician-coordinacion-para-gestion-publica-local","status":"publish","type":"post","link":"https:\/\/radiorevelacionfm.cl\/?p=6566","title":{"rendered":"Gobernadora Regional y Delegada Presidencial inician coordinaci\u00f3n para gesti\u00f3n p\u00fablica local"},"content":{"rendered":"<div class=\"flex_column av_one_full  flex_column_div av-zero-column-padding first  avia-builder-el-0  el_before_av_one_full  avia-builder-el-first  \" style='border-radius:0px; '><div  class='avia-image-container  av-styling-    avia-builder-el-1  avia-builder-el-no-sibling  avia-align-center '  itemprop=\"image\" itemscope=\"itemscope\" itemtype=\"https:\/\/schema.org\/ImageObject\"  ><div class='avia-image-container-inner'><div class='avia-image-overlay-wrap'><img decoding=\"async\" class='wp-image-6580 avia-img-lazy-loading-not-6580 avia_image' src=\"https:\/\/radiorevelacionfm.cl\/wp-content\/uploads\/2021\/07\/Gob-y-Deleg2021-07-22n-1-1.jpg\" alt='' title='Gob y Deleg2021-07-22n (1) (1)' height=\"600\" width=\"985\"  itemprop=\"thumbnailUrl\" srcset=\"https:\/\/radiorevelacionfm.cl\/wp-content\/uploads\/2021\/07\/Gob-y-Deleg2021-07-22n-1-1.jpg 985w, https:\/\/radiorevelacionfm.cl\/wp-content\/uploads\/2021\/07\/Gob-y-Deleg2021-07-22n-1-1-300x183.jpg 300w, https:\/\/radiorevelacionfm.cl\/wp-content\/uploads\/2021\/07\/Gob-y-Deleg2021-07-22n-1-1-768x468.jpg 768w, https:\/\/radiorevelacionfm.cl\/wp-content\/uploads\/2021\/07\/Gob-y-Deleg2021-07-22n-1-1-705x429.jpg 705w, https:\/\/radiorevelacionfm.cl\/wp-content\/uploads\/2021\/07\/Gob-y-Deleg2021-07-22n-1-1-600x365.jpg 600w\" sizes=\"(max-width: 985px) 100vw, 985px\" \/><\/div><\/div><\/div><\/div><div class=\"flex_column av_one_full  flex_column_div av-zero-column-padding first  avia-builder-el-2  el_after_av_one_full  el_before_av_one_full  column-top-margin\" style='border-radius:0px; '><section class=\"av_textblock_section \"  itemscope=\"itemscope\" itemtype=\"https:\/\/schema.org\/BlogPosting\" itemprop=\"blogPost\" ><div class='avia_textblock  '   itemprop=\"text\" ><p class=\"v1MsoNormal\" align=\"center\"><span style=\"font-size: 18pt;\"><b>Gobernadora Regional y Delegada Presidencial <\/b><b>inician coordinaci\u00f3n para gesti\u00f3n p\u00fablica local\u00a0\u00a0 \u00a0<\/b><\/span><\/p>\n<div id=\"gtx-trans\" style=\"position: absolute; left: -50px; top: 4.31534px;\">\n<div class=\"gtx-trans-icon\"><\/div>\n<\/div>\n<\/div><\/section><\/div><\/p>\n<div class=\"flex_column av_one_full  flex_column_div av-zero-column-padding first  avia-builder-el-4  el_after_av_one_full  el_before_av_hr  column-top-margin\" style='border-radius:0px; '><section class=\"av_textblock_section \"  itemscope=\"itemscope\" itemtype=\"https:\/\/schema.org\/BlogPosting\" itemprop=\"blogPost\" ><div class='avia_textblock  '   itemprop=\"text\" ><p class=\"v1MsoNormal\" style=\"text-align: justify;\">Las primeras coordinaciones para la adecuada gesti\u00f3n del sector p\u00fablico a nivel regional, pusieron en marcha este jueves en Coyhaique, la Gobernadora Andrea Mac\u00edas Palma y la Delegada Presidencial, Margarita Ossa, con una reuni\u00f3n en dependencias del Gobierno Regional de Ays\u00e9n.<\/p>\n<p class=\"v1MsoNormal\" style=\"text-align: justify;\">Al t\u00e9rmino del encuentro, la Gobernadora mencion\u00f3 la importancia de la coordinaci\u00f3n temprana entre ambas instituciones p\u00fablicas.<\/p>\n<p class=\"v1MsoNormal\" style=\"text-align: justify;\">\u00abEs importante para nosotros establecer el funcionamiento que vamos a tener desde aqu\u00ed en adelante. Hemos tenido un proceso de traspaso que ha sido muy republicano, entendiendo el rol que cada una de las instituciones tiene para la regi\u00f3n, as\u00ed es que estamos estableciendo procedimientos para vincularnos. El trabajo de todos los sectores, de los servicios que se vinculan con el Gobierno Regional \u2013que son servicios centralizados-, es importante y debe ser coordinado tambi\u00e9n desde la delegaci\u00f3n presidencial, as\u00ed es que tomamos acuerdos, en funci\u00f3n de poder mejorar nuestra ejecuci\u00f3n presupuestaria, con el compromiso de avanzar en el desarrollo de nuestra regi\u00f3n\u00bb, enfatiz\u00f3.<\/p>\n<p class=\"v1MsoNormal\" style=\"text-align: justify;\">Por su parte, la Delegada expres\u00f3 toda la disposici\u00f3n para orientar las acciones al servicio de la regi\u00f3n. \u00abSon encuentros muy necesarios y con un objetivo com\u00fan de ambas. Yo creo que ese es el esp\u00edritu, tal como lo mencionaba la Gobernadora, este esp\u00edritu republicano. Pero, sobre todo, un esp\u00edritu de avance, donde la gente nos espera \u2013a ella y a m\u00ed\u2013 que podamos coordinarnos, que podamos trabajar y que podamos seguir siendo una regi\u00f3n que avanza y prospera en pro de las personas, los vecinos y vecinas que habitamos en nuestra regi\u00f3n\u00bb, recalc\u00f3.<\/p>\n<p class=\"v1MsoNormal\" style=\"text-align: justify;\"><b>Principales funciones<\/b><\/p>\n<p class=\"v1MsoNormal\" style=\"text-align: justify;\">En cuanto a funciones, la Gobernadora Regional preside el Consejo Regional, debe coordinarse con los \u00f3rganos y servicios p\u00fablicos y coordinar, supervigilar o fiscalizar a los servicios p\u00fablicos que dependen o se relacionan con el Gobierno Regional.<\/p>\n<p class=\"v1MsoNormal\" style=\"text-align: justify;\">Adem\u00e1s, debe asignar recursos de programas de inversi\u00f3n del Gobierno Regional, de los programas de inversi\u00f3n sectorial de asignaci\u00f3n regional y aquellos que corresponda en virtud de transferencias de competencias que haga el Presidente de la Rep\u00fablica.<\/p>\n<p class=\"v1MsoNormal\" style=\"text-align: justify;\">Asimismo, formular pol\u00edticas de desarrollo de la regi\u00f3n, considerando pol\u00edticas y planes comunales respectivos y representar judicial y extrajudicialmente al gobierno regional, pudiendo ejecutar actos y celebrar contratos de su competencia o los que le encomiende el consejo.<\/p>\n<p class=\"v1MsoNormal\" style=\"text-align: justify;\">Al delegado presidencial, le corresponde la coordinaci\u00f3n, supervigilancia o fiscalizaci\u00f3n de los servicios p\u00fablicos creados por ley para el cumplimiento de las funciones administrativas que operen en la regi\u00f3n, que dependan o se relacionen con el Presidente de la Rep\u00fablica a trav\u00e9s de un Ministerio, entre otras funciones establecidas en la Ley Org\u00e1nica Constitucional de Gobierno y Administraci\u00f3n Regional.<\/p>\n<p class=\"v1MsoNormal\" style=\"text-align: justify;\">Adem\u00e1s, velar porque en el territorio de su jurisdicci\u00f3n se respete la tranquilidad, orden p\u00fablico y resguardo de las personas y bienes, pudiendo requerir el auxilio de la fuerza p\u00fablica en el territorio de su jurisdicci\u00f3n, en conformidad a la ley.<\/p>\n<\/div><\/section><\/div>\n<div  style='height:50px' class='hr hr-invisible   avia-builder-el-6  el_after_av_one_full  el_before_av_social_share '><span class='hr-inner ' ><span class='hr-inner-style'><\/span><\/span><\/div>\n<div  class='av-social-sharing-box  avia-builder-el-7  el_after_av_hr  el_before_av_hr  '><div class='av-share-box'><h5 class='av-share-link-description av-no-toc '>Compartir esta noticia<\/h5><ul class='av-share-box-list noLightbox'><li class='av-share-link av-social-link-facebook' ><a target=\"_blank\" aria-label=\"Compartir en Facebook\" href='https:\/\/www.facebook.com\/sharer.php?u=https:\/\/radiorevelacionfm.cl\/?p=6566&#038;t=Gobernadora%20Regional%20y%20Delegada%20Presidencial%20inician%20coordinaci%C3%B3n%20para%20gesti%C3%B3n%20p%C3%BAblica%20local' aria-hidden='false' data-av_icon='\ue8f3' data-av_iconfont='entypo-fontello' title='' data-avia-related-tooltip='Compartir en Facebook' rel=\"noopener\"><span class='avia_hidden_link_text'>Compartir en Facebook<\/span><\/a><\/li><li class='av-share-link av-social-link-twitter' ><a target=\"_blank\" aria-label=\"Compartir en Twitter\" href='https:\/\/twitter.com\/share?text=Gobernadora%20Regional%20y%20Delegada%20Presidencial%20inician%20coordinaci%C3%B3n%20para%20gesti%C3%B3n%20p%C3%BAblica%20local&#038;url=https:\/\/radiorevelacionfm.cl\/?p=6566' aria-hidden='false' data-av_icon='\ue8f1' data-av_iconfont='entypo-fontello' title='' data-avia-related-tooltip='Compartir en Twitter' rel=\"noopener\"><span class='avia_hidden_link_text'>Compartir en Twitter<\/span><\/a><\/li><li class='av-share-link av-social-link-whatsapp' ><a target=\"_blank\" aria-label=\"Compartir en Whatsapp\" href='https:\/\/api.whatsapp.com\/send?text=https:\/\/radiorevelacionfm.cl\/?p=6566' aria-hidden='false' data-av_icon='\uf232' data-av_iconfont='entypo-fontello' title='' data-avia-related-tooltip='Compartir en Whatsapp' rel=\"noopener\"><span class='avia_hidden_link_text'>Compartir en Whatsapp<\/span><\/a><\/li><li class='av-share-link av-social-link-linkedin' ><a target=\"_blank\" aria-label=\"Compartir en LinkedIn\" href='https:\/\/linkedin.com\/shareArticle?mini=true&#038;title=Gobernadora%20Regional%20y%20Delegada%20Presidencial%20inician%20coordinaci%C3%B3n%20para%20gesti%C3%B3n%20p%C3%BAblica%20local&#038;url=https:\/\/radiorevelacionfm.cl\/?p=6566' aria-hidden='false' data-av_icon='\ue8fc' data-av_iconfont='entypo-fontello' title='' data-avia-related-tooltip='Compartir en LinkedIn' rel=\"noopener\"><span class='avia_hidden_link_text'>Compartir en LinkedIn<\/span><\/a><\/li><li class='av-share-link av-social-link-mail' ><a  aria-label=\"Compartir por correo\" href='mailto:?subject=Gobernadora%20Regional%20y%20Delegada%20Presidencial%20inician%20coordinaci%C3%B3n%20para%20gesti%C3%B3n%20p%C3%BAblica%20local&#038;body=https:\/\/radiorevelacionfm.cl\/?p=6566' aria-hidden='false' data-av_icon='\ue805' data-av_iconfont='entypo-fontello' title='' data-avia-related-tooltip='Compartir por correo'><span class='avia_hidden_link_text'>Compartir por correo<\/span><\/a><\/li><\/ul><\/div><\/div>\n<div  style='height:50px' class='hr hr-invisible   avia-builder-el-8  el_after_av_social_share  el_before_av_comments_list '><span class='hr-inner ' ><span class='hr-inner-style'><\/span><\/span><\/div>\n<div  class='av-buildercomment  av-blog-meta-html-info-disabled av-blog-meta-tag-disabled  '><\/div>\n","protected":false},"excerpt":{"rendered":"","protected":false},"author":1,"featured_media":6580,"comment_status":"open","ping_status":"open","sticky":false,"template":"","format":"standard","meta":{"footnotes":""},"categories":[38],"tags":[],"class_list":["post-6566","post","type-post","status-publish","format-standard","has-post-thumbnail","hentry","category-regional"],"jetpack_featured_media_url":"https:\/\/radiorevelacionfm.cl\/wp-content\/uploads\/2021\/07\/Gob-y-Deleg2021-07-22n-1-1.jpg","_links":{"self":[{"href":"https:\/\/radiorevelacionfm.cl\/index.php?rest_route=\/wp\/v2\/posts\/6566","targetHints":{"allow":["GET"]}}],"collection":[{"href":"https:\/\/radiorevelacionfm.cl\/index.php?rest_route=\/wp\/v2\/posts"}],"about":[{"href":"https:\/\/radiorevelacionfm.cl\/index.php?rest_route=\/wp\/v2\/types\/post"}],"author":[{"embeddable":true,"href":"https:\/\/radiorevelacionfm.cl\/index.php?rest_route=\/wp\/v2\/users\/1"}],"replies":[{"embeddable":true,"href":"https:\/\/radiorevelacionfm.cl\/index.php?rest_route=%2Fwp%2Fv2%2Fcomments&post=6566"}],"version-history":[{"count":2,"href":"https:\/\/radiorevelacionfm.cl\/index.php?rest_route=\/wp\/v2\/posts\/6566\/revisions"}],"predecessor-version":[{"id":6581,"href":"https:\/\/radiorevelacionfm.cl\/index.php?rest_route=\/wp\/v2\/posts\/6566\/revisions\/6581"}],"wp:featuredmedia":[{"embeddable":true,"href":"https:\/\/radiorevelacionfm.cl\/index.php?rest_route=\/wp\/v2\/media\/6580"}],"wp:attachment":[{"href":"https:\/\/radiorevelacionfm.cl\/index.php?rest_route=%2Fwp%2Fv2%2Fmedia&parent=6566"}],"wp:term":[{"taxonomy":"category","embeddable":true,"href":"https:\/\/radiorevelacionfm.cl\/index.php?rest_route=%2Fwp%2Fv2%2Fcategories&post=6566"},{"taxonomy":"post_tag","embeddable":true,"href":"https:\/\/radiorevelacionfm.cl\/index.php?rest_route=%2Fwp%2Fv2%2Ftags&post=6566"}],"curies":[{"name":"wp","href":"https:\/\/api.w.org\/{rel}","templated":true}]}}