{"id":6563,"date":"2021-07-22T19:05:19","date_gmt":"2021-07-22T22:05:19","guid":{"rendered":"https:\/\/radiorevelacionfm.cl\/?p=6563"},"modified":"2021-07-22T19:05:19","modified_gmt":"2021-07-22T22:05:19","slug":"lanzan-programa-para-ayudar-a-emprendedores-a-formalizar-sus-negocios-podran-acceder-a-subsidio-de-1-millon","status":"publish","type":"post","link":"https:\/\/radiorevelacionfm.cl\/?p=6563","title":{"rendered":"Lanzan programa para ayudar a emprendedores a formalizar sus negocios: podr\u00e1n acceder a subsidio de $1 mill\u00f3n"},"content":{"rendered":"<div class=\"flex_column av_one_full  flex_column_div av-zero-column-padding first  avia-builder-el-0  el_before_av_one_full  avia-builder-el-first  \" style='border-radius:0px; '><div  class='avia-image-container  av-styling-    avia-builder-el-1  avia-builder-el-no-sibling  avia-align-center '  itemprop=\"image\" itemscope=\"itemscope\" itemtype=\"https:\/\/schema.org\/ImageObject\"  ><div class='avia-image-container-inner'><div class='avia-image-overlay-wrap'><img decoding=\"async\" class='wp-image-6564 avia-img-lazy-loading-not-6564 avia_image' src=\"https:\/\/radiorevelacionfm.cl\/wp-content\/uploads\/2021\/07\/LANZAMIENTO-PROGRAMA-FORMALIZATE-DE-SERCOTEC-5-1-1.jpeg\" alt='' title='LANZAMIENTO PROGRAMA FORMALIZATE DE SERCOTEC (5) (1) (1)' height=\"600\" width=\"1061\"  itemprop=\"thumbnailUrl\" srcset=\"https:\/\/radiorevelacionfm.cl\/wp-content\/uploads\/2021\/07\/LANZAMIENTO-PROGRAMA-FORMALIZATE-DE-SERCOTEC-5-1-1.jpeg 1061w, https:\/\/radiorevelacionfm.cl\/wp-content\/uploads\/2021\/07\/LANZAMIENTO-PROGRAMA-FORMALIZATE-DE-SERCOTEC-5-1-1-300x170.jpeg 300w, https:\/\/radiorevelacionfm.cl\/wp-content\/uploads\/2021\/07\/LANZAMIENTO-PROGRAMA-FORMALIZATE-DE-SERCOTEC-5-1-1-1030x582.jpeg 1030w, https:\/\/radiorevelacionfm.cl\/wp-content\/uploads\/2021\/07\/LANZAMIENTO-PROGRAMA-FORMALIZATE-DE-SERCOTEC-5-1-1-768x434.jpeg 768w, https:\/\/radiorevelacionfm.cl\/wp-content\/uploads\/2021\/07\/LANZAMIENTO-PROGRAMA-FORMALIZATE-DE-SERCOTEC-5-1-1-705x399.jpeg 705w, https:\/\/radiorevelacionfm.cl\/wp-content\/uploads\/2021\/07\/LANZAMIENTO-PROGRAMA-FORMALIZATE-DE-SERCOTEC-5-1-1-600x339.jpeg 600w\" sizes=\"(max-width: 1061px) 100vw, 1061px\" \/><\/div><\/div><\/div><\/div><div class=\"flex_column av_one_full  flex_column_div av-zero-column-padding first  avia-builder-el-2  el_after_av_one_full  el_before_av_one_full  column-top-margin\" style='border-radius:0px; '><section class=\"av_textblock_section \"  itemscope=\"itemscope\" itemtype=\"https:\/\/schema.org\/BlogPosting\" itemprop=\"blogPost\" ><div class='avia_textblock  '   itemprop=\"text\" ><p style=\"text-align: center;\"><strong><span style=\"font-size: 18pt;\">Lanzan programa para ayudar a emprendedores a formalizar sus negocios: podr\u00e1n acceder a subsidio de $1 mill\u00f3n<\/span><\/strong><\/p>\n<div id=\"gtx-trans\" style=\"position: absolute; left: -50px; top: 4.31534px;\">\n<div class=\"gtx-trans-icon\"><\/div>\n<\/div>\n<\/div><\/section><\/div><div class=\"flex_column av_one_full  flex_column_div av-zero-column-padding first  avia-builder-el-4  el_after_av_one_full  el_before_av_hr  column-top-margin\" style='border-radius:0px; '><section class=\"av_textblock_section \"  itemscope=\"itemscope\" itemtype=\"https:\/\/schema.org\/BlogPosting\" itemprop=\"blogPost\" ><div class='avia_textblock  '   itemprop=\"text\" ><p style=\"font-weight: 400; text-align: justify;\">Con una visita al emprendimiento de Ver\u00f3nica Mansilla, que actualmente posee en Coyhaique una cociner\u00eda que produce productos alimenticios con sello local, autoridades de Gobierno dieron el vamos a un nuevo programa de Sercotec denominado \u201cFormal\u00edzate\u201d, que entrega una asistencia para la constituci\u00f3n de la empresa y un subsidio no reembolsable de $1 mill\u00f3n que podr\u00e1 ser utilizado tanto para inversiones en activos, como la adquisici\u00f3n de activos f\u00edsicos o bienes intangibles, capital de trabajo y gesti\u00f3n empresarial, entre otras cosas.<\/p>\n<p style=\"font-weight: 400; text-align: justify;\">As\u00ed lo dio a conocer la Directora Regional de Sercotec Cinthya Pantanalli: \u201cEsta nueva iniciativa entrega fondos por 1 mill\u00f3n de pesos y est\u00e1 orientado hacia aquellas personas que est\u00e1n desarrollando un negocio no formalizado y que quieran formalizarse. A trav\u00e9s de este fondo podr\u00e1n recibir ayuda t\u00e9cnica, comprar activos y tambi\u00e9n acceder a acciones de desarrollo empresarial como el marketing. Desde ya invitamos a todas aquellas personas emprendedoras a ingresar a la plataforma de Sercotec y pinchar el banner de esta convocatoria que tiene cupos limitados y cuya fecha culmina el viernes 28 de julio\u201d.<\/p>\n<p style=\"font-weight: 400; text-align: justify;\">Por su parte Ver\u00f3nica Mansilla, emprendedora recientemente formalizada se\u00f1al\u00f3 que \u201cYo estoy formalizada producto que me adjudiqu\u00e9 un fondo del Capital Abeja en junio del a\u00f1o pasado en plena pandemia. Si bien es cierto a veces uno lo ve como complejo el hecho de estar en primera categor\u00eda y pagar impuestos, trae tambi\u00e9n sus beneficios como acceder a la amplia gama de programas de financiamiento del Gobierno para poder desarrollar emprendimiento. En nuestro caso he podido levantar un lugar para crear productos ligados a la gastronom\u00eda local con sello e identidad de la Patagonia y as\u00ed de a poco hemos podido dar un valor agregado a nuestros productos\u201d.<\/p>\n<p style=\"font-weight: 400; text-align: justify;\">B\u00e1rbara Ort\u00fazar, Seremi del Ministerio de la Mujer y Equidad de G\u00e9nero, se\u00f1al\u00f3 que \u201cSabemos que emprender sobre todo cuando uno es mujer es complejo y dif\u00edcil ya que tenemos que dividir nuestro tiempo entre los ni\u00f1os y los diversos rubros de emprendimiento que hemos visto desarrollarse sobre todo en pandemia. Es por eso que estamos muy contentos de participar como Ministerio en este lanzamiento que releva el rol de nuestras mujeres emprendedoras en la regi\u00f3n ya que muchas veces ellas son el sustento del hogar. Es por eso que apoyamos esta iniciativa que busca formalizar su actividad y con ello acceder a m\u00faltiples ayudas que hoy se est\u00e1n entregando y tambi\u00e9n para poder crecer en sus negocios locales\u201d.<\/p>\n<p style=\"font-weight: 400; text-align: justify;\">Finalmente la Seremi de las Cultura y las Artes Ver\u00f3nica D\u00edaz manifest\u00f3 que \u201cHoy en d\u00eda a trav\u00e9s de las distintas pol\u00edticas de Estado se ha dado mucho m\u00e1s relevancia a lo que es la econom\u00eda creativa, es decir, a todos aquellos emprendimientos que est\u00e1n vinculados a las artes, cultura y patrimonio. Estos son nuevos modelos de negocios y de desarrollo de emprendimientos y que justamente a trav\u00e9s de la formalizaci\u00f3n pueden acceder a m\u00faltiples herramientas de crecimiento. Por eso hacemos un llamado a ingresar a la web de Sercotec y postular ya que dentro de los rubros priorizados se encuentran actividades art\u00edsticas, post producci\u00f3n de pel\u00edculas, videos y programas de tv, actividades de museos e edici\u00f3n e diarios, libros y revistas, entre otras actividades relacionadas con nuestra cartera\u201d.<\/p>\n<p style=\"font-weight: 400; text-align: justify;\"><strong>Requisitos<\/strong><\/p>\n<p style=\"font-weight: 400; text-align: justify;\">Pueden postular personas que no tengan iniciaci\u00f3n de actividades en primera categor\u00eda ante el SII, y emprendedores que cuenten s\u00f3lo con iniciaci\u00f3n de actividades en segunda categor\u00eda. Adem\u00e1s, este programa est\u00e1 dirigido a distintos rubros, como la cultura, artesan\u00eda, dise\u00f1o, decoraci\u00f3n, teatro, m\u00fasica, entre otros, los cuales poseen altas tasas de informalidad y han sido fuertemente afectados por la pandemia.<\/p>\n<p style=\"font-weight: 400; text-align: justify;\">Entre los requisitos propios de la iniciativa se encuentran:<\/p>\n<p style=\"font-weight: 400; text-align: justify;\">Ser persona natural de nacionalidad chilena o extranjera, mayor de 18 a\u00f1os, sin inicio en actividades de primera categor\u00eda ante el Servicio de Impuestos Internos (SII) a la fecha de inicio de la convocatoria.<\/p>\n<p style=\"font-weight: 400; text-align: justify;\">Tambi\u00e9n aquellos postulantes que presenten solo inicio de actividades en segunda categor\u00eda ante el SII y que est\u00e9n dispuestos a formalizarse en primera categor\u00eda. Se priorizar\u00e1 a aquellos del rubro de cultura y\/o artesan\u00eda.<\/p>\n<p style=\"font-weight: 400; text-align: justify;\">No tener deudas laborales y\/o previsionales, ni multas impagas, a la fecha de la postulaci\u00f3n.<\/p>\n<p style=\"font-weight: 400; text-align: justify;\">No tener condenas por pr\u00e1cticas antisindicales o infracci\u00f3n a derechos fundamentales del trabajador, dentro de los dos a\u00f1os anteriores a la fecha de cierre de la postulaci\u00f3n.<\/p>\n<p style=\"font-weight: 400; text-align: justify;\">No tener rendiciones pendientes con Sercotec y\/o con el Agente Operador de Sercotec a la fecha de inicio de la convocatoria.<\/p>\n<p style=\"font-weight: 400; text-align: justify;\">No haber incumplido las obligaciones contractuales de un proyecto de Sercotec con el Agente Operador, dentro de los dos a\u00f1os anteriores a la fecha de inicio de la convocatoria.<\/p>\n<p style=\"font-weight: 400; text-align: justify;\">No haber sido beneficiario\/a de alguna convocatoria del Programa Emprende, financiada con fondos regulares de Sercotec, durante los a\u00f1os 2020 y\/o 2021.<\/p>\n<p style=\"font-weight: 400; text-align: justify;\">El emprendedor\/a postulante debe estar dispuesto\/a formalizarse como una nueva empresa, en primera categor\u00eda, ante el Servicio de Impuestos Internos (SII) en caso de resultar seleccionado\/a.<\/p>\n<\/div><\/section><\/div><div  style='height:50px' class='hr hr-invisible   avia-builder-el-6  el_after_av_one_full  el_before_av_social_share '><span class='hr-inner ' ><span class='hr-inner-style'><\/span><\/span><\/div><\/p>\n<div  class='av-social-sharing-box  avia-builder-el-7  el_after_av_hr  el_before_av_hr  '><div class='av-share-box'><h5 class='av-share-link-description av-no-toc '>Compartir esta noticia<\/h5><ul class='av-share-box-list noLightbox'><li class='av-share-link av-social-link-facebook' ><a target=\"_blank\" aria-label=\"Compartir en Facebook\" href='https:\/\/www.facebook.com\/sharer.php?u=https:\/\/radiorevelacionfm.cl\/?p=6563&#038;t=Lanzan%20programa%20para%20ayudar%20a%20emprendedores%20a%20formalizar%20sus%20negocios%3A%20podr%C3%A1n%20acceder%20a%20subsidio%20de%20%241%20mill%C3%B3n' aria-hidden='false' data-av_icon='\ue8f3' data-av_iconfont='entypo-fontello' title='' data-avia-related-tooltip='Compartir en Facebook' rel=\"noopener\"><span class='avia_hidden_link_text'>Compartir en Facebook<\/span><\/a><\/li><li class='av-share-link av-social-link-twitter' ><a target=\"_blank\" aria-label=\"Compartir en Twitter\" href='https:\/\/twitter.com\/share?text=Lanzan%20programa%20para%20ayudar%20a%20emprendedores%20a%20formalizar%20sus%20negocios%3A%20podr%C3%A1n%20acceder%20a%20subsidio%20de%20%241%20mill%C3%B3n&#038;url=https:\/\/radiorevelacionfm.cl\/?p=6563' aria-hidden='false' data-av_icon='\ue8f1' data-av_iconfont='entypo-fontello' title='' data-avia-related-tooltip='Compartir en Twitter' rel=\"noopener\"><span class='avia_hidden_link_text'>Compartir en Twitter<\/span><\/a><\/li><li class='av-share-link av-social-link-whatsapp' ><a target=\"_blank\" aria-label=\"Compartir en Whatsapp\" href='https:\/\/api.whatsapp.com\/send?text=https:\/\/radiorevelacionfm.cl\/?p=6563' aria-hidden='false' data-av_icon='\uf232' data-av_iconfont='entypo-fontello' title='' data-avia-related-tooltip='Compartir en Whatsapp' rel=\"noopener\"><span class='avia_hidden_link_text'>Compartir en Whatsapp<\/span><\/a><\/li><li class='av-share-link av-social-link-linkedin' ><a target=\"_blank\" aria-label=\"Compartir en LinkedIn\" href='https:\/\/linkedin.com\/shareArticle?mini=true&#038;title=Lanzan%20programa%20para%20ayudar%20a%20emprendedores%20a%20formalizar%20sus%20negocios%3A%20podr%C3%A1n%20acceder%20a%20subsidio%20de%20%241%20mill%C3%B3n&#038;url=https:\/\/radiorevelacionfm.cl\/?p=6563' aria-hidden='false' data-av_icon='\ue8fc' data-av_iconfont='entypo-fontello' title='' data-avia-related-tooltip='Compartir en LinkedIn' rel=\"noopener\"><span class='avia_hidden_link_text'>Compartir en LinkedIn<\/span><\/a><\/li><li class='av-share-link av-social-link-mail' ><a  aria-label=\"Compartir por correo\" href='mailto:?subject=Lanzan%20programa%20para%20ayudar%20a%20emprendedores%20a%20formalizar%20sus%20negocios%3A%20podr%C3%A1n%20acceder%20a%20subsidio%20de%20%241%20mill%C3%B3n&#038;body=https:\/\/radiorevelacionfm.cl\/?p=6563' aria-hidden='false' data-av_icon='\ue805' data-av_iconfont='entypo-fontello' title='' data-avia-related-tooltip='Compartir por correo'><span class='avia_hidden_link_text'>Compartir por correo<\/span><\/a><\/li><\/ul><\/div><\/div>\n<div  style='height:50px' class='hr hr-invisible   avia-builder-el-8  el_after_av_social_share  el_before_av_comments_list '><span class='hr-inner ' ><span class='hr-inner-style'><\/span><\/span><\/div>\n<div  class='av-buildercomment  av-blog-meta-html-info-disabled av-blog-meta-tag-disabled  '><\/div>\n","protected":false},"excerpt":{"rendered":"","protected":false},"author":1,"featured_media":6564,"comment_status":"open","ping_status":"open","sticky":false,"template":"","format":"standard","meta":{"footnotes":""},"categories":[37],"tags":[],"class_list":["post-6563","post","type-post","status-publish","format-standard","has-post-thumbnail","hentry","category-economia"],"jetpack_featured_media_url":"https:\/\/radiorevelacionfm.cl\/wp-content\/uploads\/2021\/07\/LANZAMIENTO-PROGRAMA-FORMALIZATE-DE-SERCOTEC-5-1-1.jpeg","_links":{"self":[{"href":"https:\/\/radiorevelacionfm.cl\/index.php?rest_route=\/wp\/v2\/posts\/6563","targetHints":{"allow":["GET"]}}],"collection":[{"href":"https:\/\/radiorevelacionfm.cl\/index.php?rest_route=\/wp\/v2\/posts"}],"about":[{"href":"https:\/\/radiorevelacionfm.cl\/index.php?rest_route=\/wp\/v2\/types\/post"}],"author":[{"embeddable":true,"href":"https:\/\/radiorevelacionfm.cl\/index.php?rest_route=\/wp\/v2\/users\/1"}],"replies":[{"embeddable":true,"href":"https:\/\/radiorevelacionfm.cl\/index.php?rest_route=%2Fwp%2Fv2%2Fcomments&post=6563"}],"version-history":[{"count":1,"href":"https:\/\/radiorevelacionfm.cl\/index.php?rest_route=\/wp\/v2\/posts\/6563\/revisions"}],"predecessor-version":[{"id":6565,"href":"https:\/\/radiorevelacionfm.cl\/index.php?rest_route=\/wp\/v2\/posts\/6563\/revisions\/6565"}],"wp:featuredmedia":[{"embeddable":true,"href":"https:\/\/radiorevelacionfm.cl\/index.php?rest_route=\/wp\/v2\/media\/6564"}],"wp:attachment":[{"href":"https:\/\/radiorevelacionfm.cl\/index.php?rest_route=%2Fwp%2Fv2%2Fmedia&parent=6563"}],"wp:term":[{"taxonomy":"category","embeddable":true,"href":"https:\/\/radiorevelacionfm.cl\/index.php?rest_route=%2Fwp%2Fv2%2Fcategories&post=6563"},{"taxonomy":"post_tag","embeddable":true,"href":"https:\/\/radiorevelacionfm.cl\/index.php?rest_route=%2Fwp%2Fv2%2Ftags&post=6563"}],"curies":[{"name":"wp","href":"https:\/\/api.w.org\/{rel}","templated":true}]}}