{"id":6559,"date":"2021-07-23T10:16:30","date_gmt":"2021-07-23T13:16:30","guid":{"rendered":"https:\/\/radiorevelacionfm.cl\/?p=6559"},"modified":"2021-07-23T10:16:30","modified_gmt":"2021-07-23T13:16:30","slug":"desde-hoy-todos-los-establecimientos-publicos-y-subvencionados-podran-postular-al-fondo-de-25-mil-millones-para-retornar-de-forma-segura-a-clases","status":"publish","type":"post","link":"https:\/\/radiorevelacionfm.cl\/?p=6559","title":{"rendered":"Desde hoy todos los establecimientos p\u00fablicos y subvencionados podr\u00e1n postular al fondo de $ 25 mil millones para retornar de forma segura a clases"},"content":{"rendered":"<div class=\"flex_column av_one_full  flex_column_div av-zero-column-padding first  avia-builder-el-0  el_before_av_one_full  avia-builder-el-first  \" style='border-radius:0px; '><div  class='avia-image-container  av-styling-    avia-builder-el-1  avia-builder-el-no-sibling  avia-align-center '  itemprop=\"image\" itemscope=\"itemscope\" itemtype=\"https:\/\/schema.org\/ImageObject\"  ><div class='avia-image-container-inner'><div class='avia-image-overlay-wrap'><img decoding=\"async\" class='wp-image-6561 avia-img-lazy-loading-not-6561 avia_image' src=\"https:\/\/radiorevelacionfm.cl\/wp-content\/uploads\/2021\/07\/recursos-1-1-1.jpg\" alt='' title='recursos 1 (1) (1)' height=\"600\" width=\"800\"  itemprop=\"thumbnailUrl\" srcset=\"https:\/\/radiorevelacionfm.cl\/wp-content\/uploads\/2021\/07\/recursos-1-1-1.jpg 800w, https:\/\/radiorevelacionfm.cl\/wp-content\/uploads\/2021\/07\/recursos-1-1-1-300x225.jpg 300w, https:\/\/radiorevelacionfm.cl\/wp-content\/uploads\/2021\/07\/recursos-1-1-1-768x576.jpg 768w, https:\/\/radiorevelacionfm.cl\/wp-content\/uploads\/2021\/07\/recursos-1-1-1-705x529.jpg 705w, https:\/\/radiorevelacionfm.cl\/wp-content\/uploads\/2021\/07\/recursos-1-1-1-600x450.jpg 600w\" sizes=\"(max-width: 800px) 100vw, 800px\" \/><\/div><\/div><\/div><\/div><div class=\"flex_column av_one_full  flex_column_div av-zero-column-padding first  avia-builder-el-2  el_after_av_one_full  el_before_av_one_full  column-top-margin\" style='border-radius:0px; '><section class=\"av_textblock_section \"  itemscope=\"itemscope\" itemtype=\"https:\/\/schema.org\/BlogPosting\" itemprop=\"blogPost\" ><div class='avia_textblock  '   itemprop=\"text\" ><p style=\"text-align: center;\"><strong><span style=\"font-size: 18pt;\">Desde hoy todos los establecimientos p\u00fablicos y subvencionados podr\u00e1n postular al fondo de $ 25 mil millones para retornar de forma segura a clases<\/span><\/strong><\/p>\n<div id=\"gtx-trans\" style=\"position: absolute; left: -50px; top: 4.31534px;\">\n<div class=\"gtx-trans-icon\"><\/div>\n<\/div>\n<\/div><\/section><\/div><div class=\"flex_column av_one_full  flex_column_div av-zero-column-padding first  avia-builder-el-4  el_after_av_one_full  el_before_av_hr  column-top-margin\" style='border-radius:0px; '><section class=\"av_textblock_section \"  itemscope=\"itemscope\" itemtype=\"https:\/\/schema.org\/BlogPosting\" itemprop=\"blogPost\" ><div class='avia_textblock  '   itemprop=\"text\" ><p style=\"text-align: justify;\">A partir del pr\u00f3ximo lunes se da inicio al segundo semestre escolar, fecha en que todos los establecimientos del pa\u00eds podr\u00e1n abrir sus puertas para recibir estudiantes de forma presencial, independiente de la fase del plan Paso a Paso en que se encuentre su comuna, ya que de acuerdo a los \u00faltimos ajustes, todos los recintos educativos tendr\u00e1n la posibilidad de abrir, siempre que cumplan con las medidas sanitarias.<\/p>\n<p style=\"text-align: justify;\">Para que la reapertura de las escuelas, liceos y jardines del pa\u00eds se produzca de buena forma, el Ministerio de Educaci\u00f3n cre\u00f3 un fondo de apoyo adicional de $25 mil millones, con el objetivo que tengan los recursos necesarios para aumentar la protecci\u00f3n de los estudiantes, docentes y dem\u00e1s integrantes de las comunidades educativas.<\/p>\n<p style=\"text-align: justify;\">\u00abSabemos que los ni\u00f1os y sus familias tienen la necesidad urgente de volver a clases presenciales, porque nada reemplaza la educaci\u00f3n en el aula, por eso mismo para seguir apoyando a que la\u00a0reapertura de colegios se d\u00e9 de forma \u00f3ptima, a partir de hoy los sostenedores de recintos educativos podr\u00e1n acceder a estos recursos adicionales, para cumplir con dos roles fundamentales: que los ni\u00f1os y ni\u00f1as puedan retomar sus actividades escolares de forma presencial y que esto se haga con todos los resguardos sanitarios necesarios\u00bb, asegur\u00f3 el ministro de Educaci\u00f3n, Ra\u00fal Figueroa.<\/p>\n<p style=\"text-align: justify;\">Estos recursos -que se suman al importante incremento en los fondos de infraestructura, el plan Yo Conf\u00edo en mi Escuela y la flexibilizaci\u00f3n de la SEP-, est\u00e1n dirigidos a la adquisici\u00f3n de insumos, accesorios o implementos de protecci\u00f3n sanitaria determinados en los protocolos sanitarios elaborados por el Ministerio de Salud y el Ministerio de Educaci\u00f3n para la reanudaci\u00f3n de clases presenciales.<\/p>\n<p style=\"text-align: justify;\"><b>\u00bfQu\u00e9 implementos podr\u00e1n adquirir los establecimientos con estos recursos?<\/b><\/p>\n<p style=\"text-align: justify;\"><span lang=\"ES\">Elementos para cuidado de alumnos y cuerpo docente y administrativo, tales como:<\/span><\/p>\n<ul style=\"text-align: justify;\" type=\"disc\">\n<li style=\"list-style-type: none;\">\n<ul type=\"circle\">\n<li><span lang=\"ES\">mascarilla por cada estudiante, docente y asistente<\/span><\/li>\n<li><span lang=\"ES\">escudo facial por cada docente y asistente<\/span><\/li>\n<li><span lang=\"ES\">term\u00f3metros<\/span><\/li>\n<li><span lang=\"ES\">alcohol gel por sala<\/span><\/li>\n<li><span lang=\"ES\">set de limpieza para salas (cloro, guantes, esponja, pa\u00f1o, traje)<\/span><\/li>\n<li><span lang=\"ES\">Medidores CO2<\/span><\/li>\n<\/ul>\n<\/li>\n<\/ul>\n<p style=\"text-align: justify;\"><span lang=\"ES\">\u00a0<\/span><span lang=\"ES\">Implementaci\u00f3n de adecuaciones f\u00edsicas, tales como:<\/span><\/p>\n<ul style=\"text-align: justify;\" type=\"disc\">\n<li style=\"list-style-type: none;\">\n<ul type=\"circle\">\n<li><span lang=\"ES\">Separadores de espacios<\/span><\/li>\n<li><span lang=\"ES\">Filtros de aire<\/span><\/li>\n<li><span lang=\"ES\">Letreros y se\u00f1al\u00e9tica<\/span><\/li>\n<\/ul>\n<\/li>\n<\/ul>\n<p style=\"text-align: justify;\"><b><span lang=\"ES\">\u00bfC\u00f3mo postular al beneficio?<\/span><\/b><b><\/b><\/p>\n<p style=\"text-align: justify;\"><span lang=\"ES\">El sostenedor, director o persona que el sostenedor disponga para el tr\u00e1mite tendr\u00e1 que ingresar con su clave \u00fanico a la web\u00a0<\/span><u><span lang=\"ES-MX\"><a href=\"https:\/\/nam02.safelinks.protection.outlook.com\/?url=https%3A%2F%2Ftramites.mineduc.cl%2F&amp;data=04%7C01%7Ccamilo.gomez%40mineduc.cl%7Ca6a3d9eb1b494cb2c4f908d94d2d4de6%7C2e4cfe500580414093874ecde39def60%7C0%7C0%7C637625679235207244%7CUnknown%7CTWFpbGZsb3d8eyJWIjoiMC4wLjAwMDAiLCJQIjoiV2luMzIiLCJBTiI6Ik1haWwiLCJXVCI6Mn0%3D%7C1000&amp;sdata=LbE1KKdu6x1mzVPbZFglHnSkeqibrhaMrlgMbP9rK%2BA%3D&amp;reserved=0\" target=\"_blank\" rel=\"noopener noreferrer\">https:\/\/tramites.mineduc.cl\/<\/a><\/span><\/u>.<\/p>\n<p style=\"text-align: justify;\">Luego debe seleccionar iniciar tr\u00e1mite de\u00a0<b><span lang=\"ES\">Solicitud Recursos Retorno Seguro<\/span><\/b><span lang=\"ES\">\u00a0<\/span>y completar los datos que solicita el formulario como correo institucional, rut y nombre del sostenedor. Tras rellenar todos los antecedentes se emitir\u00e1 un certificado, donde se indica que se ha completado el tr\u00e1mite y la informaci\u00f3n ha sido cargada con \u00e9xito.<\/p>\n<p style=\"text-align: justify;\">Al enviar la postulaci\u00f3n, se recibir\u00e1 un correo de confirmaci\u00f3n. Es importante enviar s\u00f3lo una postulaci\u00f3n por establecimiento.<\/p>\n<\/div><\/section><\/div><div  style='height:50px' class='hr hr-invisible   avia-builder-el-6  el_after_av_one_full  el_before_av_social_share '><span class='hr-inner ' ><span class='hr-inner-style'><\/span><\/span><\/div><\/p>\n<div  class='av-social-sharing-box  avia-builder-el-7  el_after_av_hr  el_before_av_hr  '><div class='av-share-box'><h5 class='av-share-link-description av-no-toc '>Compartir esta noticia<\/h5><ul class='av-share-box-list noLightbox'><li class='av-share-link av-social-link-facebook' ><a target=\"_blank\" aria-label=\"Compartir en Facebook\" href='https:\/\/www.facebook.com\/sharer.php?u=https:\/\/radiorevelacionfm.cl\/?p=6559&#038;t=Desde%20hoy%20todos%20los%20establecimientos%20p%C3%BAblicos%20y%20subvencionados%20podr%C3%A1n%20postular%20al%20fondo%20de%20%24%2025%20mil%20millones%20para%20retornar%20de%20forma%20segura%20a%20clases' aria-hidden='false' data-av_icon='\ue8f3' data-av_iconfont='entypo-fontello' title='' data-avia-related-tooltip='Compartir en Facebook' rel=\"noopener\"><span class='avia_hidden_link_text'>Compartir en Facebook<\/span><\/a><\/li><li class='av-share-link av-social-link-twitter' ><a target=\"_blank\" aria-label=\"Compartir en Twitter\" href='https:\/\/twitter.com\/share?text=Desde%20hoy%20todos%20los%20establecimientos%20p%C3%BAblicos%20y%20subvencionados%20podr%C3%A1n%20postular%20al%20fondo%20de%20%24%2025%20mil%20millones%20para%20retornar%20de%20forma%20segura%20a%20clases&#038;url=https:\/\/radiorevelacionfm.cl\/?p=6559' aria-hidden='false' data-av_icon='\ue8f1' data-av_iconfont='entypo-fontello' title='' data-avia-related-tooltip='Compartir en Twitter' rel=\"noopener\"><span class='avia_hidden_link_text'>Compartir en Twitter<\/span><\/a><\/li><li class='av-share-link av-social-link-whatsapp' ><a target=\"_blank\" aria-label=\"Compartir en Whatsapp\" href='https:\/\/api.whatsapp.com\/send?text=https:\/\/radiorevelacionfm.cl\/?p=6559' aria-hidden='false' data-av_icon='\uf232' data-av_iconfont='entypo-fontello' title='' data-avia-related-tooltip='Compartir en Whatsapp' rel=\"noopener\"><span class='avia_hidden_link_text'>Compartir en Whatsapp<\/span><\/a><\/li><li class='av-share-link av-social-link-linkedin' ><a target=\"_blank\" aria-label=\"Compartir en LinkedIn\" href='https:\/\/linkedin.com\/shareArticle?mini=true&#038;title=Desde%20hoy%20todos%20los%20establecimientos%20p%C3%BAblicos%20y%20subvencionados%20podr%C3%A1n%20postular%20al%20fondo%20de%20%24%2025%20mil%20millones%20para%20retornar%20de%20forma%20segura%20a%20clases&#038;url=https:\/\/radiorevelacionfm.cl\/?p=6559' aria-hidden='false' data-av_icon='\ue8fc' data-av_iconfont='entypo-fontello' title='' data-avia-related-tooltip='Compartir en LinkedIn' rel=\"noopener\"><span class='avia_hidden_link_text'>Compartir en LinkedIn<\/span><\/a><\/li><li class='av-share-link av-social-link-mail' ><a  aria-label=\"Compartir por correo\" href='mailto:?subject=Desde%20hoy%20todos%20los%20establecimientos%20p%C3%BAblicos%20y%20subvencionados%20podr%C3%A1n%20postular%20al%20fondo%20de%20%24%2025%20mil%20millones%20para%20retornar%20de%20forma%20segura%20a%20clases&#038;body=https:\/\/radiorevelacionfm.cl\/?p=6559' aria-hidden='false' data-av_icon='\ue805' data-av_iconfont='entypo-fontello' title='' data-avia-related-tooltip='Compartir por correo'><span class='avia_hidden_link_text'>Compartir por correo<\/span><\/a><\/li><\/ul><\/div><\/div>\n<div  style='height:50px' class='hr hr-invisible   avia-builder-el-8  el_after_av_social_share  el_before_av_comments_list '><span class='hr-inner ' ><span class='hr-inner-style'><\/span><\/span><\/div>\n<div  class='av-buildercomment  av-blog-meta-html-info-disabled av-blog-meta-tag-disabled  '><\/div>\n","protected":false},"excerpt":{"rendered":"","protected":false},"author":1,"featured_media":6561,"comment_status":"open","ping_status":"open","sticky":false,"template":"","format":"standard","meta":{"footnotes":""},"categories":[49],"tags":[],"class_list":["post-6559","post","type-post","status-publish","format-standard","has-post-thumbnail","hentry","category-educacion"],"jetpack_featured_media_url":"https:\/\/radiorevelacionfm.cl\/wp-content\/uploads\/2021\/07\/recursos-1-1-1.jpg","_links":{"self":[{"href":"https:\/\/radiorevelacionfm.cl\/index.php?rest_route=\/wp\/v2\/posts\/6559","targetHints":{"allow":["GET"]}}],"collection":[{"href":"https:\/\/radiorevelacionfm.cl\/index.php?rest_route=\/wp\/v2\/posts"}],"about":[{"href":"https:\/\/radiorevelacionfm.cl\/index.php?rest_route=\/wp\/v2\/types\/post"}],"author":[{"embeddable":true,"href":"https:\/\/radiorevelacionfm.cl\/index.php?rest_route=\/wp\/v2\/users\/1"}],"replies":[{"embeddable":true,"href":"https:\/\/radiorevelacionfm.cl\/index.php?rest_route=%2Fwp%2Fv2%2Fcomments&post=6559"}],"version-history":[{"count":1,"href":"https:\/\/radiorevelacionfm.cl\/index.php?rest_route=\/wp\/v2\/posts\/6559\/revisions"}],"predecessor-version":[{"id":6562,"href":"https:\/\/radiorevelacionfm.cl\/index.php?rest_route=\/wp\/v2\/posts\/6559\/revisions\/6562"}],"wp:featuredmedia":[{"embeddable":true,"href":"https:\/\/radiorevelacionfm.cl\/index.php?rest_route=\/wp\/v2\/media\/6561"}],"wp:attachment":[{"href":"https:\/\/radiorevelacionfm.cl\/index.php?rest_route=%2Fwp%2Fv2%2Fmedia&parent=6559"}],"wp:term":[{"taxonomy":"category","embeddable":true,"href":"https:\/\/radiorevelacionfm.cl\/index.php?rest_route=%2Fwp%2Fv2%2Fcategories&post=6559"},{"taxonomy":"post_tag","embeddable":true,"href":"https:\/\/radiorevelacionfm.cl\/index.php?rest_route=%2Fwp%2Fv2%2Ftags&post=6559"}],"curies":[{"name":"wp","href":"https:\/\/api.w.org\/{rel}","templated":true}]}}