{"id":6556,"date":"2021-07-22T17:41:19","date_gmt":"2021-07-22T20:41:19","guid":{"rendered":"https:\/\/radiorevelacionfm.cl\/?p=6556"},"modified":"2021-07-22T17:41:19","modified_gmt":"2021-07-22T20:41:19","slug":"consejeros-abordan-con-alcalde-de-coyhaique-agenda-de-prioridades-comunales","status":"publish","type":"post","link":"https:\/\/radiorevelacionfm.cl\/?p=6556","title":{"rendered":"Consejeros abordan con alcalde de Coyhaique agenda de prioridades comunales"},"content":{"rendered":"<div class=\"flex_column av_one_full  flex_column_div av-zero-column-padding first  avia-builder-el-0  el_before_av_one_full  avia-builder-el-first  \" style='border-radius:0px; '><div  class='avia-image-container  av-styling-    avia-builder-el-1  avia-builder-el-no-sibling  avia-align-center '  itemprop=\"image\" itemscope=\"itemscope\" itemtype=\"https:\/\/schema.org\/ImageObject\"  ><div class='avia-image-container-inner'><div class='avia-image-overlay-wrap'><img decoding=\"async\" class='wp-image-6557 avia-img-lazy-loading-not-6557 avia_image' src=\"https:\/\/radiorevelacionfm.cl\/wp-content\/uploads\/2021\/07\/Consejeros-2021-07-21i-1-1.jpg\" alt='' title='Consejeros 2021-07-21i (1) (1)' height=\"600\" width=\"1182\"  itemprop=\"thumbnailUrl\" srcset=\"https:\/\/radiorevelacionfm.cl\/wp-content\/uploads\/2021\/07\/Consejeros-2021-07-21i-1-1.jpg 1182w, https:\/\/radiorevelacionfm.cl\/wp-content\/uploads\/2021\/07\/Consejeros-2021-07-21i-1-1-300x152.jpg 300w, https:\/\/radiorevelacionfm.cl\/wp-content\/uploads\/2021\/07\/Consejeros-2021-07-21i-1-1-1030x523.jpg 1030w, https:\/\/radiorevelacionfm.cl\/wp-content\/uploads\/2021\/07\/Consejeros-2021-07-21i-1-1-768x390.jpg 768w, https:\/\/radiorevelacionfm.cl\/wp-content\/uploads\/2021\/07\/Consejeros-2021-07-21i-1-1-705x358.jpg 705w, https:\/\/radiorevelacionfm.cl\/wp-content\/uploads\/2021\/07\/Consejeros-2021-07-21i-1-1-600x305.jpg 600w\" sizes=\"(max-width: 1182px) 100vw, 1182px\" \/><\/div><\/div><\/div><\/div><div class=\"flex_column av_one_full  flex_column_div av-zero-column-padding first  avia-builder-el-2  el_after_av_one_full  el_before_av_one_full  column-top-margin\" style='border-radius:0px; '><section class=\"av_textblock_section \"  itemscope=\"itemscope\" itemtype=\"https:\/\/schema.org\/BlogPosting\" itemprop=\"blogPost\" ><div class='avia_textblock  '   itemprop=\"text\" ><p style=\"text-align: center;\"><strong><span style=\"font-size: 18pt;\">Consejeros abordan con alcalde de Coyhaique agenda de prioridades comunales<\/span><\/strong><\/p>\n<div id=\"gtx-trans\" style=\"position: absolute; left: -50px; top: 4.31534px;\">\n<div class=\"gtx-trans-icon\"><\/div>\n<\/div>\n<\/div><\/section><\/div><div class=\"flex_column av_one_full  flex_column_div av-zero-column-padding first  avia-builder-el-4  el_after_av_one_full  el_before_av_hr  column-top-margin\" style='border-radius:0px; '><section class=\"av_textblock_section \"  itemscope=\"itemscope\" itemtype=\"https:\/\/schema.org\/BlogPosting\" itemprop=\"blogPost\" ><div class='avia_textblock  '   itemprop=\"text\" ><div>\n<p class=\"v1MsoNormal\" style=\"text-align: justify;\">Una reuni\u00f3n en torno a la agenda de trabajo para la capital de la Regi\u00f3n de Ays\u00e9n, sostuvieron con el alcalde Coyhaique, Carlos Gatica Villegas, los consejeros regionales Rocco Martiniello, Valent\u00edn Sol\u00eds, Rodrigo Araya, Ra\u00fal Rudolphi y Carlos Campos.<\/p>\n<p class=\"v1MsoNormal\" style=\"text-align: justify;\">Rodrigo Araya explic\u00f3 que hay una serie de temas comunes necesarios de abordar, para sumar acciones que favorezcan el territorio y sus habitantes.<\/p>\n<p class=\"v1MsoNormal\" style=\"text-align: justify;\">\u00abTenemos que tener la capacidad de poder trabajar en conjunto con el alcalde y con el Concejo Municipal, eso lo dejamos muy claramente establecido. Con respecto a los temas a trabajar, necesitamos tener una calendarizaci\u00f3n para abordarlo en forma ordenada y que podamos llegar a buen puerto en beneficio de todos los ciudadanos de nuestra comuna. Creemos que en Coyhaique hay muchas necesidades, hay muchos temas importantes, pero tambi\u00e9n hay que proyectarnos a mediano y largo plazo. Eso es lo que buscamos y esperamos podamos implementarlo en beneficio de toda nuestra gente\u00bb, destac\u00f3.<\/p>\n<p class=\"v1MsoNormal\" style=\"text-align: justify;\">Ra\u00fal Rudolphi coincidi\u00f3 en que las prioridades surjan desde la base de la ciudadan\u00eda y considerando la proximidad del centenario de Coyhaique.<\/p>\n<p class=\"v1MsoNormal\" style=\"text-align: justify;\">\u00abY en ese trabajo conocer su cartera de inversi\u00f3n de los pr\u00f3ximos cuatro a\u00f1os y as\u00ed nosotros desde el Consejo Regional, tambi\u00e9n ordenar nuestra inversi\u00f3n y tener una aproximaci\u00f3n de plazos, esa es la l\u00f3gica de trabajo que queremos construir. Sabemos que en la comuna de Coyhaique tenemos necesidades que son extremadamente urgentes, desde el punto de vista ambiental, social y econ\u00f3mico, pero tambi\u00e9n debemos tener esa mirada de mediano, largo plazo, y la invitaci\u00f3n a levantar una cartera de inversi\u00f3n para el centenario de Coyhaique\u00bb, dijo.<\/p>\n<p class=\"v1MsoNormal\" style=\"text-align: justify;\">El alcalde Carlos Gatica valor\u00f3 que se abordaran temas diversos, entre ellos, salud, desarrollo productivo, infraestructura y calidad de vida.<\/p>\n<p class=\"v1MsoNormal\" style=\"text-align: justify;\">\u00abTemas tan complicados como, por ejemplo, la contaminaci\u00f3n atmosf\u00e9rica, temas que tienen relaci\u00f3n con la gran demanda que hay en localidades rurales a prop\u00f3sito de la construcci\u00f3n de viviendas, la llegada de nuevas familias, desarrollo urbano como las calles, veredas, calidad de vida, y tambi\u00e9n algunos otros puntos que tienen que ver con la creaci\u00f3n de empleos y desarrollo de fuerza productiva\u00bb, se\u00f1al\u00f3.<\/p>\n<p class=\"v1MsoNormal\" style=\"text-align: justify;\">Para sostener el proceso se acord\u00f3 realizar reuniones de forma peri\u00f3dica, a fin de avanzar en \u00e1reas y tem\u00e1ticas de inter\u00e9s com\u00fan, a trav\u00e9s de la acci\u00f3n del Gobierno Regional de Ays\u00e9n y el municipio.<\/p>\n<\/div>\n<div style=\"text-align: justify;\"><\/div>\n<\/div><\/section><\/div><div  style='height:50px' class='hr hr-invisible   avia-builder-el-6  el_after_av_one_full  el_before_av_social_share '><span class='hr-inner ' ><span class='hr-inner-style'><\/span><\/span><\/div><\/p>\n<div  class='av-social-sharing-box  avia-builder-el-7  el_after_av_hr  el_before_av_hr  '><div class='av-share-box'><h5 class='av-share-link-description av-no-toc '>Compartir esta noticia<\/h5><ul class='av-share-box-list noLightbox'><li class='av-share-link av-social-link-facebook' ><a target=\"_blank\" aria-label=\"Compartir en Facebook\" href='https:\/\/www.facebook.com\/sharer.php?u=https:\/\/radiorevelacionfm.cl\/?p=6556&#038;t=Consejeros%20abordan%20con%20alcalde%20de%20Coyhaique%20agenda%20de%20prioridades%20comunales' aria-hidden='false' data-av_icon='\ue8f3' data-av_iconfont='entypo-fontello' title='' data-avia-related-tooltip='Compartir en Facebook' rel=\"noopener\"><span class='avia_hidden_link_text'>Compartir en Facebook<\/span><\/a><\/li><li class='av-share-link av-social-link-twitter' ><a target=\"_blank\" aria-label=\"Compartir en Twitter\" href='https:\/\/twitter.com\/share?text=Consejeros%20abordan%20con%20alcalde%20de%20Coyhaique%20agenda%20de%20prioridades%20comunales&#038;url=https:\/\/radiorevelacionfm.cl\/?p=6556' aria-hidden='false' data-av_icon='\ue8f1' data-av_iconfont='entypo-fontello' title='' data-avia-related-tooltip='Compartir en Twitter' rel=\"noopener\"><span class='avia_hidden_link_text'>Compartir en Twitter<\/span><\/a><\/li><li class='av-share-link av-social-link-whatsapp' ><a target=\"_blank\" aria-label=\"Compartir en Whatsapp\" href='https:\/\/api.whatsapp.com\/send?text=https:\/\/radiorevelacionfm.cl\/?p=6556' aria-hidden='false' data-av_icon='\uf232' data-av_iconfont='entypo-fontello' title='' data-avia-related-tooltip='Compartir en Whatsapp' rel=\"noopener\"><span class='avia_hidden_link_text'>Compartir en Whatsapp<\/span><\/a><\/li><li class='av-share-link av-social-link-linkedin' ><a target=\"_blank\" aria-label=\"Compartir en LinkedIn\" href='https:\/\/linkedin.com\/shareArticle?mini=true&#038;title=Consejeros%20abordan%20con%20alcalde%20de%20Coyhaique%20agenda%20de%20prioridades%20comunales&#038;url=https:\/\/radiorevelacionfm.cl\/?p=6556' aria-hidden='false' data-av_icon='\ue8fc' data-av_iconfont='entypo-fontello' title='' data-avia-related-tooltip='Compartir en LinkedIn' rel=\"noopener\"><span class='avia_hidden_link_text'>Compartir en LinkedIn<\/span><\/a><\/li><li class='av-share-link av-social-link-mail' ><a  aria-label=\"Compartir por correo\" href='mailto:?subject=Consejeros%20abordan%20con%20alcalde%20de%20Coyhaique%20agenda%20de%20prioridades%20comunales&#038;body=https:\/\/radiorevelacionfm.cl\/?p=6556' aria-hidden='false' data-av_icon='\ue805' data-av_iconfont='entypo-fontello' title='' data-avia-related-tooltip='Compartir por correo'><span class='avia_hidden_link_text'>Compartir por correo<\/span><\/a><\/li><\/ul><\/div><\/div>\n<div  style='height:50px' class='hr hr-invisible   avia-builder-el-8  el_after_av_social_share  el_before_av_comments_list '><span class='hr-inner ' ><span class='hr-inner-style'><\/span><\/span><\/div>\n<div  class='av-buildercomment  av-blog-meta-html-info-disabled av-blog-meta-tag-disabled  '><\/div>\n","protected":false},"excerpt":{"rendered":"","protected":false},"author":1,"featured_media":6557,"comment_status":"open","ping_status":"open","sticky":false,"template":"","format":"standard","meta":{"footnotes":""},"categories":[38],"tags":[],"class_list":["post-6556","post","type-post","status-publish","format-standard","has-post-thumbnail","hentry","category-regional"],"jetpack_featured_media_url":"https:\/\/radiorevelacionfm.cl\/wp-content\/uploads\/2021\/07\/Consejeros-2021-07-21i-1-1.jpg","_links":{"self":[{"href":"https:\/\/radiorevelacionfm.cl\/index.php?rest_route=\/wp\/v2\/posts\/6556","targetHints":{"allow":["GET"]}}],"collection":[{"href":"https:\/\/radiorevelacionfm.cl\/index.php?rest_route=\/wp\/v2\/posts"}],"about":[{"href":"https:\/\/radiorevelacionfm.cl\/index.php?rest_route=\/wp\/v2\/types\/post"}],"author":[{"embeddable":true,"href":"https:\/\/radiorevelacionfm.cl\/index.php?rest_route=\/wp\/v2\/users\/1"}],"replies":[{"embeddable":true,"href":"https:\/\/radiorevelacionfm.cl\/index.php?rest_route=%2Fwp%2Fv2%2Fcomments&post=6556"}],"version-history":[{"count":1,"href":"https:\/\/radiorevelacionfm.cl\/index.php?rest_route=\/wp\/v2\/posts\/6556\/revisions"}],"predecessor-version":[{"id":6558,"href":"https:\/\/radiorevelacionfm.cl\/index.php?rest_route=\/wp\/v2\/posts\/6556\/revisions\/6558"}],"wp:featuredmedia":[{"embeddable":true,"href":"https:\/\/radiorevelacionfm.cl\/index.php?rest_route=\/wp\/v2\/media\/6557"}],"wp:attachment":[{"href":"https:\/\/radiorevelacionfm.cl\/index.php?rest_route=%2Fwp%2Fv2%2Fmedia&parent=6556"}],"wp:term":[{"taxonomy":"category","embeddable":true,"href":"https:\/\/radiorevelacionfm.cl\/index.php?rest_route=%2Fwp%2Fv2%2Fcategories&post=6556"},{"taxonomy":"post_tag","embeddable":true,"href":"https:\/\/radiorevelacionfm.cl\/index.php?rest_route=%2Fwp%2Fv2%2Ftags&post=6556"}],"curies":[{"name":"wp","href":"https:\/\/api.w.org\/{rel}","templated":true}]}}