{"id":6553,"date":"2021-07-22T16:16:03","date_gmt":"2021-07-22T19:16:03","guid":{"rendered":"https:\/\/radiorevelacionfm.cl\/?p=6553"},"modified":"2021-07-22T16:16:03","modified_gmt":"2021-07-22T19:16:03","slug":"alcalde-uribe-sobre-reapertura-del-polideportivo-apuntamos-al-beneficio-de-la-salud-mental-de-los-ayseninos-a-traves-del-deporte","status":"publish","type":"post","link":"https:\/\/radiorevelacionfm.cl\/?p=6553","title":{"rendered":"Alcalde Uribe sobre reapertura del Polideportivo \u201cApuntamos al beneficio de la salud mental de los ayseninos a trav\u00e9s del deporte\u201d"},"content":{"rendered":"<div class=\"flex_column av_one_full  flex_column_div av-zero-column-padding first  avia-builder-el-0  el_before_av_one_full  avia-builder-el-first  \" style='border-radius:0px; '><div  class='avia-image-container  av-styling-    avia-builder-el-1  avia-builder-el-no-sibling  avia-align-center '  itemprop=\"image\" itemscope=\"itemscope\" itemtype=\"https:\/\/schema.org\/ImageObject\"  ><div class='avia-image-container-inner'><div class='avia-image-overlay-wrap'><img decoding=\"async\" class='wp-image-6554 avia-img-lazy-loading-not-6554 avia_image' src=\"https:\/\/radiorevelacionfm.cl\/wp-content\/uploads\/2021\/07\/IMG_Polideportivo-1-1.jpg\" alt='' title='IMG_Polideportivo (1) (1)' height=\"600\" width=\"800\"  itemprop=\"thumbnailUrl\" srcset=\"https:\/\/radiorevelacionfm.cl\/wp-content\/uploads\/2021\/07\/IMG_Polideportivo-1-1.jpg 800w, https:\/\/radiorevelacionfm.cl\/wp-content\/uploads\/2021\/07\/IMG_Polideportivo-1-1-300x225.jpg 300w, https:\/\/radiorevelacionfm.cl\/wp-content\/uploads\/2021\/07\/IMG_Polideportivo-1-1-768x576.jpg 768w, https:\/\/radiorevelacionfm.cl\/wp-content\/uploads\/2021\/07\/IMG_Polideportivo-1-1-705x529.jpg 705w, https:\/\/radiorevelacionfm.cl\/wp-content\/uploads\/2021\/07\/IMG_Polideportivo-1-1-600x450.jpg 600w\" sizes=\"(max-width: 800px) 100vw, 800px\" \/><\/div><\/div><\/div><\/div><div class=\"flex_column av_one_full  flex_column_div av-zero-column-padding first  avia-builder-el-2  el_after_av_one_full  el_before_av_one_full  column-top-margin\" style='border-radius:0px; '><section class=\"av_textblock_section \"  itemscope=\"itemscope\" itemtype=\"https:\/\/schema.org\/BlogPosting\" itemprop=\"blogPost\" ><div class='avia_textblock  '   itemprop=\"text\" ><p style=\"text-align: center;\"><strong><span style=\"font-size: 18pt;\">Alcalde Uribe sobre reapertura del Polideportivo \u201cApuntamos al beneficio de la salud mental de los ayseninos a trav\u00e9s del deporte\u201d<\/span><\/strong><\/p>\n<div id=\"gtx-trans\" style=\"position: absolute; left: -50px; top: 4.31534px;\">\n<div class=\"gtx-trans-icon\"><\/div>\n<\/div>\n<\/div><\/section><\/div><div class=\"flex_column av_one_full  flex_column_div av-zero-column-padding first  avia-builder-el-4  el_after_av_one_full  el_before_av_hr  column-top-margin\" style='border-radius:0px; '><section class=\"av_textblock_section \"  itemscope=\"itemscope\" itemtype=\"https:\/\/schema.org\/BlogPosting\" itemprop=\"blogPost\" ><div class='avia_textblock  '   itemprop=\"text\" ><p style=\"text-align: justify;\">\u201cComo municipio hemos estado expectantes al paso a paso del gobierno de que nos permita utilizar nuestro Polideportivo para realizar actividades f\u00edsicas, que no van s\u00f3lo en beneficio del estado f\u00edsico, sino tambi\u00e9n lo mental. Y eso para nosotros es muy importante la calidad de vida de los ayseninos\u201d, se\u00f1al\u00f3 el alcalde Julio Uribe, respecto a la reciente reapertura del complejo deportivo 21 de Abril, instalado en Puerto Ays\u00e9n.<\/p>\n<p style=\"text-align: justify;\">Al respecto, el edil agreg\u00f3 que \u201ca trav\u00e9s del Polideportivo se pueden entregar estos espacios que son tan necesarios y, asimismo, generar las advertencias y el resguardo para que no hayan contagiados\u201d.<\/p>\n<p style=\"text-align: justify;\">Es as\u00ed que en esta primera semana de reapertura las dos salas dispuestas a la comunidad -musculaci\u00f3n y cardiovascular-, han funcionado de manera \u00f3ptima. Cumpliendo todo lo requerido en cuanto a protocolo de ingreso y egreso, con una cantidad m\u00e1xima de 10 usuarios por sala, separado en bloques de 90 minutos cada uno, divididos en 60 minutos de actividad f\u00edsica y 30 de desinfecci\u00f3n y ventilaci\u00f3n de los espacios.<\/p>\n<p style=\"text-align: justify;\">A fin de evitar contacto material y f\u00edsico, la adquisici\u00f3n de ticket para acceder a la rutina deportiva se est\u00e1 realizando v\u00eda compra online, para lo cual se ha dispuesto un numero de WhatsApp, y en que el proceso de cancelaci\u00f3n se efect\u00faa mediante transferencia bancaria a la cuenta corriente de la Corporaci\u00f3n Municipal de Deporte en Ays\u00e9n.<\/p>\n<p style=\"text-align: justify;\">A las salas que hoy est\u00e1n funcionando, se sumar\u00e1 el pr\u00f3ximo d\u00eda lunes 2 de agosto la apertura de las clases dirigidas, que se llevar\u00e1 a cabo en las mismas condiciones que las hoy existentes. \u201cInvitar a la comunidad a hacer uso de este espacio, somos bendecidos en tenerlo y m\u00e1s a\u00fan poder volver a utilizarlo. Paso a paso avanzando en que est\u00e9n todas las disciplinas funcionando. Hoy hay s\u00f3lo algunas, pero estoy confiado en que dentro de los pr\u00f3ximos meses volveremos al 100 por ciento de funcionamiento\u201d, a\u00f1adi\u00f3 la m\u00e1xima autoridad comunal.<\/p>\n<p style=\"text-align: justify;\">\u201cHoy est\u00e1 la totalidad del personal de Polideportivo trabajando y tomando todas las medidas necesarias. Por ello, felicito a este equipo de trabajo porque son personas que han estado esperando durante bastante tiempo esto, y s\u00f3lo esperar que todo resulte de la mejor manera y se sigan ampliando las coberturas para el desarrollo deportivo\u201d, finaliz\u00f3 Uribe Alvarado.<\/p>\n<\/div><\/section><\/div><div  style='height:50px' class='hr hr-invisible   avia-builder-el-6  el_after_av_one_full  el_before_av_social_share '><span class='hr-inner ' ><span class='hr-inner-style'><\/span><\/span><\/div><\/p>\n<div  class='av-social-sharing-box  avia-builder-el-7  el_after_av_hr  el_before_av_hr  '><div class='av-share-box'><h5 class='av-share-link-description av-no-toc '>Compartir esta noticia<\/h5><ul class='av-share-box-list noLightbox'><li class='av-share-link av-social-link-facebook' ><a target=\"_blank\" aria-label=\"Compartir en Facebook\" href='https:\/\/www.facebook.com\/sharer.php?u=https:\/\/radiorevelacionfm.cl\/?p=6553&#038;t=Alcalde%20Uribe%20sobre%20reapertura%20del%20Polideportivo%20%E2%80%9CApuntamos%20al%20beneficio%20de%20la%20salud%20mental%20de%20los%20ayseninos%20a%20trav%C3%A9s%20del%20deporte%E2%80%9D' aria-hidden='false' data-av_icon='\ue8f3' data-av_iconfont='entypo-fontello' title='' data-avia-related-tooltip='Compartir en Facebook' rel=\"noopener\"><span class='avia_hidden_link_text'>Compartir en Facebook<\/span><\/a><\/li><li class='av-share-link av-social-link-twitter' ><a target=\"_blank\" aria-label=\"Compartir en Twitter\" href='https:\/\/twitter.com\/share?text=Alcalde%20Uribe%20sobre%20reapertura%20del%20Polideportivo%20%E2%80%9CApuntamos%20al%20beneficio%20de%20la%20salud%20mental%20de%20los%20ayseninos%20a%20trav%C3%A9s%20del%20deporte%E2%80%9D&#038;url=https:\/\/radiorevelacionfm.cl\/?p=6553' aria-hidden='false' data-av_icon='\ue8f1' data-av_iconfont='entypo-fontello' title='' data-avia-related-tooltip='Compartir en Twitter' rel=\"noopener\"><span class='avia_hidden_link_text'>Compartir en Twitter<\/span><\/a><\/li><li class='av-share-link av-social-link-whatsapp' ><a target=\"_blank\" aria-label=\"Compartir en Whatsapp\" href='https:\/\/api.whatsapp.com\/send?text=https:\/\/radiorevelacionfm.cl\/?p=6553' aria-hidden='false' data-av_icon='\uf232' data-av_iconfont='entypo-fontello' title='' data-avia-related-tooltip='Compartir en Whatsapp' rel=\"noopener\"><span class='avia_hidden_link_text'>Compartir en Whatsapp<\/span><\/a><\/li><li class='av-share-link av-social-link-linkedin' ><a target=\"_blank\" aria-label=\"Compartir en LinkedIn\" href='https:\/\/linkedin.com\/shareArticle?mini=true&#038;title=Alcalde%20Uribe%20sobre%20reapertura%20del%20Polideportivo%20%E2%80%9CApuntamos%20al%20beneficio%20de%20la%20salud%20mental%20de%20los%20ayseninos%20a%20trav%C3%A9s%20del%20deporte%E2%80%9D&#038;url=https:\/\/radiorevelacionfm.cl\/?p=6553' aria-hidden='false' data-av_icon='\ue8fc' data-av_iconfont='entypo-fontello' title='' data-avia-related-tooltip='Compartir en LinkedIn' rel=\"noopener\"><span class='avia_hidden_link_text'>Compartir en LinkedIn<\/span><\/a><\/li><li class='av-share-link av-social-link-mail' ><a  aria-label=\"Compartir por correo\" href='mailto:?subject=Alcalde%20Uribe%20sobre%20reapertura%20del%20Polideportivo%20%E2%80%9CApuntamos%20al%20beneficio%20de%20la%20salud%20mental%20de%20los%20ayseninos%20a%20trav%C3%A9s%20del%20deporte%E2%80%9D&#038;body=https:\/\/radiorevelacionfm.cl\/?p=6553' aria-hidden='false' data-av_icon='\ue805' data-av_iconfont='entypo-fontello' title='' data-avia-related-tooltip='Compartir por correo'><span class='avia_hidden_link_text'>Compartir por correo<\/span><\/a><\/li><\/ul><\/div><\/div>\n<div  style='height:50px' class='hr hr-invisible   avia-builder-el-8  el_after_av_social_share  el_before_av_comments_list '><span class='hr-inner ' ><span class='hr-inner-style'><\/span><\/span><\/div>\n<div  class='av-buildercomment  av-blog-meta-html-info-disabled av-blog-meta-tag-disabled  '><\/div>\n","protected":false},"excerpt":{"rendered":"","protected":false},"author":1,"featured_media":6554,"comment_status":"open","ping_status":"open","sticky":false,"template":"","format":"standard","meta":{"footnotes":""},"categories":[40],"tags":[],"class_list":["post-6553","post","type-post","status-publish","format-standard","has-post-thumbnail","hentry","category-deportes"],"jetpack_featured_media_url":"https:\/\/radiorevelacionfm.cl\/wp-content\/uploads\/2021\/07\/IMG_Polideportivo-1-1.jpg","_links":{"self":[{"href":"https:\/\/radiorevelacionfm.cl\/index.php?rest_route=\/wp\/v2\/posts\/6553","targetHints":{"allow":["GET"]}}],"collection":[{"href":"https:\/\/radiorevelacionfm.cl\/index.php?rest_route=\/wp\/v2\/posts"}],"about":[{"href":"https:\/\/radiorevelacionfm.cl\/index.php?rest_route=\/wp\/v2\/types\/post"}],"author":[{"embeddable":true,"href":"https:\/\/radiorevelacionfm.cl\/index.php?rest_route=\/wp\/v2\/users\/1"}],"replies":[{"embeddable":true,"href":"https:\/\/radiorevelacionfm.cl\/index.php?rest_route=%2Fwp%2Fv2%2Fcomments&post=6553"}],"version-history":[{"count":1,"href":"https:\/\/radiorevelacionfm.cl\/index.php?rest_route=\/wp\/v2\/posts\/6553\/revisions"}],"predecessor-version":[{"id":6555,"href":"https:\/\/radiorevelacionfm.cl\/index.php?rest_route=\/wp\/v2\/posts\/6553\/revisions\/6555"}],"wp:featuredmedia":[{"embeddable":true,"href":"https:\/\/radiorevelacionfm.cl\/index.php?rest_route=\/wp\/v2\/media\/6554"}],"wp:attachment":[{"href":"https:\/\/radiorevelacionfm.cl\/index.php?rest_route=%2Fwp%2Fv2%2Fmedia&parent=6553"}],"wp:term":[{"taxonomy":"category","embeddable":true,"href":"https:\/\/radiorevelacionfm.cl\/index.php?rest_route=%2Fwp%2Fv2%2Fcategories&post=6553"},{"taxonomy":"post_tag","embeddable":true,"href":"https:\/\/radiorevelacionfm.cl\/index.php?rest_route=%2Fwp%2Fv2%2Ftags&post=6553"}],"curies":[{"name":"wp","href":"https:\/\/api.w.org\/{rel}","templated":true}]}}