{"id":6549,"date":"2021-07-22T15:34:10","date_gmt":"2021-07-22T18:34:10","guid":{"rendered":"https:\/\/radiorevelacionfm.cl\/?p=6549"},"modified":"2021-07-22T15:37:25","modified_gmt":"2021-07-22T18:37:25","slug":"diputado-calisto-critica-rol-de-sernac-por-aumento-del-precio-y-posible-colusion-en-el-mercado-del-gas-licuado","status":"publish","type":"post","link":"https:\/\/radiorevelacionfm.cl\/?p=6549","title":{"rendered":"Diputado Calisto critica rol de Sernac por aumento del precio y posible colusi\u00f3n en el mercado del gas licuado"},"content":{"rendered":"<div class=\"flex_column av_one_full  flex_column_div av-zero-column-padding first  avia-builder-el-0  el_before_av_one_full  avia-builder-el-first  \" style='border-radius:0px; '><div  class='avia-image-container  av-styling-    avia-builder-el-1  avia-builder-el-no-sibling  avia-align-center '  itemprop=\"image\" itemscope=\"itemscope\" itemtype=\"https:\/\/schema.org\/ImageObject\"  ><div class='avia-image-container-inner'><div class='avia-image-overlay-wrap'><img decoding=\"async\" class='wp-image-6551 avia-img-lazy-loading-not-6551 avia_image' src=\"https:\/\/radiorevelacionfm.cl\/wp-content\/uploads\/2021\/07\/Gas9-1.jpg\" alt='' title='Gas(9) (1)' height=\"608\" width=\"1066\"  itemprop=\"thumbnailUrl\" srcset=\"https:\/\/radiorevelacionfm.cl\/wp-content\/uploads\/2021\/07\/Gas9-1.jpg 1066w, https:\/\/radiorevelacionfm.cl\/wp-content\/uploads\/2021\/07\/Gas9-1-300x171.jpg 300w, https:\/\/radiorevelacionfm.cl\/wp-content\/uploads\/2021\/07\/Gas9-1-1030x587.jpg 1030w, https:\/\/radiorevelacionfm.cl\/wp-content\/uploads\/2021\/07\/Gas9-1-768x438.jpg 768w, https:\/\/radiorevelacionfm.cl\/wp-content\/uploads\/2021\/07\/Gas9-1-705x402.jpg 705w, https:\/\/radiorevelacionfm.cl\/wp-content\/uploads\/2021\/07\/Gas9-1-600x342.jpg 600w\" sizes=\"(max-width: 1066px) 100vw, 1066px\" \/><\/div><\/div><\/div><\/div><div class=\"flex_column av_one_full  flex_column_div av-zero-column-padding first  avia-builder-el-2  el_after_av_one_full  el_before_av_one_full  column-top-margin\" style='border-radius:0px; '><section class=\"av_textblock_section \"  itemscope=\"itemscope\" itemtype=\"https:\/\/schema.org\/BlogPosting\" itemprop=\"blogPost\" ><div class='avia_textblock  '   itemprop=\"text\" ><p style=\"text-align: center;\"><strong><span style=\"font-size: 18pt;\">Diputado Calisto critica rol de Sernac por aumento del precio y posible colusi\u00f3n en el mercado del gas licuado<\/span><\/strong><\/p>\n<div id=\"gtx-trans\" style=\"position: absolute; left: -50px; top: 4.31534px;\">\n<div class=\"gtx-trans-icon\"><\/div>\n<\/div>\n<\/div><\/section><\/div><\/p>\n<div class=\"flex_column av_one_full  flex_column_div av-zero-column-padding first  avia-builder-el-4  el_after_av_one_full  el_before_av_hr  column-top-margin\" style='border-radius:0px; '><section class=\"av_textblock_section \"  itemscope=\"itemscope\" itemtype=\"https:\/\/schema.org\/BlogPosting\" itemprop=\"blogPost\" ><div class='avia_textblock  '   itemprop=\"text\" ><p style=\"font-weight: 400; text-align: justify;\">En la segunda sesi\u00f3n de la Comisi\u00f3n Investigadora, Subdirector de Sernac confirm\u00f3 que este a\u00f1o no han realizado ninguna fiscalizaci\u00f3n a empresas de gas. Diputados acordaron citar a Ministro de Energ\u00eda.<\/p>\n<p style=\"font-weight: 400; text-align: justify;\">En el marco de la realizaci\u00f3n de la segunda sesi\u00f3n de la Comisi\u00f3n Investigadora por el gas licuado, el presidente de dicha instancia legislativa, diputado Miguel \u00c1ngel Calisto, critic\u00f3 el rol que ha cumplido SERNAC ante el sustancial aumento de precio que ha tenido este producto, asegurando que <strong>\u201cllama la atenci\u00f3n la pasividad que ha tenido esta instituci\u00f3n\u201d.<\/strong><\/p>\n<p style=\"font-weight: 400; text-align: justify;\">En la sesi\u00f3n, donde asisti\u00f3 el Subdirector de Sernac Jean Pierre Couchot, el legislador se\u00f1al\u00f3 que \u201cevidentemente la competencia no est\u00e1 funcionando en el mercado del gas y hay una alta concentraci\u00f3n, lo que fue confirmado por la FNE. En las zonas extremas, en algunas comunas el bal\u00f3n de 15 kilos est\u00e1 costando 34 mil pesos. Esto demuestra que est\u00e1 al criterio del sector privado el alza o no del precio del gas. El tema es \u00bfcu\u00e1l es el rol del Sernac?, \u00bfpor qu\u00e9 debe esperar la denuncia o la investigaci\u00f3n final de la FNE para tomar algunas medidas?\u201d.<\/p>\n<p style=\"font-weight: 400; text-align: justify;\">\u201cMe gustar\u00eda saber cu\u00e1les son las sanciones que han aplicado, porque esta instituci\u00f3n es la que defiende a los consumidores. Yo estoy consciente que el Sernac carece de algunas herramientas y facultades, pero llama la atenci\u00f3n la pasividad, porque se trata de empresas que han aumentado los precios sin preguntarle a nadie, lo que ha ido en perjuicio de los consumidores\u201d, indic\u00f3.<\/p>\n<p style=\"font-weight: 400; text-align: justify;\">Calisto agreg\u00f3 que \u201cel Subdirector de Sernac en su intervenci\u00f3n asegur\u00f3 que durante el 2020 realizaron ocho acciones fiscalizadoras en el mercado del gas licuado, pero en lo que va de 2021 no han realizado ninguna, lo que me parece a lo menos insuficiente tomando en cuenta la gran cantidad de denuncias ciudadanas por los altos costos de este producto\u201d.<\/p>\n<p style=\"font-weight: 400; text-align: justify;\">Finalmente, el diputado Calisto se\u00f1al\u00f3 que \u201cacordamos citar a una pr\u00f3xima sesi\u00f3n de esta Comisi\u00f3n Investigadora al Ministro de Energ\u00eda, Juan Carlos Jobet, para que nos explique tambi\u00e9n que acciones ha impulsado el Gobierno para determinar posibles irregularidades en el mercado del gas licuado. Necesitamos fiscalizar y reitero que es fundamental buscar un mecanismo que permita controlar el precio de este producto\u201d.<\/p>\n<\/div><\/section><\/div>\n<div  style='height:50px' class='hr hr-invisible   avia-builder-el-6  el_after_av_one_full  el_before_av_social_share '><span class='hr-inner ' ><span class='hr-inner-style'><\/span><\/span><\/div>\n<div  class='av-social-sharing-box  avia-builder-el-7  el_after_av_hr  el_before_av_hr  '><div class='av-share-box'><h5 class='av-share-link-description av-no-toc '>Compartir esta noticia<\/h5><ul class='av-share-box-list noLightbox'><li class='av-share-link av-social-link-facebook' ><a target=\"_blank\" aria-label=\"Compartir en Facebook\" href='https:\/\/www.facebook.com\/sharer.php?u=https:\/\/radiorevelacionfm.cl\/?p=6549&#038;t=Diputado%20Calisto%20critica%20rol%20de%20Sernac%20por%20aumento%20del%20precio%20y%20posible%20colusi%C3%B3n%20en%20el%20mercado%20del%20gas%20licuado' aria-hidden='false' data-av_icon='\ue8f3' data-av_iconfont='entypo-fontello' title='' data-avia-related-tooltip='Compartir en Facebook' rel=\"noopener\"><span class='avia_hidden_link_text'>Compartir en Facebook<\/span><\/a><\/li><li class='av-share-link av-social-link-twitter' ><a target=\"_blank\" aria-label=\"Compartir en Twitter\" href='https:\/\/twitter.com\/share?text=Diputado%20Calisto%20critica%20rol%20de%20Sernac%20por%20aumento%20del%20precio%20y%20posible%20colusi%C3%B3n%20en%20el%20mercado%20del%20gas%20licuado&#038;url=https:\/\/radiorevelacionfm.cl\/?p=6549' aria-hidden='false' data-av_icon='\ue8f1' data-av_iconfont='entypo-fontello' title='' data-avia-related-tooltip='Compartir en Twitter' rel=\"noopener\"><span class='avia_hidden_link_text'>Compartir en Twitter<\/span><\/a><\/li><li class='av-share-link av-social-link-whatsapp' ><a target=\"_blank\" aria-label=\"Compartir en Whatsapp\" href='https:\/\/api.whatsapp.com\/send?text=https:\/\/radiorevelacionfm.cl\/?p=6549' aria-hidden='false' data-av_icon='\uf232' data-av_iconfont='entypo-fontello' title='' data-avia-related-tooltip='Compartir en Whatsapp' rel=\"noopener\"><span class='avia_hidden_link_text'>Compartir en Whatsapp<\/span><\/a><\/li><li class='av-share-link av-social-link-linkedin' ><a target=\"_blank\" aria-label=\"Compartir en LinkedIn\" href='https:\/\/linkedin.com\/shareArticle?mini=true&#038;title=Diputado%20Calisto%20critica%20rol%20de%20Sernac%20por%20aumento%20del%20precio%20y%20posible%20colusi%C3%B3n%20en%20el%20mercado%20del%20gas%20licuado&#038;url=https:\/\/radiorevelacionfm.cl\/?p=6549' aria-hidden='false' data-av_icon='\ue8fc' data-av_iconfont='entypo-fontello' title='' data-avia-related-tooltip='Compartir en LinkedIn' rel=\"noopener\"><span class='avia_hidden_link_text'>Compartir en LinkedIn<\/span><\/a><\/li><li class='av-share-link av-social-link-mail' ><a  aria-label=\"Compartir por correo\" href='mailto:?subject=Diputado%20Calisto%20critica%20rol%20de%20Sernac%20por%20aumento%20del%20precio%20y%20posible%20colusi%C3%B3n%20en%20el%20mercado%20del%20gas%20licuado&#038;body=https:\/\/radiorevelacionfm.cl\/?p=6549' aria-hidden='false' data-av_icon='\ue805' data-av_iconfont='entypo-fontello' title='' data-avia-related-tooltip='Compartir por correo'><span class='avia_hidden_link_text'>Compartir por correo<\/span><\/a><\/li><\/ul><\/div><\/div>\n<div  style='height:50px' class='hr hr-invisible   avia-builder-el-8  el_after_av_social_share  el_before_av_comments_list '><span class='hr-inner ' ><span class='hr-inner-style'><\/span><\/span><\/div>\n<div  class='av-buildercomment  av-blog-meta-html-info-disabled av-blog-meta-tag-disabled  '><\/div>\n","protected":false},"excerpt":{"rendered":"","protected":false},"author":1,"featured_media":6551,"comment_status":"open","ping_status":"open","sticky":false,"template":"","format":"standard","meta":{"footnotes":""},"categories":[35],"tags":[],"class_list":["post-6549","post","type-post","status-publish","format-standard","has-post-thumbnail","hentry","category-politica"],"jetpack_featured_media_url":"https:\/\/radiorevelacionfm.cl\/wp-content\/uploads\/2021\/07\/Gas9-1.jpg","_links":{"self":[{"href":"https:\/\/radiorevelacionfm.cl\/index.php?rest_route=\/wp\/v2\/posts\/6549","targetHints":{"allow":["GET"]}}],"collection":[{"href":"https:\/\/radiorevelacionfm.cl\/index.php?rest_route=\/wp\/v2\/posts"}],"about":[{"href":"https:\/\/radiorevelacionfm.cl\/index.php?rest_route=\/wp\/v2\/types\/post"}],"author":[{"embeddable":true,"href":"https:\/\/radiorevelacionfm.cl\/index.php?rest_route=\/wp\/v2\/users\/1"}],"replies":[{"embeddable":true,"href":"https:\/\/radiorevelacionfm.cl\/index.php?rest_route=%2Fwp%2Fv2%2Fcomments&post=6549"}],"version-history":[{"count":2,"href":"https:\/\/radiorevelacionfm.cl\/index.php?rest_route=\/wp\/v2\/posts\/6549\/revisions"}],"predecessor-version":[{"id":6552,"href":"https:\/\/radiorevelacionfm.cl\/index.php?rest_route=\/wp\/v2\/posts\/6549\/revisions\/6552"}],"wp:featuredmedia":[{"embeddable":true,"href":"https:\/\/radiorevelacionfm.cl\/index.php?rest_route=\/wp\/v2\/media\/6551"}],"wp:attachment":[{"href":"https:\/\/radiorevelacionfm.cl\/index.php?rest_route=%2Fwp%2Fv2%2Fmedia&parent=6549"}],"wp:term":[{"taxonomy":"category","embeddable":true,"href":"https:\/\/radiorevelacionfm.cl\/index.php?rest_route=%2Fwp%2Fv2%2Fcategories&post=6549"},{"taxonomy":"post_tag","embeddable":true,"href":"https:\/\/radiorevelacionfm.cl\/index.php?rest_route=%2Fwp%2Fv2%2Ftags&post=6549"}],"curies":[{"name":"wp","href":"https:\/\/api.w.org\/{rel}","templated":true}]}}