{"id":6545,"date":"2021-07-22T12:36:48","date_gmt":"2021-07-22T15:36:48","guid":{"rendered":"https:\/\/radiorevelacionfm.cl\/?p=6545"},"modified":"2021-07-22T12:45:12","modified_gmt":"2021-07-22T15:45:12","slug":"mindep-ind-aysen-destaca-trabajo-formativo-del-club-de-gimnasia-ritmica-origenes","status":"publish","type":"post","link":"https:\/\/radiorevelacionfm.cl\/?p=6545","title":{"rendered":"Mindep-IND Ays\u00e9n destaca trabajo formativo del club de Gimnasia R\u00edtmica Or\u00edgenes"},"content":{"rendered":"<div class=\"flex_column av_one_full  flex_column_div av-zero-column-padding first  avia-builder-el-0  el_before_av_one_full  avia-builder-el-first  \" style='border-radius:0px; '><div  class='avia-image-container  av-styling-    avia-builder-el-1  avia-builder-el-no-sibling  avia-align-center '  itemprop=\"image\" itemscope=\"itemscope\" itemtype=\"https:\/\/schema.org\/ImageObject\"  ><div class='avia-image-container-inner'><div class='avia-image-overlay-wrap'><img decoding=\"async\" class='wp-image-6546 avia-img-lazy-loading-not-6546 avia_image' src=\"https:\/\/radiorevelacionfm.cl\/wp-content\/uploads\/2021\/07\/9-31-1-1.jpg\" alt='' title='9 (3)1 (1) (1)' height=\"600\" width=\"930\"  itemprop=\"thumbnailUrl\" srcset=\"https:\/\/radiorevelacionfm.cl\/wp-content\/uploads\/2021\/07\/9-31-1-1.jpg 930w, https:\/\/radiorevelacionfm.cl\/wp-content\/uploads\/2021\/07\/9-31-1-1-300x194.jpg 300w, https:\/\/radiorevelacionfm.cl\/wp-content\/uploads\/2021\/07\/9-31-1-1-768x495.jpg 768w, https:\/\/radiorevelacionfm.cl\/wp-content\/uploads\/2021\/07\/9-31-1-1-705x455.jpg 705w, https:\/\/radiorevelacionfm.cl\/wp-content\/uploads\/2021\/07\/9-31-1-1-600x387.jpg 600w\" sizes=\"(max-width: 930px) 100vw, 930px\" \/><\/div><\/div><\/div><\/div>\n<div class=\"flex_column av_one_full  flex_column_div av-zero-column-padding first  avia-builder-el-2  el_after_av_one_full  el_before_av_one_full  column-top-margin\" style='border-radius:0px; '><section class=\"av_textblock_section \"  itemscope=\"itemscope\" itemtype=\"https:\/\/schema.org\/BlogPosting\" itemprop=\"blogPost\" ><div class='avia_textblock  '   itemprop=\"text\" ><p style=\"text-align: center;\"><span style=\"font-size: 18pt;\"><b>Mindep-IND Ays\u00e9n destaca trabajo formativo del club de Gimnasia R\u00edtmica Or\u00edgenes<\/b><\/span><\/p>\n<div id=\"gtx-trans\" style=\"position: absolute; left: -50px; top: 4.31534px;\">\n<div class=\"gtx-trans-icon\"><\/div>\n<\/div>\n<\/div><\/section><\/div>\n<div class=\"flex_column av_one_full  flex_column_div av-zero-column-padding first  avia-builder-el-4  el_after_av_one_full  el_before_av_hr  column-top-margin\" style='border-radius:0px; '><section class=\"av_textblock_section \"  itemscope=\"itemscope\" itemtype=\"https:\/\/schema.org\/BlogPosting\" itemprop=\"blogPost\" ><div class='avia_textblock  '   itemprop=\"text\" ><div>\n<p class=\"v1MsoNormal\" style=\"text-align: justify;\">Hasta las dependencias del club Gimnasia R\u00edtmica Or\u00edgenes se traslad\u00f3 el Seremi del Deporte, Rodrigo Cubilla Retamal, junto al Director Regional del IND Jos\u00e9 Manuel Sep\u00falveda para conocer en terreno el trabajo que realiza su entrenadora Natalia S\u00e1ez, el que les ha permitido obtener importantes resultados.<\/p>\n<p class=\"v1MsoNormal\" style=\"text-align: justify;\">Durante el encuentro, ambas autoridades regionales se interiorizaron del proceso formativo que realiza este club y de c\u00f3mo han continuado activos durante la pandemia, adecuando los entrenamientos y participando en torneos virtuales, ocasi\u00f3n en la que adem\u00e1s entregaron un galvano de reconocimiento por los logros obtenidos.<\/p>\n<p class=\"v1MsoNormal\" style=\"text-align: justify;\">\u00abEs muy importante tanto para el Mindep como para el IND conocer el trabajo que est\u00e1n realizando como club y de esta forma poder apoyarlos en su proceso de entrenamiento, por lo que hoy junto al director del IND estamos reconociendo la perseverancia y la disciplina deportiva\u00bb se\u00f1al\u00f3 el Seremi del Deporte, Rodrigo Cubilla Retamal.<\/p>\n<p class=\"v1MsoNormal\" style=\"text-align: justify;\">Por su parte, la entrenadora del club Natalia S\u00e1ez agreg\u00f3 \u00abhemos adaptado nuestra forma de entrenar, cuidando a nuestras ni\u00f1as e incluso he trabajado con ellas en sus domicilios, los que nos ha permitido mantener el nivel competitivo adaptando las rutinas y prepar\u00e1ndonos para las pr\u00f3ximas fechas de las competencias\u00bb, explic\u00f3.<\/p>\n<p style=\"text-align: justify;\">Las gimnastas regionales se preparan para participar en la segunda fase del Grand Prix virtual liga GRD y Campeonato Nacional organizado por la Federaci\u00f3n Chilena de esta especialidad deportiva.<\/p>\n<p class=\"v1MsoNormal\" style=\"text-align: justify;\">En tanto, el Director Regional del IND Jos\u00e9 Manuel Sep\u00falveda, felicit\u00f3 a cada una de las deportistas, precisando \u00abnos parece importante destacar el deporte femenino y una buena forma de hacerlo es reconociendo a nuestras diez gimnastas y a su entrenadora que con tanta disciplina y trabajo han conseguido importantes triunfos, gestionando que puedan hacer uso de las dependencias del Estadio Regional en horarios o ventanas disponibles para que se preparen para el pr\u00f3ximo Campeonato Nacional\u00bb, se\u00f1al\u00f3 el director.<\/p>\n<\/div>\n<div style=\"text-align: justify;\"><\/div>\n<\/div><\/section><\/div><div  style='height:50px' class='hr hr-invisible   avia-builder-el-6  el_after_av_one_full  el_before_av_social_share '><span class='hr-inner ' ><span class='hr-inner-style'><\/span><\/span><\/div><\/p>\n<div  class='av-social-sharing-box  avia-builder-el-7  el_after_av_hr  el_before_av_hr  '><div class='av-share-box'><h5 class='av-share-link-description av-no-toc '>Compartir esta noticia<\/h5><ul class='av-share-box-list noLightbox'><li class='av-share-link av-social-link-facebook' ><a target=\"_blank\" aria-label=\"Compartir en Facebook\" href='https:\/\/www.facebook.com\/sharer.php?u=https:\/\/radiorevelacionfm.cl\/?p=6545&#038;t=Mindep-IND%20Ays%C3%A9n%20destaca%20trabajo%20formativo%20del%20club%20de%20Gimnasia%20R%C3%ADtmica%20Or%C3%ADgenes' aria-hidden='false' data-av_icon='\ue8f3' data-av_iconfont='entypo-fontello' title='' data-avia-related-tooltip='Compartir en Facebook' rel=\"noopener\"><span class='avia_hidden_link_text'>Compartir en Facebook<\/span><\/a><\/li><li class='av-share-link av-social-link-twitter' ><a target=\"_blank\" aria-label=\"Compartir en Twitter\" href='https:\/\/twitter.com\/share?text=Mindep-IND%20Ays%C3%A9n%20destaca%20trabajo%20formativo%20del%20club%20de%20Gimnasia%20R%C3%ADtmica%20Or%C3%ADgenes&#038;url=https:\/\/radiorevelacionfm.cl\/?p=6545' aria-hidden='false' data-av_icon='\ue8f1' data-av_iconfont='entypo-fontello' title='' data-avia-related-tooltip='Compartir en Twitter' rel=\"noopener\"><span class='avia_hidden_link_text'>Compartir en Twitter<\/span><\/a><\/li><li class='av-share-link av-social-link-whatsapp' ><a target=\"_blank\" aria-label=\"Compartir en Whatsapp\" href='https:\/\/api.whatsapp.com\/send?text=https:\/\/radiorevelacionfm.cl\/?p=6545' aria-hidden='false' data-av_icon='\uf232' data-av_iconfont='entypo-fontello' title='' data-avia-related-tooltip='Compartir en Whatsapp' rel=\"noopener\"><span class='avia_hidden_link_text'>Compartir en Whatsapp<\/span><\/a><\/li><li class='av-share-link av-social-link-linkedin' ><a target=\"_blank\" aria-label=\"Compartir en LinkedIn\" href='https:\/\/linkedin.com\/shareArticle?mini=true&#038;title=Mindep-IND%20Ays%C3%A9n%20destaca%20trabajo%20formativo%20del%20club%20de%20Gimnasia%20R%C3%ADtmica%20Or%C3%ADgenes&#038;url=https:\/\/radiorevelacionfm.cl\/?p=6545' aria-hidden='false' data-av_icon='\ue8fc' data-av_iconfont='entypo-fontello' title='' data-avia-related-tooltip='Compartir en LinkedIn' rel=\"noopener\"><span class='avia_hidden_link_text'>Compartir en LinkedIn<\/span><\/a><\/li><li class='av-share-link av-social-link-mail' ><a  aria-label=\"Compartir por correo\" href='mailto:?subject=Mindep-IND%20Ays%C3%A9n%20destaca%20trabajo%20formativo%20del%20club%20de%20Gimnasia%20R%C3%ADtmica%20Or%C3%ADgenes&#038;body=https:\/\/radiorevelacionfm.cl\/?p=6545' aria-hidden='false' data-av_icon='\ue805' data-av_iconfont='entypo-fontello' title='' data-avia-related-tooltip='Compartir por correo'><span class='avia_hidden_link_text'>Compartir por correo<\/span><\/a><\/li><\/ul><\/div><\/div>\n<div  style='height:50px' class='hr hr-invisible   avia-builder-el-8  el_after_av_social_share  el_before_av_comments_list '><span class='hr-inner ' ><span class='hr-inner-style'><\/span><\/span><\/div>\n<div  class='av-buildercomment  av-blog-meta-html-info-disabled av-blog-meta-tag-disabled  '><\/div>\n","protected":false},"excerpt":{"rendered":"","protected":false},"author":1,"featured_media":6546,"comment_status":"open","ping_status":"open","sticky":false,"template":"","format":"standard","meta":{"footnotes":""},"categories":[40],"tags":[],"class_list":["post-6545","post","type-post","status-publish","format-standard","has-post-thumbnail","hentry","category-deportes"],"jetpack_featured_media_url":"https:\/\/radiorevelacionfm.cl\/wp-content\/uploads\/2021\/07\/9-31-1-1.jpg","_links":{"self":[{"href":"https:\/\/radiorevelacionfm.cl\/index.php?rest_route=\/wp\/v2\/posts\/6545","targetHints":{"allow":["GET"]}}],"collection":[{"href":"https:\/\/radiorevelacionfm.cl\/index.php?rest_route=\/wp\/v2\/posts"}],"about":[{"href":"https:\/\/radiorevelacionfm.cl\/index.php?rest_route=\/wp\/v2\/types\/post"}],"author":[{"embeddable":true,"href":"https:\/\/radiorevelacionfm.cl\/index.php?rest_route=\/wp\/v2\/users\/1"}],"replies":[{"embeddable":true,"href":"https:\/\/radiorevelacionfm.cl\/index.php?rest_route=%2Fwp%2Fv2%2Fcomments&post=6545"}],"version-history":[{"count":2,"href":"https:\/\/radiorevelacionfm.cl\/index.php?rest_route=\/wp\/v2\/posts\/6545\/revisions"}],"predecessor-version":[{"id":6548,"href":"https:\/\/radiorevelacionfm.cl\/index.php?rest_route=\/wp\/v2\/posts\/6545\/revisions\/6548"}],"wp:featuredmedia":[{"embeddable":true,"href":"https:\/\/radiorevelacionfm.cl\/index.php?rest_route=\/wp\/v2\/media\/6546"}],"wp:attachment":[{"href":"https:\/\/radiorevelacionfm.cl\/index.php?rest_route=%2Fwp%2Fv2%2Fmedia&parent=6545"}],"wp:term":[{"taxonomy":"category","embeddable":true,"href":"https:\/\/radiorevelacionfm.cl\/index.php?rest_route=%2Fwp%2Fv2%2Fcategories&post=6545"},{"taxonomy":"post_tag","embeddable":true,"href":"https:\/\/radiorevelacionfm.cl\/index.php?rest_route=%2Fwp%2Fv2%2Ftags&post=6545"}],"curies":[{"name":"wp","href":"https:\/\/api.w.org\/{rel}","templated":true}]}}