{"id":6542,"date":"2021-07-22T12:01:10","date_gmt":"2021-07-22T15:01:10","guid":{"rendered":"https:\/\/radiorevelacionfm.cl\/?p=6542"},"modified":"2021-07-22T12:01:10","modified_gmt":"2021-07-22T15:01:10","slug":"exitosamente-se-lleva-a-cabo-primera-jornada-de-dideco-en-tu-barrio-en-puerto-aysen","status":"publish","type":"post","link":"https:\/\/radiorevelacionfm.cl\/?p=6542","title":{"rendered":"Exitosamente se lleva a cabo primera jornada de \u201cDIDECO en tu Barrio\u201d en Puerto Ays\u00e9n"},"content":{"rendered":"<div class=\"flex_column av_one_full  flex_column_div av-zero-column-padding first  avia-builder-el-0  el_before_av_one_full  avia-builder-el-first  \" style='border-radius:0px; '><div  class='avia-image-container  av-styling-    avia-builder-el-1  avia-builder-el-no-sibling  avia-align-center '  itemprop=\"image\" itemscope=\"itemscope\" itemtype=\"https:\/\/schema.org\/ImageObject\"  ><div class='avia-image-container-inner'><div class='avia-image-overlay-wrap'><img decoding=\"async\" class='wp-image-6543 avia-img-lazy-loading-not-6543 avia_image' src=\"https:\/\/radiorevelacionfm.cl\/wp-content\/uploads\/2021\/07\/Dideco-en-tu-barrio-1-1.jpg\" alt='' title='Dideco en tu barrio (1) (1)' height=\"600\" width=\"900\"  itemprop=\"thumbnailUrl\" srcset=\"https:\/\/radiorevelacionfm.cl\/wp-content\/uploads\/2021\/07\/Dideco-en-tu-barrio-1-1.jpg 900w, https:\/\/radiorevelacionfm.cl\/wp-content\/uploads\/2021\/07\/Dideco-en-tu-barrio-1-1-300x200.jpg 300w, https:\/\/radiorevelacionfm.cl\/wp-content\/uploads\/2021\/07\/Dideco-en-tu-barrio-1-1-768x512.jpg 768w, https:\/\/radiorevelacionfm.cl\/wp-content\/uploads\/2021\/07\/Dideco-en-tu-barrio-1-1-705x470.jpg 705w, https:\/\/radiorevelacionfm.cl\/wp-content\/uploads\/2021\/07\/Dideco-en-tu-barrio-1-1-600x400.jpg 600w\" sizes=\"(max-width: 900px) 100vw, 900px\" \/><\/div><\/div><\/div><\/div><div class=\"flex_column av_one_full  flex_column_div av-zero-column-padding first  avia-builder-el-2  el_after_av_one_full  el_before_av_one_full  column-top-margin\" style='border-radius:0px; '><section class=\"av_textblock_section \"  itemscope=\"itemscope\" itemtype=\"https:\/\/schema.org\/BlogPosting\" itemprop=\"blogPost\" ><div class='avia_textblock  '   itemprop=\"text\" ><p style=\"text-align: center;\"><strong><span style=\"font-size: 18pt;\">Exitosamente se lleva a cabo primera jornada de \u201cDIDECO en tu Barrio\u201d en Puerto Ays\u00e9n<\/span><\/strong><\/p>\n<div id=\"gtx-trans\" style=\"position: absolute; left: -50px; top: 4.31534px;\">\n<div class=\"gtx-trans-icon\"><\/div>\n<\/div>\n<\/div><\/section><\/div><div class=\"flex_column av_one_full  flex_column_div av-zero-column-padding first  avia-builder-el-4  el_after_av_one_full  el_before_av_hr  column-top-margin\" style='border-radius:0px; '><section class=\"av_textblock_section \"  itemscope=\"itemscope\" itemtype=\"https:\/\/schema.org\/BlogPosting\" itemprop=\"blogPost\" ><div class='avia_textblock  '   itemprop=\"text\" ><p style=\"text-align: justify;\">Un positivo balance es el resultado de la primera jornada de \u201cDideco en tu Barrio\u201d. Iniciativa del municipio aysenino que tiene como fin trasladar hasta diversos puntos de la comuna los servicios m\u00e1s requeridos por la comunidad de la Direcci\u00f3n de Desarrollo Comunitario para atender de forma m\u00e1s eficaz y oportuna a los vecinos y vecinas.<\/p>\n<p style=\"text-align: justify;\">De esta manera, este mi\u00e9rcoles un total de ocho unidades se ubicaron durante todo el d\u00eda en las dependencias de la escuela B\u00e1sica Ribera Sur, en el sector del mismo nombre en Puerto Ays\u00e9n, donde junto a sus equipo t\u00e9cnico y profesional respondieron dudas y consultas, gestionaron tr\u00e1mites de diversa \u00edndole, siempre en pos del bienestar de la comunidad aysenina.<\/p>\n<p style=\"text-align: justify;\">Instancia que fue bien recibida por parte de los vecinos, quienes agradecieron la preocupaci\u00f3n del municipio en acercar la oferta program\u00e1tica, permitiendo realizar diversos tr\u00e1mites sin tener que trasladarse hasta las oficinas centrales.<\/p>\n<p style=\"text-align: justify;\">\u201cGenial. La verdad que hac\u00eda falta porque en los tiempos que estamos, en pandemia no es seguro andar en taxis y\/o colectivos porque hay mucha gente. Entonces esta manera es mucho m\u00e1s f\u00e1cil para todos, inclusive, para los que vivimos en Ribera Sur porque tenemos que ir hasta el centro para hacer tr\u00e1mites, hacer largas filas. Ojal\u00e1 que se acerque m\u00e1s gente, y que esta forma de atender se siga repitiendo\u201d, manifest\u00f3 la vecina del sector Ana Catelic\u00e1n tras recurrir al operativo.<\/p>\n<p style=\"text-align: justify;\">Por su parte, Mar\u00eda Mu\u00f1oz, indic\u00f3 que la iniciativa est\u00e1 \u201csuper bien, hace falta porque estamos muy aislados en la ribera. Ahora con esto que hay que hacer tanta fila, esto aliviana mucho. Yo qued\u00e9 m\u00e1s contenta cuando escuch\u00e9 en la ma\u00f1ana, as\u00ed que dije voy al tiro. Sino ten\u00eda que ir al centro, pagar taxi. Ahora es m\u00e1s f\u00e1cil\u201d.<\/p>\n<p style=\"text-align: justify;\">Para la vecina Adriana Landeros, instancias de este tipo van en beneficio, adem\u00e1s, de aquellas personas que muchas veces por horario laboral no alcanzan a realizar sus tr\u00e1mites. \u201cLo encuentro una excelente idea, me entregaron una muy buena atenci\u00f3n as\u00ed que llamo a la gente para que venga, se acerque. Nunca hab\u00eda visto esto, as\u00ed que maravilloso. De verdad, espero que esto siga\u201d, se\u00f1al\u00f3.<\/p>\n<p style=\"text-align: justify;\"><strong>SELLO<\/strong><\/p>\n<p style=\"text-align: justify;\">\u201cEstas iniciativas son las que no caracterizan, estar con la gente en terreno. Esta es una instancia espectacular, la gente se ha sido muy contenta. Ha podido resolver sus temas, actualizar su registro de hogares, las organizaciones pueden venir a actualizar sus dirigencias, as\u00ed que muy contento por el sello que estamos dando como nuevo municipio. No llevamos un mes de trabajo y ya estamos mostrando de lo que somos capaces con peque\u00f1as cosas, pero que tienen un gran impacto\u201d, enfatiz\u00f3 tras la primera jornada de \u201cDideco en tu Barrio\u201d el alcalde de la comuna, Julio Uribe.<\/p>\n<p style=\"text-align: justify;\">Reacci\u00f3n que fue compartida por el director de Desarrollo Comunitario, Mauricio Jaque, quien relev\u00f3 el que ocho programas hayan atendido durante toda una jornada de forma paralela las diversas necesidades y requerimientos de la comunidad. La que, adem\u00e1s, pretenden replicar en todas las localidades de la comuna dado que \u201cla idea es poder lograr unir a la comunidad y que la comunidad sienta que el municipio est\u00e1 preocupado de su gente. Este municipio, bajo la administraci\u00f3n de nuestro alcalde, queremos estar donde est\u00e1 el problema y dentro de las posibilidades, apoyar, y ayudar. Desde un escritorio no vamos a poder hacer mucho as\u00ed que hay que estar en la calle, hay que estar con la gente para tener una visi\u00f3n real de lo que se est\u00e1 haciendo\u201d, concluy\u00f3 el directivo, en esta instancia que contin\u00faa el viernes 23 de julio de 9.00 a 16.00 horas en la escuela Almirante Simpson de Puerto Chacabuco.<\/p>\n<\/div><\/section><\/div><div  style='height:50px' class='hr hr-invisible   avia-builder-el-6  el_after_av_one_full  el_before_av_social_share '><span class='hr-inner ' ><span class='hr-inner-style'><\/span><\/span><\/div><\/p>\n<div  class='av-social-sharing-box  avia-builder-el-7  el_after_av_hr  el_before_av_hr  '><div class='av-share-box'><h5 class='av-share-link-description av-no-toc '>Compartir esta noticia<\/h5><ul class='av-share-box-list noLightbox'><li class='av-share-link av-social-link-facebook' ><a target=\"_blank\" aria-label=\"Compartir en Facebook\" href='https:\/\/www.facebook.com\/sharer.php?u=https:\/\/radiorevelacionfm.cl\/?p=6542&#038;t=Exitosamente%20se%20lleva%20a%20cabo%20primera%20jornada%20de%20%E2%80%9CDIDECO%20en%20tu%20Barrio%E2%80%9D%20en%20Puerto%20Ays%C3%A9n' aria-hidden='false' data-av_icon='\ue8f3' data-av_iconfont='entypo-fontello' title='' data-avia-related-tooltip='Compartir en Facebook' rel=\"noopener\"><span class='avia_hidden_link_text'>Compartir en Facebook<\/span><\/a><\/li><li class='av-share-link av-social-link-twitter' ><a target=\"_blank\" aria-label=\"Compartir en Twitter\" href='https:\/\/twitter.com\/share?text=Exitosamente%20se%20lleva%20a%20cabo%20primera%20jornada%20de%20%E2%80%9CDIDECO%20en%20tu%20Barrio%E2%80%9D%20en%20Puerto%20Ays%C3%A9n&#038;url=https:\/\/radiorevelacionfm.cl\/?p=6542' aria-hidden='false' data-av_icon='\ue8f1' data-av_iconfont='entypo-fontello' title='' data-avia-related-tooltip='Compartir en Twitter' rel=\"noopener\"><span class='avia_hidden_link_text'>Compartir en Twitter<\/span><\/a><\/li><li class='av-share-link av-social-link-whatsapp' ><a target=\"_blank\" aria-label=\"Compartir en Whatsapp\" href='https:\/\/api.whatsapp.com\/send?text=https:\/\/radiorevelacionfm.cl\/?p=6542' aria-hidden='false' data-av_icon='\uf232' data-av_iconfont='entypo-fontello' title='' data-avia-related-tooltip='Compartir en Whatsapp' rel=\"noopener\"><span class='avia_hidden_link_text'>Compartir en Whatsapp<\/span><\/a><\/li><li class='av-share-link av-social-link-linkedin' ><a target=\"_blank\" aria-label=\"Compartir en LinkedIn\" href='https:\/\/linkedin.com\/shareArticle?mini=true&#038;title=Exitosamente%20se%20lleva%20a%20cabo%20primera%20jornada%20de%20%E2%80%9CDIDECO%20en%20tu%20Barrio%E2%80%9D%20en%20Puerto%20Ays%C3%A9n&#038;url=https:\/\/radiorevelacionfm.cl\/?p=6542' aria-hidden='false' data-av_icon='\ue8fc' data-av_iconfont='entypo-fontello' title='' data-avia-related-tooltip='Compartir en LinkedIn' rel=\"noopener\"><span class='avia_hidden_link_text'>Compartir en LinkedIn<\/span><\/a><\/li><li class='av-share-link av-social-link-mail' ><a  aria-label=\"Compartir por correo\" href='mailto:?subject=Exitosamente%20se%20lleva%20a%20cabo%20primera%20jornada%20de%20%E2%80%9CDIDECO%20en%20tu%20Barrio%E2%80%9D%20en%20Puerto%20Ays%C3%A9n&#038;body=https:\/\/radiorevelacionfm.cl\/?p=6542' aria-hidden='false' data-av_icon='\ue805' data-av_iconfont='entypo-fontello' title='' data-avia-related-tooltip='Compartir por correo'><span class='avia_hidden_link_text'>Compartir por correo<\/span><\/a><\/li><\/ul><\/div><\/div>\n<div  style='height:50px' class='hr hr-invisible   avia-builder-el-8  el_after_av_social_share  el_before_av_comments_list '><span class='hr-inner ' ><span class='hr-inner-style'><\/span><\/span><\/div>\n<div  class='av-buildercomment  av-blog-meta-html-info-disabled av-blog-meta-tag-disabled  '><\/div>\n","protected":false},"excerpt":{"rendered":"","protected":false},"author":1,"featured_media":6543,"comment_status":"open","ping_status":"open","sticky":false,"template":"","format":"standard","meta":{"footnotes":""},"categories":[38],"tags":[],"class_list":["post-6542","post","type-post","status-publish","format-standard","has-post-thumbnail","hentry","category-regional"],"jetpack_featured_media_url":"https:\/\/radiorevelacionfm.cl\/wp-content\/uploads\/2021\/07\/Dideco-en-tu-barrio-1-1.jpg","_links":{"self":[{"href":"https:\/\/radiorevelacionfm.cl\/index.php?rest_route=\/wp\/v2\/posts\/6542","targetHints":{"allow":["GET"]}}],"collection":[{"href":"https:\/\/radiorevelacionfm.cl\/index.php?rest_route=\/wp\/v2\/posts"}],"about":[{"href":"https:\/\/radiorevelacionfm.cl\/index.php?rest_route=\/wp\/v2\/types\/post"}],"author":[{"embeddable":true,"href":"https:\/\/radiorevelacionfm.cl\/index.php?rest_route=\/wp\/v2\/users\/1"}],"replies":[{"embeddable":true,"href":"https:\/\/radiorevelacionfm.cl\/index.php?rest_route=%2Fwp%2Fv2%2Fcomments&post=6542"}],"version-history":[{"count":1,"href":"https:\/\/radiorevelacionfm.cl\/index.php?rest_route=\/wp\/v2\/posts\/6542\/revisions"}],"predecessor-version":[{"id":6544,"href":"https:\/\/radiorevelacionfm.cl\/index.php?rest_route=\/wp\/v2\/posts\/6542\/revisions\/6544"}],"wp:featuredmedia":[{"embeddable":true,"href":"https:\/\/radiorevelacionfm.cl\/index.php?rest_route=\/wp\/v2\/media\/6543"}],"wp:attachment":[{"href":"https:\/\/radiorevelacionfm.cl\/index.php?rest_route=%2Fwp%2Fv2%2Fmedia&parent=6542"}],"wp:term":[{"taxonomy":"category","embeddable":true,"href":"https:\/\/radiorevelacionfm.cl\/index.php?rest_route=%2Fwp%2Fv2%2Fcategories&post=6542"},{"taxonomy":"post_tag","embeddable":true,"href":"https:\/\/radiorevelacionfm.cl\/index.php?rest_route=%2Fwp%2Fv2%2Ftags&post=6542"}],"curies":[{"name":"wp","href":"https:\/\/api.w.org\/{rel}","templated":true}]}}