{"id":6538,"date":"2021-07-22T11:14:51","date_gmt":"2021-07-22T14:14:51","guid":{"rendered":"https:\/\/radiorevelacionfm.cl\/?p=6538"},"modified":"2021-07-22T11:29:04","modified_gmt":"2021-07-22T14:29:04","slug":"informe-entregado-al-concejo-municipal-de-chile-chico-ratifica-compleja-situacion-financiera","status":"publish","type":"post","link":"https:\/\/radiorevelacionfm.cl\/?p=6538","title":{"rendered":"Informe entregado al concejo municipal de Chile Chico ratifica compleja situaci\u00f3n financiera"},"content":{"rendered":"<div class=\"flex_column av_one_full  flex_column_div av-zero-column-padding first  avia-builder-el-0  el_before_av_one_full  avia-builder-el-first  \" style='border-radius:0px; '><div  class='avia-image-container  av-styling-    avia-builder-el-1  avia-builder-el-no-sibling  avia-align-center '  itemprop=\"image\" itemscope=\"itemscope\" itemtype=\"https:\/\/schema.org\/ImageObject\"  ><div class='avia-image-container-inner'><div class='avia-image-overlay-wrap'><img decoding=\"async\" class='wp-image-6539 avia-img-lazy-loading-not-6539 avia_image' src=\"https:\/\/radiorevelacionfm.cl\/wp-content\/uploads\/2021\/07\/municipalidad_de_chile_chico-1_optimized.jpg\" alt='' title='municipalidad_de_chile_chico-(1)_optimized' height=\"600\" width=\"1141\"  itemprop=\"thumbnailUrl\" srcset=\"https:\/\/radiorevelacionfm.cl\/wp-content\/uploads\/2021\/07\/municipalidad_de_chile_chico-1_optimized.jpg 1141w, https:\/\/radiorevelacionfm.cl\/wp-content\/uploads\/2021\/07\/municipalidad_de_chile_chico-1_optimized-300x158.jpg 300w, https:\/\/radiorevelacionfm.cl\/wp-content\/uploads\/2021\/07\/municipalidad_de_chile_chico-1_optimized-1030x542.jpg 1030w, https:\/\/radiorevelacionfm.cl\/wp-content\/uploads\/2021\/07\/municipalidad_de_chile_chico-1_optimized-768x404.jpg 768w, https:\/\/radiorevelacionfm.cl\/wp-content\/uploads\/2021\/07\/municipalidad_de_chile_chico-1_optimized-705x371.jpg 705w, https:\/\/radiorevelacionfm.cl\/wp-content\/uploads\/2021\/07\/municipalidad_de_chile_chico-1_optimized-600x316.jpg 600w\" sizes=\"(max-width: 1141px) 100vw, 1141px\" \/><\/div><\/div><\/div><\/div>\n<div class=\"flex_column av_one_full  flex_column_div av-zero-column-padding first  avia-builder-el-2  el_after_av_one_full  el_before_av_one_full  column-top-margin\" style='border-radius:0px; '><section class=\"av_textblock_section \"  itemscope=\"itemscope\" itemtype=\"https:\/\/schema.org\/BlogPosting\" itemprop=\"blogPost\" ><div class='avia_textblock  '   itemprop=\"text\" ><p style=\"text-align: center;\"><strong><span style=\"font-size: 18pt;\">Informe entregado al concejo municipal de Chile Chico ratifica compleja situaci\u00f3n financiera<\/span><\/strong><\/p>\n<div id=\"gtx-trans\" style=\"position: absolute; left: -50px; top: 4.31534px;\">\n<div class=\"gtx-trans-icon\"><\/div>\n<\/div>\n<\/div><\/section><\/div><div class=\"flex_column av_one_full  flex_column_div av-zero-column-padding first  avia-builder-el-4  el_after_av_one_full  el_before_av_hr  column-top-margin\" style='border-radius:0px; '><section class=\"av_textblock_section \"  itemscope=\"itemscope\" itemtype=\"https:\/\/schema.org\/BlogPosting\" itemprop=\"blogPost\" ><div class='avia_textblock  '   itemprop=\"text\" ><p style=\"text-align: justify;\">El informe de ingresos, gastos y proyecciones expuesto por la Direcci\u00f3n de Administraci\u00f3n y Finanzas al concejo municipal de Chile Chico, ratific\u00f3 el actual d\u00e9ficit que presenta el municipio, originado principalmente por el excesivo gasto en personal a honorarios durante la administraci\u00f3n del exalcalde Ricardo Ibarra (DC).<\/p>\n<p style=\"text-align: justify;\">El documento indica que en los a\u00f1os 2018, 2019 y 2020 se gener\u00f3 un importante d\u00e9ficit cuyos montos negativos alcanzaron las sumas de 444 millones 647 mil, 582 millones 157 mil y 305 millones 414 mil respectivamente.<\/p>\n<p style=\"text-align: justify;\">Los gastos en personal, seg\u00fan los antecedentes contenidos en el informe, se incrementaron en t\u00e9rminos porcentuales en un 135,91%. Solo en el a\u00f1o 2020 el gasto en personal a honorarios se elev\u00f3 a 1.249 millones 446 mil pesos<\/p>\n<p style=\"text-align: justify;\">El documento adem\u00e1s establece que los gastos en personal durante el primer semestre del 2021 ascienden a 735 millones 691 mil, cifra elevada en relaci\u00f3n al primer semestre del 2020, cuyo incremento fue de 125 millones 091 mil.<\/p>\n<p style=\"text-align: justify;\">El informe presentado al concejo municipal establece adem\u00e1s que de mantenerse el gasto proyectado mensual de 116 millones 899 mil, el total de gastos en personal a honorarios subir\u00eda 1.437 millones 085 mil, superando los egresos del 2020 en 187 millones 639 mil, producto del elevado gasto de recursos durante el primer semestre.<\/p>\n<p style=\"text-align: justify;\">En cuanto al a\u00f1o 2021, se proyecta un d\u00e9ficit de 164 millones 366 mil, de mantenerse el ritmo de gastos indicados, con una proyecci\u00f3n de ingresos superior al a\u00f1o 2020 en un 8,83%. Es decir, deber\u00e1n ingresarse 360 millones 606 mil adicionales, en relaci\u00f3n a los ingresos obtenidos el a\u00f1o pasado, para lograr los 4.446 millones 351 mil pesos programados para este per\u00edodo anual.<\/p>\n<p style=\"text-align: justify;\">Para el alcalde de la comuna, Luperciano Mu\u00f1oz, el informe expuesto en el \u00faltimo concejo municipal viene a ratificar la complejo situaci\u00f3n financiera y el irresponsable manejo de recursos de la anterior administraci\u00f3n.<\/p>\n<p style=\"text-align: justify;\">\u201cEs lo que nosotros siempre planteamos, este municipio fue muy mal administrado y los excesivos gastos no solo en personal, sino que tambi\u00e9n las malas inversiones que se realizaron con el presupuesto municipal, llevaron a tener durante los 4 a\u00f1os 6 meses que estuvo el alcalde anterior un d\u00e9ficit cercano a los 1.700 millones. El saldo inicial de caja que nosotros dejamos sirvi\u00f3 para amortiguar en parte el d\u00e9ficit que cada a\u00f1o se iba generando\u201d<\/p>\n<p style=\"text-align: justify;\">El edil agreg\u00f3 \u201cnosotros fuimos elegidos para proteger los intereses del municipio y esa es nuestra responsabilidad pol\u00edtica y jur\u00eddica. Los d\u00e9ficits hay que corregirlos y por supuesto que se debe intervenir cuando existe un gasto excesivo e irresponsable de recursos. Por lo tanto, nosotros hoy estamos mandatados por el voto popular para hacer una buena administraci\u00f3n de los recursos y suplir el d\u00e9ficit proyectado, manteniendo en equilibrio las finanzas municipales, lo cual es un principio b\u00e1sico establecido por la Contralor\u00eda General de la Rep\u00fablica\u201d.<\/p>\n<p style=\"text-align: justify;\">Luperciano Mu\u00f1oz explic\u00f3 que se pretende al 31 de diciembre ahorrar m\u00e1s de mil millones \u201cpara generas obras con recursos propios, a trav\u00e9s del Fondo Nacional de Desarrollo Regional (FNDR) y con recursos sectoriales, para as\u00ed llevar a cabo el plan de inversi\u00f3n presupuestado para nuestra comuna\u201d.<\/p>\n<\/div><\/section><\/div><\/p>\n<div  style='height:50px' class='hr hr-invisible   avia-builder-el-6  el_after_av_one_full  el_before_av_social_share '><span class='hr-inner ' ><span class='hr-inner-style'><\/span><\/span><\/div>\n<div  class='av-social-sharing-box  avia-builder-el-7  el_after_av_hr  el_before_av_hr  '><div class='av-share-box'><h5 class='av-share-link-description av-no-toc '>Compartir esta noticia<\/h5><ul class='av-share-box-list noLightbox'><li class='av-share-link av-social-link-facebook' ><a target=\"_blank\" aria-label=\"Compartir en Facebook\" href='https:\/\/www.facebook.com\/sharer.php?u=https:\/\/radiorevelacionfm.cl\/?p=6538&#038;t=Informe%20entregado%20al%20concejo%20municipal%20de%20Chile%20Chico%20ratifica%20compleja%20situaci%C3%B3n%20financiera' aria-hidden='false' data-av_icon='\ue8f3' data-av_iconfont='entypo-fontello' title='' data-avia-related-tooltip='Compartir en Facebook' rel=\"noopener\"><span class='avia_hidden_link_text'>Compartir en Facebook<\/span><\/a><\/li><li class='av-share-link av-social-link-twitter' ><a target=\"_blank\" aria-label=\"Compartir en Twitter\" href='https:\/\/twitter.com\/share?text=Informe%20entregado%20al%20concejo%20municipal%20de%20Chile%20Chico%20ratifica%20compleja%20situaci%C3%B3n%20financiera&#038;url=https:\/\/radiorevelacionfm.cl\/?p=6538' aria-hidden='false' data-av_icon='\ue8f1' data-av_iconfont='entypo-fontello' title='' data-avia-related-tooltip='Compartir en Twitter' rel=\"noopener\"><span class='avia_hidden_link_text'>Compartir en Twitter<\/span><\/a><\/li><li class='av-share-link av-social-link-whatsapp' ><a target=\"_blank\" aria-label=\"Compartir en Whatsapp\" href='https:\/\/api.whatsapp.com\/send?text=https:\/\/radiorevelacionfm.cl\/?p=6538' aria-hidden='false' data-av_icon='\uf232' data-av_iconfont='entypo-fontello' title='' data-avia-related-tooltip='Compartir en Whatsapp' rel=\"noopener\"><span class='avia_hidden_link_text'>Compartir en Whatsapp<\/span><\/a><\/li><li class='av-share-link av-social-link-linkedin' ><a target=\"_blank\" aria-label=\"Compartir en LinkedIn\" href='https:\/\/linkedin.com\/shareArticle?mini=true&#038;title=Informe%20entregado%20al%20concejo%20municipal%20de%20Chile%20Chico%20ratifica%20compleja%20situaci%C3%B3n%20financiera&#038;url=https:\/\/radiorevelacionfm.cl\/?p=6538' aria-hidden='false' data-av_icon='\ue8fc' data-av_iconfont='entypo-fontello' title='' data-avia-related-tooltip='Compartir en LinkedIn' rel=\"noopener\"><span class='avia_hidden_link_text'>Compartir en LinkedIn<\/span><\/a><\/li><li class='av-share-link av-social-link-mail' ><a  aria-label=\"Compartir por correo\" href='mailto:?subject=Informe%20entregado%20al%20concejo%20municipal%20de%20Chile%20Chico%20ratifica%20compleja%20situaci%C3%B3n%20financiera&#038;body=https:\/\/radiorevelacionfm.cl\/?p=6538' aria-hidden='false' data-av_icon='\ue805' data-av_iconfont='entypo-fontello' title='' data-avia-related-tooltip='Compartir por correo'><span class='avia_hidden_link_text'>Compartir por correo<\/span><\/a><\/li><\/ul><\/div><\/div>\n<div  style='height:50px' class='hr hr-invisible   avia-builder-el-8  el_after_av_social_share  el_before_av_comments_list '><span class='hr-inner ' ><span class='hr-inner-style'><\/span><\/span><\/div>\n<div  class='av-buildercomment  av-blog-meta-html-info-disabled av-blog-meta-tag-disabled  '><\/div>\n","protected":false},"excerpt":{"rendered":"","protected":false},"author":1,"featured_media":6539,"comment_status":"open","ping_status":"open","sticky":false,"template":"","format":"standard","meta":{"footnotes":""},"categories":[38],"tags":[],"class_list":["post-6538","post","type-post","status-publish","format-standard","has-post-thumbnail","hentry","category-regional"],"jetpack_featured_media_url":"https:\/\/radiorevelacionfm.cl\/wp-content\/uploads\/2021\/07\/municipalidad_de_chile_chico-1_optimized.jpg","_links":{"self":[{"href":"https:\/\/radiorevelacionfm.cl\/index.php?rest_route=\/wp\/v2\/posts\/6538","targetHints":{"allow":["GET"]}}],"collection":[{"href":"https:\/\/radiorevelacionfm.cl\/index.php?rest_route=\/wp\/v2\/posts"}],"about":[{"href":"https:\/\/radiorevelacionfm.cl\/index.php?rest_route=\/wp\/v2\/types\/post"}],"author":[{"embeddable":true,"href":"https:\/\/radiorevelacionfm.cl\/index.php?rest_route=\/wp\/v2\/users\/1"}],"replies":[{"embeddable":true,"href":"https:\/\/radiorevelacionfm.cl\/index.php?rest_route=%2Fwp%2Fv2%2Fcomments&post=6538"}],"version-history":[{"count":2,"href":"https:\/\/radiorevelacionfm.cl\/index.php?rest_route=\/wp\/v2\/posts\/6538\/revisions"}],"predecessor-version":[{"id":6541,"href":"https:\/\/radiorevelacionfm.cl\/index.php?rest_route=\/wp\/v2\/posts\/6538\/revisions\/6541"}],"wp:featuredmedia":[{"embeddable":true,"href":"https:\/\/radiorevelacionfm.cl\/index.php?rest_route=\/wp\/v2\/media\/6539"}],"wp:attachment":[{"href":"https:\/\/radiorevelacionfm.cl\/index.php?rest_route=%2Fwp%2Fv2%2Fmedia&parent=6538"}],"wp:term":[{"taxonomy":"category","embeddable":true,"href":"https:\/\/radiorevelacionfm.cl\/index.php?rest_route=%2Fwp%2Fv2%2Fcategories&post=6538"},{"taxonomy":"post_tag","embeddable":true,"href":"https:\/\/radiorevelacionfm.cl\/index.php?rest_route=%2Fwp%2Fv2%2Ftags&post=6538"}],"curies":[{"name":"wp","href":"https:\/\/api.w.org\/{rel}","templated":true}]}}