{"id":6526,"date":"2021-07-21T22:23:58","date_gmt":"2021-07-22T01:23:58","guid":{"rendered":"https:\/\/radiorevelacionfm.cl\/?p=6526"},"modified":"2021-07-21T22:55:49","modified_gmt":"2021-07-22T01:55:49","slug":"rector-de-cft-aysen-sostiene-reunion-de-trabajo-con-delegado-presidencial-provincial","status":"publish","type":"post","link":"https:\/\/radiorevelacionfm.cl\/?p=6526","title":{"rendered":"Rector de CFT Ays\u00e9n sostiene reuni\u00f3n de trabajo con Delegado Presidencial Provincial"},"content":{"rendered":"<div class=\"flex_column av_one_full  flex_column_div av-zero-column-padding first  avia-builder-el-0  el_before_av_one_full  avia-builder-el-first  \" style='border-radius:0px; '><div  class='avia-image-container  av-styling-    avia-builder-el-1  avia-builder-el-no-sibling  avia-align-center '  itemprop=\"image\" itemscope=\"itemscope\" itemtype=\"https:\/\/schema.org\/ImageObject\"  ><div class='avia-image-container-inner'><div class='avia-image-overlay-wrap'><img decoding=\"async\" class='wp-image-0 avia-img-lazy-loading-not-0 avia_image' src=\"https:\/\/radiorevelacionfm.cl\/wp-content\/uploads\/2021\/07\/1-53-1-1.jpg\" alt='' title=''   itemprop=\"thumbnailUrl\"  \/><\/div><\/div><\/div><\/div><div class=\"flex_column av_one_full  flex_column_div av-zero-column-padding first  avia-builder-el-2  el_after_av_one_full  el_before_av_one_full  column-top-margin\" style='border-radius:0px; '><section class=\"av_textblock_section \"  itemscope=\"itemscope\" itemtype=\"https:\/\/schema.org\/BlogPosting\" itemprop=\"blogPost\" ><div class='avia_textblock  '   itemprop=\"text\" ><p style=\"text-align: center;\"><span style=\"font-size: 18pt;\"><strong>Rector de CFT Ays\u00e9n sostiene reuni\u00f3n de trabajo con Delegado Presidencial Provincial<\/strong><\/span><\/p>\n<div id=\"gtx-trans\" style=\"position: absolute; left: -50px; top: 4.31534px;\">\n<div class=\"gtx-trans-icon\"><\/div>\n<\/div>\n<\/div><\/section><\/div><\/p>\n<div class=\"flex_column av_one_full  flex_column_div av-zero-column-padding first  avia-builder-el-4  el_after_av_one_full  el_before_av_hr  column-top-margin\" style='border-radius:0px; '><section class=\"av_textblock_section \"  itemscope=\"itemscope\" itemtype=\"https:\/\/schema.org\/BlogPosting\" itemprop=\"blogPost\" ><div class='avia_textblock  '   itemprop=\"text\" ><p style=\"text-align: justify;\">Durante la jornada de este mi\u00e9rcoles, V\u00edctor \u00c1lvarez Rector del primer CFT Estatal se reuni\u00f3 con el Delegado Presidencial Provincial (DPPAys\u00e9n) Manuel Ortiz.<\/p>\n<p style=\"text-align: justify;\">Una productiva jornada de trabajo sostuvieron en dependencias de la Delegaci\u00f3n Presidencial Provincial el Rector del primer Centro de Formaci\u00f3n T\u00e9cnica Estatal para Ays\u00e9n con el representante del Presidente en la provincia, en donde se abordaron el estado de avance que tiene este proyecto educativo que tiene como meta entrar en funcionamiento los primeros meses del pr\u00f3ximo a\u00f1o \u201cel proyecto est\u00e1 en una etapa sumamente interesante en donde se ha avanzado bien en esta primera parte, en donde en este primer semestre hab\u00eda una instalaci\u00f3n administrativa, jur\u00eddica, que es importante para podernos instalar de la mejor forma, no tenemos que olvidar que el CFT Estatal de la regi\u00f3n de Ays\u00e9n est\u00e1 suscrito a la gratuidad, por tanto hoy d\u00eda todo el quehacer tiene que ser acompa\u00f1ada de la Contralor\u00eda Regional porque en alg\u00fan minuto tendremos que acreditarnos ante la CNA (Comisi\u00f3n Nacional de Acreditaci\u00f3n) indicaba el Rector V\u00edctor \u00c1lvarez.<\/p>\n<p style=\"text-align: justify;\">Seg\u00fan lo mencionado en la reuni\u00f3n se estar\u00eda en conversaciones con el municipio de Ays\u00e9n para que puedan comenzar a ofrecer algunas carreras en instalaciones de alg\u00fan establecimiento educacional para que paralelamente se pueda construir el edificio del CFT a\u00f1ad\u00eda V\u00edctor \u00c1lvarez \u201caqu\u00ed hay buenas noticias yo cultivo un valor que hay que saber esperar, nosotros tenemos que saber esperar nuestra infraestructura, tenemos que hacerlo con la mejor calidad para que sea un bonito edificio y quede bien\u201d.<\/p>\n<p style=\"text-align: justify;\">En tanto el DPPAys\u00e9n Manuel Ortiz destacaba el avance que le present\u00f3 el Rector del primer CFT Estatal para la regi\u00f3n\u00a0 \u201cun tremendo sue\u00f1o para la comuna de Ays\u00e9n y para la regi\u00f3n en general esto que ser\u00e1 sin lugar a dudas una tremenda oportunidad de estudios superiores para nuestros alumnos que egresan de la ense\u00f1anza media, creo que las explicaciones del Rector respecto de los avances nos dejan muy tranquilos, hay un proyecto que va caminando que dice relaci\u00f3n con la construcci\u00f3n de este CFT, \u00e9l est\u00e1 conversando tambi\u00e9n con la Municipalidad de Ays\u00e9n porque es un tema que nos interesa a todos\u201d.<\/p>\n<\/div><\/section><\/div>\n<div  style='height:50px' class='hr hr-invisible   avia-builder-el-6  el_after_av_one_full  el_before_av_social_share '><span class='hr-inner ' ><span class='hr-inner-style'><\/span><\/span><\/div>\n<div  class='av-social-sharing-box  avia-builder-el-7  el_after_av_hr  el_before_av_hr  '><div class='av-share-box'><h5 class='av-share-link-description av-no-toc '>Compartir esta noticia<\/h5><ul class='av-share-box-list noLightbox'><li class='av-share-link av-social-link-facebook' ><a target=\"_blank\" aria-label=\"Compartir en Facebook\" href='https:\/\/www.facebook.com\/sharer.php?u=https:\/\/radiorevelacionfm.cl\/?p=6526&#038;t=Rector%20de%20CFT%20Ays%C3%A9n%20sostiene%20reuni%C3%B3n%20de%20trabajo%20con%20Delegado%20Presidencial%20Provincial' aria-hidden='false' data-av_icon='\ue8f3' data-av_iconfont='entypo-fontello' title='' data-avia-related-tooltip='Compartir en Facebook' rel=\"noopener\"><span class='avia_hidden_link_text'>Compartir en Facebook<\/span><\/a><\/li><li class='av-share-link av-social-link-twitter' ><a target=\"_blank\" aria-label=\"Compartir en Twitter\" href='https:\/\/twitter.com\/share?text=Rector%20de%20CFT%20Ays%C3%A9n%20sostiene%20reuni%C3%B3n%20de%20trabajo%20con%20Delegado%20Presidencial%20Provincial&#038;url=https:\/\/radiorevelacionfm.cl\/?p=6526' aria-hidden='false' data-av_icon='\ue8f1' data-av_iconfont='entypo-fontello' title='' data-avia-related-tooltip='Compartir en Twitter' rel=\"noopener\"><span class='avia_hidden_link_text'>Compartir en Twitter<\/span><\/a><\/li><li class='av-share-link av-social-link-whatsapp' ><a target=\"_blank\" aria-label=\"Compartir en Whatsapp\" href='https:\/\/api.whatsapp.com\/send?text=https:\/\/radiorevelacionfm.cl\/?p=6526' aria-hidden='false' data-av_icon='\uf232' data-av_iconfont='entypo-fontello' title='' data-avia-related-tooltip='Compartir en Whatsapp' rel=\"noopener\"><span class='avia_hidden_link_text'>Compartir en Whatsapp<\/span><\/a><\/li><li class='av-share-link av-social-link-linkedin' ><a target=\"_blank\" aria-label=\"Compartir en LinkedIn\" href='https:\/\/linkedin.com\/shareArticle?mini=true&#038;title=Rector%20de%20CFT%20Ays%C3%A9n%20sostiene%20reuni%C3%B3n%20de%20trabajo%20con%20Delegado%20Presidencial%20Provincial&#038;url=https:\/\/radiorevelacionfm.cl\/?p=6526' aria-hidden='false' data-av_icon='\ue8fc' data-av_iconfont='entypo-fontello' title='' data-avia-related-tooltip='Compartir en LinkedIn' rel=\"noopener\"><span class='avia_hidden_link_text'>Compartir en LinkedIn<\/span><\/a><\/li><li class='av-share-link av-social-link-mail' ><a  aria-label=\"Compartir por correo\" href='mailto:?subject=Rector%20de%20CFT%20Ays%C3%A9n%20sostiene%20reuni%C3%B3n%20de%20trabajo%20con%20Delegado%20Presidencial%20Provincial&#038;body=https:\/\/radiorevelacionfm.cl\/?p=6526' aria-hidden='false' data-av_icon='\ue805' data-av_iconfont='entypo-fontello' title='' data-avia-related-tooltip='Compartir por correo'><span class='avia_hidden_link_text'>Compartir por correo<\/span><\/a><\/li><\/ul><\/div><\/div>\n<div  style='height:50px' class='hr hr-invisible   avia-builder-el-8  el_after_av_social_share  el_before_av_comments_list '><span class='hr-inner ' ><span class='hr-inner-style'><\/span><\/span><\/div>\n<div  class='av-buildercomment  av-blog-meta-html-info-disabled av-blog-meta-tag-disabled  '><\/div>\n","protected":false},"excerpt":{"rendered":"","protected":false},"author":1,"featured_media":0,"comment_status":"open","ping_status":"open","sticky":false,"template":"","format":"standard","meta":{"footnotes":""},"categories":[38],"tags":[],"class_list":["post-6526","post","type-post","status-publish","format-standard","hentry","category-regional"],"jetpack_featured_media_url":"","_links":{"self":[{"href":"https:\/\/radiorevelacionfm.cl\/index.php?rest_route=\/wp\/v2\/posts\/6526","targetHints":{"allow":["GET"]}}],"collection":[{"href":"https:\/\/radiorevelacionfm.cl\/index.php?rest_route=\/wp\/v2\/posts"}],"about":[{"href":"https:\/\/radiorevelacionfm.cl\/index.php?rest_route=\/wp\/v2\/types\/post"}],"author":[{"embeddable":true,"href":"https:\/\/radiorevelacionfm.cl\/index.php?rest_route=\/wp\/v2\/users\/1"}],"replies":[{"embeddable":true,"href":"https:\/\/radiorevelacionfm.cl\/index.php?rest_route=%2Fwp%2Fv2%2Fcomments&post=6526"}],"version-history":[{"count":3,"href":"https:\/\/radiorevelacionfm.cl\/index.php?rest_route=\/wp\/v2\/posts\/6526\/revisions"}],"predecessor-version":[{"id":6533,"href":"https:\/\/radiorevelacionfm.cl\/index.php?rest_route=\/wp\/v2\/posts\/6526\/revisions\/6533"}],"wp:attachment":[{"href":"https:\/\/radiorevelacionfm.cl\/index.php?rest_route=%2Fwp%2Fv2%2Fmedia&parent=6526"}],"wp:term":[{"taxonomy":"category","embeddable":true,"href":"https:\/\/radiorevelacionfm.cl\/index.php?rest_route=%2Fwp%2Fv2%2Fcategories&post=6526"},{"taxonomy":"post_tag","embeddable":true,"href":"https:\/\/radiorevelacionfm.cl\/index.php?rest_route=%2Fwp%2Fv2%2Ftags&post=6526"}],"curies":[{"name":"wp","href":"https:\/\/api.w.org\/{rel}","templated":true}]}}