{"id":6523,"date":"2021-07-21T22:34:30","date_gmt":"2021-07-22T01:34:30","guid":{"rendered":"https:\/\/radiorevelacionfm.cl\/?p=6523"},"modified":"2021-07-21T22:34:30","modified_gmt":"2021-07-22T01:34:30","slug":"21-de-julio-dia-mundial-del-perro-el-mejor-amigo-del-hombre-lealtad-y-apoyo-a-la-funcion-policial","status":"publish","type":"post","link":"https:\/\/radiorevelacionfm.cl\/?p=6523","title":{"rendered":"21 de julio D\u00eda Mundial del Perro: El mejor amigo del hombre, lealtad y apoyo a la funci\u00f3n policial"},"content":{"rendered":"<div class=\"flex_column av_one_full  flex_column_div av-zero-column-padding first  avia-builder-el-0  el_before_av_one_full  avia-builder-el-first  \" style='border-radius:0px; '><div  class='avia-image-container  av-styling-    avia-builder-el-1  avia-builder-el-no-sibling  avia-align-center '  itemprop=\"image\" itemscope=\"itemscope\" itemtype=\"https:\/\/schema.org\/ImageObject\"  ><div class='avia-image-container-inner'><div class='avia-image-overlay-wrap'><img decoding=\"async\" class='wp-image-6524 avia-img-lazy-loading-not-6524 avia_image' src=\"https:\/\/radiorevelacionfm.cl\/wp-content\/uploads\/2021\/07\/img_4378-1_optimized.jpg\" alt='' title='img_4378-(1)_optimized' height=\"600\" width=\"900\"  itemprop=\"thumbnailUrl\" srcset=\"https:\/\/radiorevelacionfm.cl\/wp-content\/uploads\/2021\/07\/img_4378-1_optimized.jpg 900w, https:\/\/radiorevelacionfm.cl\/wp-content\/uploads\/2021\/07\/img_4378-1_optimized-300x200.jpg 300w, https:\/\/radiorevelacionfm.cl\/wp-content\/uploads\/2021\/07\/img_4378-1_optimized-768x512.jpg 768w, https:\/\/radiorevelacionfm.cl\/wp-content\/uploads\/2021\/07\/img_4378-1_optimized-705x470.jpg 705w, https:\/\/radiorevelacionfm.cl\/wp-content\/uploads\/2021\/07\/img_4378-1_optimized-600x400.jpg 600w\" sizes=\"(max-width: 900px) 100vw, 900px\" \/><\/div><\/div><\/div><\/div>\n<div class=\"flex_column av_one_full  flex_column_div av-zero-column-padding first  avia-builder-el-2  el_after_av_one_full  el_before_av_one_full  column-top-margin\" style='border-radius:0px; '><section class=\"av_textblock_section \"  itemscope=\"itemscope\" itemtype=\"https:\/\/schema.org\/BlogPosting\" itemprop=\"blogPost\" ><div class='avia_textblock  '   itemprop=\"text\" ><p style=\"text-align: center;\"><strong><span style=\"font-size: 18pt;\">21 de julio D\u00eda Mundial del Perro: El mejor amigo del hombre, lealtad y apoyo a la funci\u00f3n policial<\/span><\/strong><\/p>\n<div id=\"gtx-trans\" style=\"position: absolute; left: -50px; top: 4.31534px;\">\n<div class=\"gtx-trans-icon\"><\/div>\n<\/div>\n<\/div><\/section><\/div><div class=\"flex_column av_one_full  flex_column_div av-zero-column-padding first  avia-builder-el-4  el_after_av_one_full  el_before_av_hr  column-top-margin\" style='border-radius:0px; '><section class=\"av_textblock_section \"  itemscope=\"itemscope\" itemtype=\"https:\/\/schema.org\/BlogPosting\" itemprop=\"blogPost\" ><div class='avia_textblock  '   itemprop=\"text\" ><p class=\"v1MsoNormal\" style=\"text-align: justify;\">Sus capacidades olfativas, temperamento y estructura f\u00edsica, entre otras caracter\u00edsticas, ha motivado la incorporaci\u00f3n de los canes en apoyo a las m\u00faltiples tareas que desarrolla Carabineros de Chile, contribuyendo a la seguridad de todos.<\/p>\n<p class=\"v1MsoNormal\" style=\"text-align: justify;\">Descendientes de los lobos, nacieron en el viejo mundo hace m\u00e1s de 20 mil a\u00f1os, quienes en busca de alimento se comenzaron a acercar a los humanos, dando paso a su domesticaci\u00f3n, comenzando a evolucionar hasta lo que conocemos hoy. Se trata de los perros, que este 21 de julio celebran su d\u00eda mundial.<\/p>\n<p class=\"v1MsoNormal\" style=\"text-align: justify;\">A partir de un momento en su historia \u2013seg\u00fan teor\u00edas, en \u00e9pocas de fr\u00edo cuando escaseaba el alimento- dichos animales comenzaron a experimentar cambios en su conducta, torn\u00e1ndose m\u00e1s receptivos con los humanos llegando a estos asentamientos en busca de restos de comida, momento a partir del cual se generar\u00eda una relaci\u00f3n que se volvi\u00f3 inseparable.<\/p>\n<p class=\"v1MsoNormal\" style=\"text-align: justify;\">Guardianes, protectores, compa\u00f1eros y cazadores, los perros son parte de nuestras vidas y no podr\u00edamos concebir el mundo actual, sin su fiel compa\u00f1\u00eda.<\/p>\n<p class=\"v1MsoNormal\" style=\"text-align: justify;\">Su proeza, coraje, valent\u00eda y lealtad, han sido caracter\u00edsticas que convirtieron a \u00abHachiko\u00bb, \u00abBalto\u00bb, \u00abTogo\u00bb y \u00abMaya\u00bb \u2013entre muchos otros- en protagonistas de conmovedoras historias llevadas al cine y que dan cuenta de este estrecho y fraternal v\u00ednculo entre perros y humanos a lo largo de la historia.<\/p>\n<p class=\"v1MsoNormal\" style=\"text-align: justify;\">Estimaciones realizadas por la Federaci\u00f3n Cinol\u00f3gica Internacional dan cuenta que en el mundo existen alrededor de 350 razas, siendo uno de los animales con mayor diversidad dentro de una misma especie.<\/p>\n<p class=\"v1MsoNormal\" style=\"text-align: justify;\">Dadas sus caracter\u00edsticas, los humanos han seleccionado a los perros \u2013descendientes del lobo, seg\u00fan estudios de su ADN- para tareas de caza, pastoreo, gu\u00eda de personas, rescate, b\u00fasqueda de personas, detectores de drogas y explosivos y animales de compa\u00f1\u00eda, entre otros.<\/p>\n<p class=\"v1MsoNormal\" style=\"text-align: justify;\"><b>Incorporados al trabajo policial<\/b><\/p>\n<p style=\"text-align: justify;\">La relaci\u00f3n entre polic\u00edas y perros parti\u00f3 en 1914, por iniciativa del Prefecto de la Polic\u00eda Fiscal de Valdivia, H\u00e9rcules Beltram\u00ed Franzani, quien comenz\u00f3 con la pr\u00e1ctica de adiestramiento de perros de raza, para el servicio policial en Chile. Para ello, trajo desde Alemania, a \u00ab<em>Fritz\u00bb<\/em>\u00a0un ejemplar entrenado para el rastreo y la aprehensi\u00f3n de delincuentes. A fines de ese a\u00f1o la Polic\u00eda de Valdivia contaba con seis perros entre sus filas, cuya labor principal era el apoyo en la captura de antisociales, recibiendo el reconocimiento del Presidente de la Rep\u00fablica Ram\u00f3n Barros Luco.<\/p>\n<p style=\"text-align: justify;\">Cerca de 40 a\u00f1os m\u00e1s tarde, en abril de 1952 el Capit\u00e1n Mario Puente Garc\u00eda viaj\u00f3 a Argentina para conocer el servicio de los perros policiales de la Gendarmer\u00eda Nacional. De vuelta en Santiago se conformar\u00eda la Secci\u00f3n de Adiestramiento de Perros Policiales, creada el 4 de julio de 1956, siendo su primer jefe.<\/p>\n<p class=\"v1MsoNormal\" style=\"text-align: justify;\">Este Plantel ha proporcionado al pa\u00eds miles de perros aptos para apoyar la funci\u00f3n policial. Los primeros fueron Pastores Alemanes y Doberman que se dedicaron a las labores de Orden y Seguridad. Estos canes incluso han rendido su vida cumpliendo sus labores, emblem\u00e1tico es el caso de \u00ab<em>\u00c1yax\u00bb<\/em>, de dotaci\u00f3n de la entonces 6\u00aa Comisar\u00eda San Bernardo. En 1962 fue el primer perro de Carabineros en ser asesinado por un delincuente, quien fue sorprendido\u00a0<em>in franganti<\/em>\u00a0y capturado por \u00e9l. El antisocial realiz\u00f3 una serie de disparos contra el perro que terminaron con su vida, impactando a toda la comunidad en la cual era conocido, principalmente, por sus presentaciones ante escolares.<\/p>\n<p class=\"v1MsoNormal\" style=\"text-align: justify;\"><b>Apoyo al trabajo en Ays\u00e9n<\/b><\/p>\n<p class=\"v1MsoNormal\" style=\"text-align: justify;\">Seleccionados por su temperamento, capacidades olfativas y estructura f\u00edsica, entre otras cualidades, hacen del Pastor Alem\u00e1n, Pastor Belga Malinois y Golden Retriever, las razas utilizadas por Carabineros para el desarrollo de tareas de orden p\u00fablico, detecci\u00f3n de drogas, b\u00fasqueda de personas, cad\u00e1veres y detecci\u00f3n de explosivos.<\/p>\n<p class=\"v1MsoNormal\" style=\"text-align: justify;\">\u00abMax\u00bb, de orden y seguridad; \u00abTyson\u00bb y \u00abMelissa\u00bb -en la detecci\u00f3n de drogas- son ejemplares caninos cuyo trabajo y reconocimiento ha dejado huella en apoyo al trabajo que desarrolla Carabineros en la regi\u00f3n de Ays\u00e9n.<br \/>\nEsta misma senda de logros, la contin\u00faan hoy otros ejemplares, como \u00abDala\u00bb y \u00abGazu\u00bb de la Secci\u00f3n O.S.7, cuyo trabajo ha sido fundamental en el apoyo a las tareas de control y fiscalizaci\u00f3n en rutas, puertos y aeropuerto, contribuyendo a detectar y prevenir el ingreso de drogas o sustancias prohibidas a la regi\u00f3n.<\/p>\n<p class=\"v1MsoNormal\" style=\"text-align: justify;\">A este trabajo, se suma \u00abBetsab\u00e9\u00bb y \u00abDenver\u00bb -pertenecientes del Grupo de Operaciones Policiales Especiales (GOPE)- ejemplares especialistas en la detecci\u00f3n de explosivos y b\u00fasqueda de cad\u00e1veres respectivamente, ejemplares cuyas capacidades olfativas han sido fundamentales en materias de seguridad as\u00ed como en el apoyo de tareas de b\u00fasqueda de personas desaparecidas en la regi\u00f3n.<\/p>\n<p class=\"v1MsoNormal\" style=\"text-align: justify;\">En el mundo de los olores y otras tareas donde los canes empleados por Carabineros no poseen rival, se han convertido en los principales aliados en la lucha contra el tr\u00e1fico y microtr\u00e1fico de drogas, contribuyendo a diario a hacer de las poblaciones, espacios, barrios y calles, m\u00e1s seguros para la comunidad.<\/p>\n<\/div><\/section><\/div><\/p>\n<div  style='height:50px' class='hr hr-invisible   avia-builder-el-6  el_after_av_one_full  el_before_av_social_share '><span class='hr-inner ' ><span class='hr-inner-style'><\/span><\/span><\/div>\n<div  class='av-social-sharing-box  avia-builder-el-7  el_after_av_hr  el_before_av_hr  '><div class='av-share-box'><h5 class='av-share-link-description av-no-toc '>Compartir esta noticia<\/h5><ul class='av-share-box-list noLightbox'><li class='av-share-link av-social-link-facebook' ><a target=\"_blank\" aria-label=\"Compartir en Facebook\" href='https:\/\/www.facebook.com\/sharer.php?u=https:\/\/radiorevelacionfm.cl\/?p=6523&#038;t=21%20de%20julio%20D%C3%ADa%20Mundial%20del%20Perro%3A%20El%20mejor%20amigo%20del%20hombre%2C%20lealtad%20y%20apoyo%20a%20la%20funci%C3%B3n%20policial' aria-hidden='false' data-av_icon='\ue8f3' data-av_iconfont='entypo-fontello' title='' data-avia-related-tooltip='Compartir en Facebook' rel=\"noopener\"><span class='avia_hidden_link_text'>Compartir en Facebook<\/span><\/a><\/li><li class='av-share-link av-social-link-twitter' ><a target=\"_blank\" aria-label=\"Compartir en Twitter\" href='https:\/\/twitter.com\/share?text=21%20de%20julio%20D%C3%ADa%20Mundial%20del%20Perro%3A%20El%20mejor%20amigo%20del%20hombre%2C%20lealtad%20y%20apoyo%20a%20la%20funci%C3%B3n%20policial&#038;url=https:\/\/radiorevelacionfm.cl\/?p=6523' aria-hidden='false' data-av_icon='\ue8f1' data-av_iconfont='entypo-fontello' title='' data-avia-related-tooltip='Compartir en Twitter' rel=\"noopener\"><span class='avia_hidden_link_text'>Compartir en Twitter<\/span><\/a><\/li><li class='av-share-link av-social-link-whatsapp' ><a target=\"_blank\" aria-label=\"Compartir en Whatsapp\" href='https:\/\/api.whatsapp.com\/send?text=https:\/\/radiorevelacionfm.cl\/?p=6523' aria-hidden='false' data-av_icon='\uf232' data-av_iconfont='entypo-fontello' title='' data-avia-related-tooltip='Compartir en Whatsapp' rel=\"noopener\"><span class='avia_hidden_link_text'>Compartir en Whatsapp<\/span><\/a><\/li><li class='av-share-link av-social-link-linkedin' ><a target=\"_blank\" aria-label=\"Compartir en LinkedIn\" href='https:\/\/linkedin.com\/shareArticle?mini=true&#038;title=21%20de%20julio%20D%C3%ADa%20Mundial%20del%20Perro%3A%20El%20mejor%20amigo%20del%20hombre%2C%20lealtad%20y%20apoyo%20a%20la%20funci%C3%B3n%20policial&#038;url=https:\/\/radiorevelacionfm.cl\/?p=6523' aria-hidden='false' data-av_icon='\ue8fc' data-av_iconfont='entypo-fontello' title='' data-avia-related-tooltip='Compartir en LinkedIn' rel=\"noopener\"><span class='avia_hidden_link_text'>Compartir en LinkedIn<\/span><\/a><\/li><li class='av-share-link av-social-link-mail' ><a  aria-label=\"Compartir por correo\" href='mailto:?subject=21%20de%20julio%20D%C3%ADa%20Mundial%20del%20Perro%3A%20El%20mejor%20amigo%20del%20hombre%2C%20lealtad%20y%20apoyo%20a%20la%20funci%C3%B3n%20policial&#038;body=https:\/\/radiorevelacionfm.cl\/?p=6523' aria-hidden='false' data-av_icon='\ue805' data-av_iconfont='entypo-fontello' title='' data-avia-related-tooltip='Compartir por correo'><span class='avia_hidden_link_text'>Compartir por correo<\/span><\/a><\/li><\/ul><\/div><\/div>\n<div  style='height:50px' class='hr hr-invisible   avia-builder-el-8  el_after_av_social_share  el_before_av_comments_list '><span class='hr-inner ' ><span class='hr-inner-style'><\/span><\/span><\/div>\n<div  class='av-buildercomment  av-blog-meta-html-info-disabled av-blog-meta-tag-disabled  '><\/div>\n","protected":false},"excerpt":{"rendered":"","protected":false},"author":1,"featured_media":6524,"comment_status":"open","ping_status":"open","sticky":false,"template":"","format":"standard","meta":{"footnotes":""},"categories":[36],"tags":[],"class_list":["post-6523","post","type-post","status-publish","format-standard","has-post-thumbnail","hentry","category-policial"],"jetpack_featured_media_url":"https:\/\/radiorevelacionfm.cl\/wp-content\/uploads\/2021\/07\/img_4378-1_optimized.jpg","_links":{"self":[{"href":"https:\/\/radiorevelacionfm.cl\/index.php?rest_route=\/wp\/v2\/posts\/6523","targetHints":{"allow":["GET"]}}],"collection":[{"href":"https:\/\/radiorevelacionfm.cl\/index.php?rest_route=\/wp\/v2\/posts"}],"about":[{"href":"https:\/\/radiorevelacionfm.cl\/index.php?rest_route=\/wp\/v2\/types\/post"}],"author":[{"embeddable":true,"href":"https:\/\/radiorevelacionfm.cl\/index.php?rest_route=\/wp\/v2\/users\/1"}],"replies":[{"embeddable":true,"href":"https:\/\/radiorevelacionfm.cl\/index.php?rest_route=%2Fwp%2Fv2%2Fcomments&post=6523"}],"version-history":[{"count":2,"href":"https:\/\/radiorevelacionfm.cl\/index.php?rest_route=\/wp\/v2\/posts\/6523\/revisions"}],"predecessor-version":[{"id":6529,"href":"https:\/\/radiorevelacionfm.cl\/index.php?rest_route=\/wp\/v2\/posts\/6523\/revisions\/6529"}],"wp:featuredmedia":[{"embeddable":true,"href":"https:\/\/radiorevelacionfm.cl\/index.php?rest_route=\/wp\/v2\/media\/6524"}],"wp:attachment":[{"href":"https:\/\/radiorevelacionfm.cl\/index.php?rest_route=%2Fwp%2Fv2%2Fmedia&parent=6523"}],"wp:term":[{"taxonomy":"category","embeddable":true,"href":"https:\/\/radiorevelacionfm.cl\/index.php?rest_route=%2Fwp%2Fv2%2Fcategories&post=6523"},{"taxonomy":"post_tag","embeddable":true,"href":"https:\/\/radiorevelacionfm.cl\/index.php?rest_route=%2Fwp%2Fv2%2Ftags&post=6523"}],"curies":[{"name":"wp","href":"https:\/\/api.w.org\/{rel}","templated":true}]}}