{"id":6520,"date":"2021-07-22T10:56:45","date_gmt":"2021-07-22T13:56:45","guid":{"rendered":"https:\/\/radiorevelacionfm.cl\/?p=6520"},"modified":"2021-07-22T10:56:45","modified_gmt":"2021-07-22T13:56:45","slug":"orquesta-escolar-comunal-de-aysen-brinda-concierto-de-homenaje-a-profesionales-de-salud","status":"publish","type":"post","link":"https:\/\/radiorevelacionfm.cl\/?p=6520","title":{"rendered":"Orquesta Escolar Comunal de Ays\u00e9n brinda concierto de homenaje a profesionales de Salud"},"content":{"rendered":"<div class=\"flex_column av_one_full  flex_column_div av-zero-column-padding first  avia-builder-el-0  el_before_av_one_full  avia-builder-el-first  \" style='border-radius:0px; '><div  class='avia-image-container  av-styling-    avia-builder-el-1  avia-builder-el-no-sibling  avia-align-center '  itemprop=\"image\" itemscope=\"itemscope\" itemtype=\"https:\/\/schema.org\/ImageObject\"  ><div class='avia-image-container-inner'><div class='avia-image-overlay-wrap'><img decoding=\"async\" class='wp-image-6521 avia-img-lazy-loading-not-6521 avia_image' src=\"https:\/\/radiorevelacionfm.cl\/wp-content\/uploads\/2021\/07\/IMG-orquestahomenaje2.1-1-1.jpg\" alt='' title='IMG-orquestahomenaje2.1 (1) (1)' height=\"600\" width=\"834\"  itemprop=\"thumbnailUrl\" srcset=\"https:\/\/radiorevelacionfm.cl\/wp-content\/uploads\/2021\/07\/IMG-orquestahomenaje2.1-1-1.jpg 834w, https:\/\/radiorevelacionfm.cl\/wp-content\/uploads\/2021\/07\/IMG-orquestahomenaje2.1-1-1-300x216.jpg 300w, https:\/\/radiorevelacionfm.cl\/wp-content\/uploads\/2021\/07\/IMG-orquestahomenaje2.1-1-1-768x553.jpg 768w, https:\/\/radiorevelacionfm.cl\/wp-content\/uploads\/2021\/07\/IMG-orquestahomenaje2.1-1-1-705x507.jpg 705w, https:\/\/radiorevelacionfm.cl\/wp-content\/uploads\/2021\/07\/IMG-orquestahomenaje2.1-1-1-600x432.jpg 600w\" sizes=\"(max-width: 834px) 100vw, 834px\" \/><\/div><\/div><\/div><\/div><div class=\"flex_column av_one_full  flex_column_div av-zero-column-padding first  avia-builder-el-2  el_after_av_one_full  el_before_av_one_full  column-top-margin\" style='border-radius:0px; '><section class=\"av_textblock_section \"  itemscope=\"itemscope\" itemtype=\"https:\/\/schema.org\/BlogPosting\" itemprop=\"blogPost\" ><div class='avia_textblock  '   itemprop=\"text\" ><p style=\"text-align: center;\"><strong><span style=\"font-size: 18pt;\">Orquesta Escolar Comunal de Ays\u00e9n brinda concierto de homenaje a profesionales de Salud <\/span><\/strong><\/p>\n<div id=\"gtx-trans\" style=\"position: absolute; left: -50px; top: 4.31534px;\">\n<div class=\"gtx-trans-icon\"><\/div>\n<\/div>\n<\/div><\/section><\/div><div class=\"flex_column av_one_full  flex_column_div av-zero-column-padding first  avia-builder-el-4  el_after_av_one_full  el_before_av_hr  column-top-margin\" style='border-radius:0px; '><section class=\"av_textblock_section \"  itemscope=\"itemscope\" itemtype=\"https:\/\/schema.org\/BlogPosting\" itemprop=\"blogPost\" ><div class='avia_textblock  '   itemprop=\"text\" ><p style=\"text-align: justify;\">Con motivo de entregar apoyo y esperanza ante las distintas adversidades que han debido enfrentar los profesionales de salud en medio de la pandemia por covid-19. Los profesores de la Orquesta Escolar Comunal dependiente de la Direcci\u00f3n de Educaci\u00f3n de la Ilustre Municipalidad de Ays\u00e9n desarrollaron desde la Casa de la Cultura de Puerto Ays\u00e9n una ceremonia de homenaje para los trabajadores de la salud primaria, instancia que tambi\u00e9n fue transmitida a trav\u00e9s de las redes sociales del municipio para que la comunidad aysenina pudiera ser parte de esta importante evento.<\/p>\n<p style=\"text-align: justify;\">Al respecto, el alcalde de Ays\u00e9n, Julio Uribe Alvarado, relev\u00f3 que \u201cpara el municipio es muy importante el reconocer a las personas que han estado en primera l\u00ednea trabajando para proteger a los vecinos tanto de manera preventiva como la vacunaci\u00f3n, como en la parte ya de tratamiento de las personas infectadas con este covid-19. Hoy d\u00eda ha sido un momento muy emotivo ya que la calidad de los profesionales que interpretaron los diferentes temas es de alto nivel, a trav\u00e9s de la Direcci\u00f3n de Educaci\u00f3n quisimos hacer este homenaje y result\u00f3 todo de la mejor manera, muy contento y esperar seguir realizando este tipo de reconocimientos a trav\u00e9s de la cultura\u201d.<\/p>\n<p style=\"text-align: justify;\">En tanto, el director del Centro de Salud Familiar de Puerto Ays\u00e9n, C\u00e9sar Reguero Zapata, agradeci\u00f3 la instancia realizada para los funcionarios destacando la colaboraci\u00f3n que han forjado con el municipio en aspectos como la comunicaci\u00f3n de riesgos, la coordinaci\u00f3n de operativos de vacunaci\u00f3n o la toma de PCR en colegios, a\u00f1adiendo que \u201cha sido un a\u00f1o bastante dif\u00edcil desde que iniciamos con la cuarentena por nuestra regi\u00f3n hasta hoy, pero nos hemos ido adaptando y reconvertido para dar respuesta a este dif\u00edcil momento como pa\u00eds pero sencillamente logramos avanzar y se agradece este gesto y agasajo para nuestros funcionarios, para tener m\u00e1s energ\u00edas y seguir adelante\u201d.<\/p>\n<p style=\"text-align: justify;\">Finalmente, la educadora y concertista a cargo de la Orquesta Escolar Comunal de Ays\u00e9n, Patricia Araya, coment\u00f3 que \u201cestamos muy contentos, ten\u00edamos esperanza ya desde alg\u00fan tiempo de poder compartir algo con este equipo de Salud que nos ha ayudado tanto. La gente a lo mejor no sabe pero todo el esfuerzo que conlleva abrir las escuelas en pandemia pero fue gigante, en m\u00e1s de alguna ocasi\u00f3n requerimos mucho apoyo del personal de salud y tambi\u00e9n los ve\u00edamos a ellos muy cansados, porque esto ha sido super extenuante no s\u00f3lo para nosotros como profesores, sino que tambi\u00e9n personas ellos. As\u00ed es que quer\u00edamos hacer un concierto para cuidar un poco el bienestar emocional de las personas que nos rodean y que comparten con nosotros y desde ah\u00ed nace este concierto\u201d puntualiz\u00f3 la formadora aysenina.<\/p>\n<\/div><\/section><\/div><div  style='height:50px' class='hr hr-invisible   avia-builder-el-6  el_after_av_one_full  el_before_av_social_share '><span class='hr-inner ' ><span class='hr-inner-style'><\/span><\/span><\/div><\/p>\n<div  class='av-social-sharing-box  avia-builder-el-7  el_after_av_hr  el_before_av_hr  '><div class='av-share-box'><h5 class='av-share-link-description av-no-toc '>Compartir esta noticia<\/h5><ul class='av-share-box-list noLightbox'><li class='av-share-link av-social-link-facebook' ><a target=\"_blank\" aria-label=\"Compartir en Facebook\" href='https:\/\/www.facebook.com\/sharer.php?u=https:\/\/radiorevelacionfm.cl\/?p=6520&#038;t=Orquesta%20Escolar%20Comunal%20de%20Ays%C3%A9n%20brinda%20concierto%20de%20homenaje%20a%20profesionales%20de%20Salud' aria-hidden='false' data-av_icon='\ue8f3' data-av_iconfont='entypo-fontello' title='' data-avia-related-tooltip='Compartir en Facebook' rel=\"noopener\"><span class='avia_hidden_link_text'>Compartir en Facebook<\/span><\/a><\/li><li class='av-share-link av-social-link-twitter' ><a target=\"_blank\" aria-label=\"Compartir en Twitter\" href='https:\/\/twitter.com\/share?text=Orquesta%20Escolar%20Comunal%20de%20Ays%C3%A9n%20brinda%20concierto%20de%20homenaje%20a%20profesionales%20de%20Salud&#038;url=https:\/\/radiorevelacionfm.cl\/?p=6520' aria-hidden='false' data-av_icon='\ue8f1' data-av_iconfont='entypo-fontello' title='' data-avia-related-tooltip='Compartir en Twitter' rel=\"noopener\"><span class='avia_hidden_link_text'>Compartir en Twitter<\/span><\/a><\/li><li class='av-share-link av-social-link-whatsapp' ><a target=\"_blank\" aria-label=\"Compartir en Whatsapp\" href='https:\/\/api.whatsapp.com\/send?text=https:\/\/radiorevelacionfm.cl\/?p=6520' aria-hidden='false' data-av_icon='\uf232' data-av_iconfont='entypo-fontello' title='' data-avia-related-tooltip='Compartir en Whatsapp' rel=\"noopener\"><span class='avia_hidden_link_text'>Compartir en Whatsapp<\/span><\/a><\/li><li class='av-share-link av-social-link-linkedin' ><a target=\"_blank\" aria-label=\"Compartir en LinkedIn\" href='https:\/\/linkedin.com\/shareArticle?mini=true&#038;title=Orquesta%20Escolar%20Comunal%20de%20Ays%C3%A9n%20brinda%20concierto%20de%20homenaje%20a%20profesionales%20de%20Salud&#038;url=https:\/\/radiorevelacionfm.cl\/?p=6520' aria-hidden='false' data-av_icon='\ue8fc' data-av_iconfont='entypo-fontello' title='' data-avia-related-tooltip='Compartir en LinkedIn' rel=\"noopener\"><span class='avia_hidden_link_text'>Compartir en LinkedIn<\/span><\/a><\/li><li class='av-share-link av-social-link-mail' ><a  aria-label=\"Compartir por correo\" href='mailto:?subject=Orquesta%20Escolar%20Comunal%20de%20Ays%C3%A9n%20brinda%20concierto%20de%20homenaje%20a%20profesionales%20de%20Salud&#038;body=https:\/\/radiorevelacionfm.cl\/?p=6520' aria-hidden='false' data-av_icon='\ue805' data-av_iconfont='entypo-fontello' title='' data-avia-related-tooltip='Compartir por correo'><span class='avia_hidden_link_text'>Compartir por correo<\/span><\/a><\/li><\/ul><\/div><\/div>\n<div  style='height:50px' class='hr hr-invisible   avia-builder-el-8  el_after_av_social_share  el_before_av_comments_list '><span class='hr-inner ' ><span class='hr-inner-style'><\/span><\/span><\/div>\n<div  class='av-buildercomment  av-blog-meta-html-info-disabled av-blog-meta-tag-disabled  '><\/div>\n","protected":false},"excerpt":{"rendered":"","protected":false},"author":1,"featured_media":6521,"comment_status":"open","ping_status":"open","sticky":false,"template":"","format":"standard","meta":{"footnotes":""},"categories":[52],"tags":[],"class_list":["post-6520","post","type-post","status-publish","format-standard","has-post-thumbnail","hentry","category-cultura"],"jetpack_featured_media_url":"https:\/\/radiorevelacionfm.cl\/wp-content\/uploads\/2021\/07\/IMG-orquestahomenaje2.1-1-1.jpg","_links":{"self":[{"href":"https:\/\/radiorevelacionfm.cl\/index.php?rest_route=\/wp\/v2\/posts\/6520","targetHints":{"allow":["GET"]}}],"collection":[{"href":"https:\/\/radiorevelacionfm.cl\/index.php?rest_route=\/wp\/v2\/posts"}],"about":[{"href":"https:\/\/radiorevelacionfm.cl\/index.php?rest_route=\/wp\/v2\/types\/post"}],"author":[{"embeddable":true,"href":"https:\/\/radiorevelacionfm.cl\/index.php?rest_route=\/wp\/v2\/users\/1"}],"replies":[{"embeddable":true,"href":"https:\/\/radiorevelacionfm.cl\/index.php?rest_route=%2Fwp%2Fv2%2Fcomments&post=6520"}],"version-history":[{"count":1,"href":"https:\/\/radiorevelacionfm.cl\/index.php?rest_route=\/wp\/v2\/posts\/6520\/revisions"}],"predecessor-version":[{"id":6522,"href":"https:\/\/radiorevelacionfm.cl\/index.php?rest_route=\/wp\/v2\/posts\/6520\/revisions\/6522"}],"wp:featuredmedia":[{"embeddable":true,"href":"https:\/\/radiorevelacionfm.cl\/index.php?rest_route=\/wp\/v2\/media\/6521"}],"wp:attachment":[{"href":"https:\/\/radiorevelacionfm.cl\/index.php?rest_route=%2Fwp%2Fv2%2Fmedia&parent=6520"}],"wp:term":[{"taxonomy":"category","embeddable":true,"href":"https:\/\/radiorevelacionfm.cl\/index.php?rest_route=%2Fwp%2Fv2%2Fcategories&post=6520"},{"taxonomy":"post_tag","embeddable":true,"href":"https:\/\/radiorevelacionfm.cl\/index.php?rest_route=%2Fwp%2Fv2%2Ftags&post=6520"}],"curies":[{"name":"wp","href":"https:\/\/api.w.org\/{rel}","templated":true}]}}