{"id":6514,"date":"2021-07-22T10:28:58","date_gmt":"2021-07-22T13:28:58","guid":{"rendered":"https:\/\/radiorevelacionfm.cl\/?p=6514"},"modified":"2021-07-22T10:43:03","modified_gmt":"2021-07-22T13:43:03","slug":"el-23-de-julio-vence-el-plazo-para-inscribirse-a-la-prueba-de-transicion","status":"publish","type":"post","link":"https:\/\/radiorevelacionfm.cl\/?p=6514","title":{"rendered":"El 23 de julio vence el plazo para inscribirse en la Prueba de Transici\u00f3n"},"content":{"rendered":"<div class=\"flex_column av_one_full  flex_column_div av-zero-column-padding first  avia-builder-el-0  el_before_av_one_full  avia-builder-el-first  \" style='border-radius:0px; '><div  class='avia-image-container  av-styling-    avia-builder-el-1  avia-builder-el-no-sibling  avia-align-center '  itemprop=\"image\" itemscope=\"itemscope\" itemtype=\"https:\/\/schema.org\/ImageObject\"  ><div class='avia-image-container-inner'><div class='avia-image-overlay-wrap'><img decoding=\"async\" class='wp-image-6515 avia-img-lazy-loading-not-6515 avia_image' src=\"https:\/\/radiorevelacionfm.cl\/wp-content\/uploads\/2021\/07\/PDT_ULTIMOSDIAS-1.jpg\" alt='' title='PDT_ULTIMOSDIAS-(1)' height=\"600\" width=\"1015\"  itemprop=\"thumbnailUrl\" srcset=\"https:\/\/radiorevelacionfm.cl\/wp-content\/uploads\/2021\/07\/PDT_ULTIMOSDIAS-1.jpg 1015w, https:\/\/radiorevelacionfm.cl\/wp-content\/uploads\/2021\/07\/PDT_ULTIMOSDIAS-1-300x177.jpg 300w, https:\/\/radiorevelacionfm.cl\/wp-content\/uploads\/2021\/07\/PDT_ULTIMOSDIAS-1-768x454.jpg 768w, https:\/\/radiorevelacionfm.cl\/wp-content\/uploads\/2021\/07\/PDT_ULTIMOSDIAS-1-705x417.jpg 705w, https:\/\/radiorevelacionfm.cl\/wp-content\/uploads\/2021\/07\/PDT_ULTIMOSDIAS-1-600x355.jpg 600w\" sizes=\"(max-width: 1015px) 100vw, 1015px\" \/><\/div><\/div><\/div><\/div>\n<div class=\"flex_column av_one_full  flex_column_div av-zero-column-padding first  avia-builder-el-2  el_after_av_one_full  el_before_av_one_full  column-top-margin\" style='border-radius:0px; '><section class=\"av_textblock_section \"  itemscope=\"itemscope\" itemtype=\"https:\/\/schema.org\/BlogPosting\" itemprop=\"blogPost\" ><div class='avia_textblock  '   itemprop=\"text\" ><p style=\"text-align: center;\"><strong><span style=\"font-size: 18pt;\">El 23 de julio vence el plazo para inscribirse en la Prueba de Transici\u00f3n<\/span><\/strong><\/p>\n<div id=\"gtx-trans\" style=\"position: absolute; left: -50px; top: 4.31534px;\">\n<div class=\"gtx-trans-icon\"><\/div>\n<\/div>\n<\/div><\/section><\/div><div class=\"flex_column av_one_full  flex_column_div av-zero-column-padding first  avia-builder-el-4  el_after_av_one_full  el_before_av_hr  column-top-margin\" style='border-radius:0px; '><section class=\"av_textblock_section \"  itemscope=\"itemscope\" itemtype=\"https:\/\/schema.org\/BlogPosting\" itemprop=\"blogPost\" ><div class='avia_textblock  '   itemprop=\"text\" ><p class=\"v1MsoNormal\" style=\"text-align: justify;\">El pr\u00f3ximo viernes 23 de julio, a las 13:00 horas, concluir\u00e1 el periodo de inscripci\u00f3n a la PDT. As\u00ed lo informaron la Subsecretar\u00eda de Educaci\u00f3n Superior y el DEMRE de la Universidad de Chile, organismos encargados de la aplicaci\u00f3n de la prueba en dos grupos, el 6-7 y 9-10 de diciembre pr\u00f3ximos.<\/p>\n<p class=\"v1MsoNormal\" style=\"text-align: justify;\">\u00abHacemos un llamado a los j\u00f3venes a inscribirse y no dejar este tr\u00e1mite para \u00faltimo momento, y as\u00ed tener tiempo para resolver cualquier inconveniente que pudiese surgir\u00bb, explic\u00f3 el subsecretario de Educaci\u00f3n Superior, Juan Eduardo Vargas, quien adem\u00e1s record\u00f3 que est\u00e1 disponible una beca que cubre el total del arancel de inscripci\u00f3n para los alumnos de 4\u00b0 Medio de colegios municipales, particulares subvencionados, servicios locales y de administraci\u00f3n delegada.<\/p>\n<p class=\"v1MsoNormal\" style=\"text-align: justify;\">El subsecretario indic\u00f3 que, tal como el a\u00f1o pasado, se tomar\u00e1n todas las medidas sanitarias pertinentes, de acuerdo con el contexto del Covid-19. \u00abTendremos una rendici\u00f3n segura, tal como en el Proceso de Admisi\u00f3n pasado, para resguardar la salud de quienes rindan la PDT, como tambi\u00e9n de sus familias y de quienes colaboren en su aplicaci\u00f3n\u00bb.<\/p>\n<p class=\"v1MsoNormal\" style=\"text-align: justify;\">\u00abEs importante recordar que seguimos en pandemia y que sabemos que para los estudiantes no han sido a\u00f1os f\u00e1ciles. Es por eso que, al igual que en 2020, hemos puesto a disposici\u00f3n de los postulantes la oportunidad de acceder de forma gratuita a dos preuniversitarios online, en los que se pueden inscribir a trav\u00e9s de la web\u00a0<a href=\"https:\/\/www.curriculumnacional.cl\/estudiantes\/Prueba-transitoria\/Prueba-de-Transicion-de-acceso-a-la-Educacion-Superior\/\" target=\"_blank\" rel=\"noopener noreferrer\">aprendoenlinea.mineduc.cl<\/a>\u00ab, destac\u00f3 el subsecretario Vargas.<\/p>\n<p class=\"v1MsoNormal\" style=\"text-align: justify;\">Cabe se\u00f1alar que este a\u00f1o se incorporan tres sedes de rendici\u00f3n, llegando a 185 a lo largo de Chile, desde Putre a Cabo de Hornos. Estas nuevas sedes son Quintero (Regi\u00f3n de Valpara\u00edso), Tir\u00faa (Regi\u00f3n del Biob\u00edo) y Los Lagos (Regi\u00f3n de Los R\u00edos).<\/p>\n<p class=\"v1MsoNormal\" style=\"text-align: justify;\">Para Leonor Varas, directora del DEMRE de la U. de Chile, esa medida va en directo beneficio de los postulantes: \u00abQueremos abarcar la mayor cantidad de comunas del pa\u00eds y dar un acceso lo m\u00e1s democr\u00e1tico y justo posible a las y los j\u00f3venes que participan del Proceso de Admisi\u00f3n, disminuyendo el estr\u00e9s y la ansiedad de viajar a otro lugar para dar la prueba\u00bb.<\/p>\n<p class=\"v1MsoNormal\" style=\"text-align: justify;\"><b>C\u00f3mo inscribirse a la PDT<\/b><\/p>\n<p class=\"v1MsoNormal\" style=\"text-align: justify;\">Tanto en los sitios web de\u00a0<a href=\"https:\/\/acceso.mineduc.cl\/portal-inscripcion\/\" target=\"_blank\" rel=\"noopener noreferrer\">Acceso<\/a>\u00a0como del\u00a0<a href=\"https:\/\/demre.cl\/\" target=\"_blank\" rel=\"noopener noreferrer\">DEMRE<\/a>\u00a0hay material para prepararse a la Prueba de Transici\u00f3n, como tambi\u00e9n toda la informaci\u00f3n con las instrucciones generales para inscribirse de manera adecuada.<\/p>\n<p class=\"v1MsoNormal\" style=\"text-align: justify;\">Es importante se\u00f1alar que para inscribirse es necesario contar con C\u00e9dula de Identidad Chilena (aunque est\u00e9 vencida), Pasaporte o Identificador Provisorio Escolar (IPE).<\/p>\n<p class=\"v1MsoNormal\" style=\"text-align: justify;\">Quienes tengan dudas, pueden comunicarse con Ayuda Mineduc, al 600 600 26 26 (desde celulares al 2 2406 6600), o a la Mesa de Ayuda DEMRE, al 229783806.<\/p>\n<\/div><\/section><\/div><\/p>\n<div  style='height:50px' class='hr hr-invisible   avia-builder-el-6  el_after_av_one_full  el_before_av_social_share '><span class='hr-inner ' ><span class='hr-inner-style'><\/span><\/span><\/div>\n<div  class='av-social-sharing-box  avia-builder-el-7  el_after_av_hr  el_before_av_hr  '><div class='av-share-box'><h5 class='av-share-link-description av-no-toc '>Compartir esta noticia<\/h5><ul class='av-share-box-list noLightbox'><li class='av-share-link av-social-link-facebook' ><a target=\"_blank\" aria-label=\"Compartir en Facebook\" href='https:\/\/www.facebook.com\/sharer.php?u=https:\/\/radiorevelacionfm.cl\/?p=6514&#038;t=El%2023%20de%20julio%20vence%20el%20plazo%20para%20inscribirse%20en%20la%20Prueba%20de%20Transici%C3%B3n' aria-hidden='false' data-av_icon='\ue8f3' data-av_iconfont='entypo-fontello' title='' data-avia-related-tooltip='Compartir en Facebook' rel=\"noopener\"><span class='avia_hidden_link_text'>Compartir en Facebook<\/span><\/a><\/li><li class='av-share-link av-social-link-twitter' ><a target=\"_blank\" aria-label=\"Compartir en Twitter\" href='https:\/\/twitter.com\/share?text=El%2023%20de%20julio%20vence%20el%20plazo%20para%20inscribirse%20en%20la%20Prueba%20de%20Transici%C3%B3n&#038;url=https:\/\/radiorevelacionfm.cl\/?p=6514' aria-hidden='false' data-av_icon='\ue8f1' data-av_iconfont='entypo-fontello' title='' data-avia-related-tooltip='Compartir en Twitter' rel=\"noopener\"><span class='avia_hidden_link_text'>Compartir en Twitter<\/span><\/a><\/li><li class='av-share-link av-social-link-whatsapp' ><a target=\"_blank\" aria-label=\"Compartir en Whatsapp\" href='https:\/\/api.whatsapp.com\/send?text=https:\/\/radiorevelacionfm.cl\/?p=6514' aria-hidden='false' data-av_icon='\uf232' data-av_iconfont='entypo-fontello' title='' data-avia-related-tooltip='Compartir en Whatsapp' rel=\"noopener\"><span class='avia_hidden_link_text'>Compartir en Whatsapp<\/span><\/a><\/li><li class='av-share-link av-social-link-linkedin' ><a target=\"_blank\" aria-label=\"Compartir en LinkedIn\" href='https:\/\/linkedin.com\/shareArticle?mini=true&#038;title=El%2023%20de%20julio%20vence%20el%20plazo%20para%20inscribirse%20en%20la%20Prueba%20de%20Transici%C3%B3n&#038;url=https:\/\/radiorevelacionfm.cl\/?p=6514' aria-hidden='false' data-av_icon='\ue8fc' data-av_iconfont='entypo-fontello' title='' data-avia-related-tooltip='Compartir en LinkedIn' rel=\"noopener\"><span class='avia_hidden_link_text'>Compartir en LinkedIn<\/span><\/a><\/li><li class='av-share-link av-social-link-mail' ><a  aria-label=\"Compartir por correo\" href='mailto:?subject=El%2023%20de%20julio%20vence%20el%20plazo%20para%20inscribirse%20en%20la%20Prueba%20de%20Transici%C3%B3n&#038;body=https:\/\/radiorevelacionfm.cl\/?p=6514' aria-hidden='false' data-av_icon='\ue805' data-av_iconfont='entypo-fontello' title='' data-avia-related-tooltip='Compartir por correo'><span class='avia_hidden_link_text'>Compartir por correo<\/span><\/a><\/li><\/ul><\/div><\/div>\n<div  style='height:50px' class='hr hr-invisible   avia-builder-el-8  el_after_av_social_share  el_before_av_comments_list '><span class='hr-inner ' ><span class='hr-inner-style'><\/span><\/span><\/div>\n<div  class='av-buildercomment  av-blog-meta-html-info-disabled av-blog-meta-tag-disabled  '><\/div>\n","protected":false},"excerpt":{"rendered":"","protected":false},"author":1,"featured_media":6515,"comment_status":"open","ping_status":"open","sticky":false,"template":"","format":"standard","meta":{"footnotes":""},"categories":[49],"tags":[],"class_list":["post-6514","post","type-post","status-publish","format-standard","has-post-thumbnail","hentry","category-educacion"],"jetpack_featured_media_url":"https:\/\/radiorevelacionfm.cl\/wp-content\/uploads\/2021\/07\/PDT_ULTIMOSDIAS-1.jpg","_links":{"self":[{"href":"https:\/\/radiorevelacionfm.cl\/index.php?rest_route=\/wp\/v2\/posts\/6514","targetHints":{"allow":["GET"]}}],"collection":[{"href":"https:\/\/radiorevelacionfm.cl\/index.php?rest_route=\/wp\/v2\/posts"}],"about":[{"href":"https:\/\/radiorevelacionfm.cl\/index.php?rest_route=\/wp\/v2\/types\/post"}],"author":[{"embeddable":true,"href":"https:\/\/radiorevelacionfm.cl\/index.php?rest_route=\/wp\/v2\/users\/1"}],"replies":[{"embeddable":true,"href":"https:\/\/radiorevelacionfm.cl\/index.php?rest_route=%2Fwp%2Fv2%2Fcomments&post=6514"}],"version-history":[{"count":3,"href":"https:\/\/radiorevelacionfm.cl\/index.php?rest_route=\/wp\/v2\/posts\/6514\/revisions"}],"predecessor-version":[{"id":6535,"href":"https:\/\/radiorevelacionfm.cl\/index.php?rest_route=\/wp\/v2\/posts\/6514\/revisions\/6535"}],"wp:featuredmedia":[{"embeddable":true,"href":"https:\/\/radiorevelacionfm.cl\/index.php?rest_route=\/wp\/v2\/media\/6515"}],"wp:attachment":[{"href":"https:\/\/radiorevelacionfm.cl\/index.php?rest_route=%2Fwp%2Fv2%2Fmedia&parent=6514"}],"wp:term":[{"taxonomy":"category","embeddable":true,"href":"https:\/\/radiorevelacionfm.cl\/index.php?rest_route=%2Fwp%2Fv2%2Fcategories&post=6514"},{"taxonomy":"post_tag","embeddable":true,"href":"https:\/\/radiorevelacionfm.cl\/index.php?rest_route=%2Fwp%2Fv2%2Ftags&post=6514"}],"curies":[{"name":"wp","href":"https:\/\/api.w.org\/{rel}","templated":true}]}}