{"id":65095,"date":"2026-03-15T19:29:05","date_gmt":"2026-03-15T22:29:05","guid":{"rendered":"https:\/\/radiorevelacionfm.cl\/?p=65095"},"modified":"2026-03-15T19:29:05","modified_gmt":"2026-03-15T22:29:05","slug":"udi-aysen-reconoce-trayectoria-de-david-sandoval-y-destaca-nueva-etapa-de-representacion-regional-con-la-diputada-alejandra-valdebenito","status":"publish","type":"post","link":"https:\/\/radiorevelacionfm.cl\/?p=65095","title":{"rendered":"UDI Ays\u00e9n reconoce trayectoria de David Sandoval y destaca nueva etapa de representaci\u00f3n regional con la diputada Alejandra Valdebenito"},"content":{"rendered":"<div class=\"flex_column av_one_full  flex_column_div av-zero-column-padding first  avia-builder-el-0  el_before_av_one_full  avia-builder-el-first  \" style='border-radius:0px; '><div  class='avia-image-container  av-styling-    avia-builder-el-1  avia-builder-el-no-sibling  avia-align-center '  itemprop=\"image\" itemscope=\"itemscope\" itemtype=\"https:\/\/schema.org\/ImageObject\"  ><div class='avia-image-container-inner'><div class='avia-image-overlay-wrap'><img decoding=\"async\" class='wp-image-65096 avia-img-lazy-loading-not-65096 avia_image' src=\"https:\/\/radiorevelacionfm.cl\/wp-content\/uploads\/2026\/03\/reconocimiento-a-senador-sandoval-1_optimized.jpg\" alt='' title='reconocimiento-a-senador-sandoval-(1)_optimized' height=\"600\" width=\"973\"  itemprop=\"thumbnailUrl\" srcset=\"https:\/\/radiorevelacionfm.cl\/wp-content\/uploads\/2026\/03\/reconocimiento-a-senador-sandoval-1_optimized.jpg 973w, https:\/\/radiorevelacionfm.cl\/wp-content\/uploads\/2026\/03\/reconocimiento-a-senador-sandoval-1_optimized-300x185.jpg 300w, https:\/\/radiorevelacionfm.cl\/wp-content\/uploads\/2026\/03\/reconocimiento-a-senador-sandoval-1_optimized-768x474.jpg 768w, https:\/\/radiorevelacionfm.cl\/wp-content\/uploads\/2026\/03\/reconocimiento-a-senador-sandoval-1_optimized-705x435.jpg 705w, https:\/\/radiorevelacionfm.cl\/wp-content\/uploads\/2026\/03\/reconocimiento-a-senador-sandoval-1_optimized-450x277.jpg 450w, https:\/\/radiorevelacionfm.cl\/wp-content\/uploads\/2026\/03\/reconocimiento-a-senador-sandoval-1_optimized-600x370.jpg 600w\" sizes=\"(max-width: 973px) 100vw, 973px\" \/><\/div><\/div><\/div><\/div><div class=\"flex_column av_one_full  flex_column_div av-zero-column-padding first  avia-builder-el-2  el_after_av_one_full  el_before_av_one_full  column-top-margin\" style='border-radius:0px; '><section class=\"av_textblock_section \"  itemscope=\"itemscope\" itemtype=\"https:\/\/schema.org\/BlogPosting\" itemprop=\"blogPost\" ><div class='avia_textblock  '   itemprop=\"text\" ><p style=\"text-align: center;\"><strong><span style=\"font-size: 18pt;\">UDI Ays\u00e9n reconoce trayectoria de David Sandoval y destaca nueva etapa de representaci\u00f3n regional con la diputada Alejandra Valdebenito<\/span><\/strong><\/p>\n<div id=\"gtx-trans\" style=\"position: absolute; left: -50px; top: 4.31534px;\">\n<div class=\"gtx-trans-icon\"><\/div>\n<\/div>\n<\/div><\/section><\/div><div class=\"flex_column av_one_full  flex_column_div av-zero-column-padding first  avia-builder-el-4  el_after_av_one_full  el_before_av_hr  column-top-margin\" style='border-radius:0px; '><section class=\"av_textblock_section \"  itemscope=\"itemscope\" itemtype=\"https:\/\/schema.org\/BlogPosting\" itemprop=\"blogPost\" ><div class='avia_textblock  '   itemprop=\"text\" ><p style=\"text-align: justify;\"><em>En una jornada de camarader\u00eda, dirigentes, militantes y simpatizantes valoraron el legado de servicio p\u00fablico del senador y expresaron su respaldo a la labor que inicia la parlamentaria en la C\u00e1mara Baja.<\/em><\/p>\n<p style=\"text-align: justify;\">En un encuentro marcado por la cercan\u00eda, gratitud y compromiso con el futuro de la regi\u00f3n, la Uni\u00f3n Dem\u00f3crata Independiente (UDI) de la regi\u00f3n de Ays\u00e9n, realiz\u00f3 una actividad de reconocimiento a la trayectoria p\u00fablica del ex senador David Sandoval Plaza y a acompa\u00f1ar el inicio de la labor parlamentaria de la diputada Alejandra Valdebenito Torres.<\/p>\n<p style=\"text-align: justify;\">Durante la jornada, se destac\u00f3 el aporte que Sandoval ha realizado durante d\u00e9cadas al desarrollo de Ays\u00e9n, resaltando su actividad como alcalde de Chile Chico, Cochrane y Coyhaique, as\u00ed como su permanente compromiso con las comunidades demostrado en sus dos periodos como diputado y su incansable trabajo por impulsar avances en materias clave para Ays\u00e9n, como senador.<\/p>\n<p style=\"text-align: justify;\">En la jornada, la presidenta de la UDI Ays\u00e9n, Andrea Ponce subray\u00f3 que \u201csu trayectoria pol\u00edtica ha estado marcada por una profunda vocaci\u00f3n de servicio p\u00fablico\u201d enfatizando que eso se tradujo en \u201cla convicci\u00f3n de que el progreso de Ays\u00e9n debe construirse escuchando a su gente y defendiendo con fuerza los intereses de la regi\u00f3n\u201d.<\/p>\n<p style=\"text-align: justify;\">La actividad tambi\u00e9n fue una instancia para expresar el respaldo a Alejandra Valdebenito, quien durante los \u00faltimos d\u00edas asumi\u00f3 el desaf\u00edo de representar a la regi\u00f3n en la C\u00e1mara de Diputadas y Diputados. \u201cDesde la UDI Ays\u00e9n destacamos que su llegada al Congreso representa un trabajo pol\u00edtico comprometido con cada una de las comunas de nuestra regi\u00f3n, con una mirada cercana a las necesidades de las familias y a los desaf\u00edos que enfrenta la zona\u201d.<\/p>\n<p style=\"text-align: justify;\">Dirigentes y simpatizantes tambi\u00e9n coincidieron que este nuevo periodo abre una etapa de trabajo conjunto, en la que la experiencia y el camino recorrido se proyectan en nuevas liderazgos que seguir\u00e1n defendiendo con convicci\u00f3n los intereses de Ays\u00e9n.<\/p>\n<p style=\"text-align: justify;\">La jornada estuvo marcada por palabras de reconocimiento, recuerdos de los distintos momentos del trabajo pol\u00edtico desarrollado por Sandoval en la regi\u00f3n y un ambiente de unidad que reflej\u00f3 el valor del servicio p\u00fablico cuando se ejerce con compromiso y cercan\u00eda.<\/p>\n<p style=\"text-align: justify;\">Finalmente, la presidenta de la UDI Ays\u00e9n, se\u00f1al\u00f3 que este tipo de encuentros \u201cpermiten no solo valorar la trayectoria de quienes han dedicado su vida al trabajo por la regi\u00f3n, sino tambi\u00e9n renovar el compromiso con el desarrollo de Ays\u00e9n, reafirmando una convicci\u00f3n compartida: seguir trabajando con fuerza, cercan\u00eda y responsabilidad por el bienestar de sus habitantes\u201d.<\/p>\n<\/div><\/section><\/div><div  style='height:50px' class='hr hr-invisible   avia-builder-el-6  el_after_av_one_full  el_before_av_social_share '><span class='hr-inner ' ><span class='hr-inner-style'><\/span><\/span><\/div><\/p>\n<div  class='av-social-sharing-box  avia-builder-el-7  el_after_av_hr  el_before_av_hr  '><div class='av-share-box'><h5 class='av-share-link-description av-no-toc '>Compartir esta noticia<\/h5><ul class='av-share-box-list noLightbox'><li class='av-share-link av-social-link-facebook' ><a target=\"_blank\" aria-label=\"Compartir en Facebook\" href='https:\/\/www.facebook.com\/sharer.php?u=https:\/\/radiorevelacionfm.cl\/?p=65095&#038;t=UDI%20Ays%C3%A9n%20reconoce%20trayectoria%20de%20David%20Sandoval%20y%20destaca%20nueva%20etapa%20de%20representaci%C3%B3n%20regional%20con%20la%20diputada%20Alejandra%20Valdebenito' aria-hidden='false' data-av_icon='\ue8f3' data-av_iconfont='entypo-fontello' title='' data-avia-related-tooltip='Compartir en Facebook' rel=\"noopener\"><span class='avia_hidden_link_text'>Compartir en Facebook<\/span><\/a><\/li><li class='av-share-link av-social-link-twitter' ><a target=\"_blank\" aria-label=\"Compartir en Twitter\" href='https:\/\/twitter.com\/share?text=UDI%20Ays%C3%A9n%20reconoce%20trayectoria%20de%20David%20Sandoval%20y%20destaca%20nueva%20etapa%20de%20representaci%C3%B3n%20regional%20con%20la%20diputada%20Alejandra%20Valdebenito&#038;url=https:\/\/radiorevelacionfm.cl\/?p=65095' aria-hidden='false' data-av_icon='\ue8f1' data-av_iconfont='entypo-fontello' title='' data-avia-related-tooltip='Compartir en Twitter' rel=\"noopener\"><span class='avia_hidden_link_text'>Compartir en Twitter<\/span><\/a><\/li><li class='av-share-link av-social-link-whatsapp' ><a target=\"_blank\" aria-label=\"Compartir en Whatsapp\" href='https:\/\/api.whatsapp.com\/send?text=https:\/\/radiorevelacionfm.cl\/?p=65095' aria-hidden='false' data-av_icon='\uf232' data-av_iconfont='entypo-fontello' title='' data-avia-related-tooltip='Compartir en Whatsapp' rel=\"noopener\"><span class='avia_hidden_link_text'>Compartir en Whatsapp<\/span><\/a><\/li><li class='av-share-link av-social-link-linkedin' ><a target=\"_blank\" aria-label=\"Compartir en LinkedIn\" href='https:\/\/linkedin.com\/shareArticle?mini=true&#038;title=UDI%20Ays%C3%A9n%20reconoce%20trayectoria%20de%20David%20Sandoval%20y%20destaca%20nueva%20etapa%20de%20representaci%C3%B3n%20regional%20con%20la%20diputada%20Alejandra%20Valdebenito&#038;url=https:\/\/radiorevelacionfm.cl\/?p=65095' aria-hidden='false' data-av_icon='\ue8fc' data-av_iconfont='entypo-fontello' title='' data-avia-related-tooltip='Compartir en LinkedIn' rel=\"noopener\"><span class='avia_hidden_link_text'>Compartir en LinkedIn<\/span><\/a><\/li><li class='av-share-link av-social-link-mail' ><a  aria-label=\"Compartir por correo\" href='mailto:?subject=UDI%20Ays%C3%A9n%20reconoce%20trayectoria%20de%20David%20Sandoval%20y%20destaca%20nueva%20etapa%20de%20representaci%C3%B3n%20regional%20con%20la%20diputada%20Alejandra%20Valdebenito&#038;body=https:\/\/radiorevelacionfm.cl\/?p=65095' aria-hidden='false' data-av_icon='\ue805' data-av_iconfont='entypo-fontello' title='' data-avia-related-tooltip='Compartir por correo'><span class='avia_hidden_link_text'>Compartir por correo<\/span><\/a><\/li><\/ul><\/div><\/div>\n<div  style='height:50px' class='hr hr-invisible   avia-builder-el-8  el_after_av_social_share  el_before_av_comments_list '><span class='hr-inner ' ><span class='hr-inner-style'><\/span><\/span><\/div>\n<div  class='av-buildercomment  av-blog-meta-html-info-disabled av-blog-meta-tag-disabled  '><\/div>\n","protected":false},"excerpt":{"rendered":"","protected":false},"author":1,"featured_media":65096,"comment_status":"closed","ping_status":"closed","sticky":false,"template":"","format":"standard","meta":{"footnotes":""},"categories":[35],"tags":[],"class_list":["post-65095","post","type-post","status-publish","format-standard","has-post-thumbnail","hentry","category-politica"],"jetpack_featured_media_url":"https:\/\/radiorevelacionfm.cl\/wp-content\/uploads\/2026\/03\/reconocimiento-a-senador-sandoval-1_optimized.jpg","_links":{"self":[{"href":"https:\/\/radiorevelacionfm.cl\/index.php?rest_route=\/wp\/v2\/posts\/65095","targetHints":{"allow":["GET"]}}],"collection":[{"href":"https:\/\/radiorevelacionfm.cl\/index.php?rest_route=\/wp\/v2\/posts"}],"about":[{"href":"https:\/\/radiorevelacionfm.cl\/index.php?rest_route=\/wp\/v2\/types\/post"}],"author":[{"embeddable":true,"href":"https:\/\/radiorevelacionfm.cl\/index.php?rest_route=\/wp\/v2\/users\/1"}],"replies":[{"embeddable":true,"href":"https:\/\/radiorevelacionfm.cl\/index.php?rest_route=%2Fwp%2Fv2%2Fcomments&post=65095"}],"version-history":[{"count":2,"href":"https:\/\/radiorevelacionfm.cl\/index.php?rest_route=\/wp\/v2\/posts\/65095\/revisions"}],"predecessor-version":[{"id":65099,"href":"https:\/\/radiorevelacionfm.cl\/index.php?rest_route=\/wp\/v2\/posts\/65095\/revisions\/65099"}],"wp:featuredmedia":[{"embeddable":true,"href":"https:\/\/radiorevelacionfm.cl\/index.php?rest_route=\/wp\/v2\/media\/65096"}],"wp:attachment":[{"href":"https:\/\/radiorevelacionfm.cl\/index.php?rest_route=%2Fwp%2Fv2%2Fmedia&parent=65095"}],"wp:term":[{"taxonomy":"category","embeddable":true,"href":"https:\/\/radiorevelacionfm.cl\/index.php?rest_route=%2Fwp%2Fv2%2Fcategories&post=65095"},{"taxonomy":"post_tag","embeddable":true,"href":"https:\/\/radiorevelacionfm.cl\/index.php?rest_route=%2Fwp%2Fv2%2Ftags&post=65095"}],"curies":[{"name":"wp","href":"https:\/\/api.w.org\/{rel}","templated":true}]}}