{"id":65092,"date":"2026-03-15T20:43:50","date_gmt":"2026-03-15T23:43:50","guid":{"rendered":"https:\/\/radiorevelacionfm.cl\/?p=65092"},"modified":"2026-03-15T20:43:50","modified_gmt":"2026-03-15T23:43:50","slug":"sernameg-y-servicio-de-salud-aysen-firman-convenio-para-apoyar-a-victimas-de-violencia-de-genero-grave-o-extrema","status":"publish","type":"post","link":"https:\/\/radiorevelacionfm.cl\/?p=65092","title":{"rendered":"SernamEG y Servicio de Salud Ays\u00e9n firman convenio para apoyar a v\u00edctimas de violencia de g\u00e9nero grave o extrema"},"content":{"rendered":"<div class=\"flex_column av_one_full  flex_column_div av-zero-column-padding first  avia-builder-el-0  el_before_av_one_full  avia-builder-el-first  \" style='border-radius:0px; '><div  class='avia-image-container  av-styling-    avia-builder-el-1  avia-builder-el-no-sibling  avia-align-center '  itemprop=\"image\" itemscope=\"itemscope\" itemtype=\"https:\/\/schema.org\/ImageObject\"  ><div class='avia-image-container-inner'><div class='avia-image-overlay-wrap'><img decoding=\"async\" class='wp-image-65093 avia-img-lazy-loading-not-65093 avia_image' src=\"https:\/\/radiorevelacionfm.cl\/wp-content\/uploads\/2026\/03\/Convenio-SernamEG-Salud-3-1-1.jpg\" alt='' title='Convenio SernamEG Salud 3 (1) (1)' height=\"600\" width=\"900\"  itemprop=\"thumbnailUrl\" srcset=\"https:\/\/radiorevelacionfm.cl\/wp-content\/uploads\/2026\/03\/Convenio-SernamEG-Salud-3-1-1.jpg 900w, https:\/\/radiorevelacionfm.cl\/wp-content\/uploads\/2026\/03\/Convenio-SernamEG-Salud-3-1-1-300x200.jpg 300w, https:\/\/radiorevelacionfm.cl\/wp-content\/uploads\/2026\/03\/Convenio-SernamEG-Salud-3-1-1-768x512.jpg 768w, https:\/\/radiorevelacionfm.cl\/wp-content\/uploads\/2026\/03\/Convenio-SernamEG-Salud-3-1-1-705x470.jpg 705w, https:\/\/radiorevelacionfm.cl\/wp-content\/uploads\/2026\/03\/Convenio-SernamEG-Salud-3-1-1-450x300.jpg 450w, https:\/\/radiorevelacionfm.cl\/wp-content\/uploads\/2026\/03\/Convenio-SernamEG-Salud-3-1-1-600x400.jpg 600w\" sizes=\"(max-width: 900px) 100vw, 900px\" \/><\/div><\/div><\/div><\/div><div class=\"flex_column av_one_full  flex_column_div av-zero-column-padding first  avia-builder-el-2  el_after_av_one_full  el_before_av_one_full  column-top-margin\" style='border-radius:0px; '><section class=\"av_textblock_section \"  itemscope=\"itemscope\" itemtype=\"https:\/\/schema.org\/BlogPosting\" itemprop=\"blogPost\" ><div class='avia_textblock  '   itemprop=\"text\" ><p style=\"text-align: center;\"><strong><span style=\"font-size: 18pt;\">SernamEG y Servicio de Salud Ays\u00e9n firman convenio para apoyar a v\u00edctimas de violencia de g\u00e9nero grave o extrema<\/span><\/strong><\/p>\n<div id=\"gtx-trans\" style=\"position: absolute; left: -50px; top: 4.31534px;\">\n<div class=\"gtx-trans-icon\"><\/div>\n<\/div>\n<\/div><\/section><\/div><div class=\"flex_column av_one_full  flex_column_div av-zero-column-padding first  avia-builder-el-4  el_after_av_one_full  el_before_av_hr  column-top-margin\" style='border-radius:0px; '><section class=\"av_textblock_section \"  itemscope=\"itemscope\" itemtype=\"https:\/\/schema.org\/BlogPosting\" itemprop=\"blogPost\" ><div class='avia_textblock  '   itemprop=\"text\" ><p dir=\"ltr\" style=\"text-align: justify;\">En una ceremonia que congreg\u00f3 a funcionarios y funcionarias de ambas instituciones, la directora regional del Servicio Nacional de la Mujer y la Equidad de G\u00e9nero (SernamEG), Patricia Baeza Cabezas, y el director regional del Servicio de Salud Ays\u00e9n, Juan Pablo Bravo Quintana, firmaron un convenio de colaboraci\u00f3n que busca entregar mayores apoyos en materias de salud mental a mujeres que han sido v\u00edctimas de violencia de g\u00e9nero grave o extrema.<\/p>\n<p dir=\"ltr\" style=\"text-align: justify;\">Adem\u00e1s de la coordinaci\u00f3n intersectorial a la que apunta el convenio, lo que permitir\u00e1 un mejor seguimiento de los casos, tratamientos y procesos de las mujeres, el acuerdo entre el SernamEG y el Servicio de Salud tambi\u00e9n permitir\u00e1 la entrega de f\u00e1rmacos y coordinaci\u00f3n de horas de psiquiatr\u00eda para quienes est\u00e9n recibiendo apoyos del Centro de Atenci\u00f3n Especializada en Violencias de G\u00e9nero, que desde este a\u00f1o comenzar\u00e1 a funcionar en la Provincia de Ays\u00e9n.<\/p>\n<p dir=\"ltr\" style=\"text-align: justify;\">Al respecto, la directora regional del SernamEG se\u00f1al\u00f3 que \u201cen el convenio se enmarcan una serie de acciones intersectoriales que nos van a permitir trabajar de manera conjunta, potenciando nuestras ofertas program\u00e1ticas\u201d, haciendo alusi\u00f3n a la necesidad de atenciones y tratamientos en salud mental que requieren las mujeres que han sido v\u00edctimas de violencia grave, y quienes incluso pueden presentar patolog\u00edas de base que no han sido diagnosticadas ni tratadas.<\/p>\n<p dir=\"ltr\" style=\"text-align: justify;\">Por su parte, la encargada del convenio desde el Servicio de Salud Ays\u00e9n, Patricia Mansilla, explic\u00f3 que \u201cel Servicio Nacional de la Mujer y la Equidad de G\u00e9nero se encarga de acoger a las mujeres que viven violencia, y a la vez tambi\u00e9n de la recuperaci\u00f3n y la entrega de herramientas para vivir una vida despu\u00e9s de haber sido violentadas. Nosotras en Salud, tambi\u00e9n entregamos atenciones de salud mental (&#8230;) y este convenio viene a ser el conducto para que esas dos l\u00edneas de trabajo que pretenden converger, hacia darle a las mujeres una recuperaci\u00f3n, rehabilitaci\u00f3n y empoderamiento para sobrellevar la violencia de g\u00e9nero, las podamos hacer un conjunto\u201d.<\/p>\n<p dir=\"ltr\" style=\"text-align: justify;\">Inauguraci\u00f3n Sala de Lactancia del Servicio de Salud<\/p>\n<p dir=\"ltr\" style=\"text-align: justify;\">Posterior a la firma del convenio de colaboraci\u00f3n, la directora Patricia Baeza y el director Juan Pablo Bravo inauguraron en conjunto la nueva Sala de Lactancia de la Direcci\u00f3n Regional del Servicio de Salud de Ays\u00e9n, destinada a las funcionarias y usuarias que concurren a sus dependencias, ubicadas en General Parra 551, en la ciudad de Coyhaique.<\/p>\n<p dir=\"ltr\" style=\"text-align: justify;\">Este espacio, que es una de las acciones implementadas por el Servicio de Salud Ays\u00e9n en el marco de su participaci\u00f3n en el Programa Buenas Pr\u00e1cticas Laborales con Equidad de G\u00e9nero del SernamEG, busca ofrecer un entorno seguro, c\u00f3modo y acogedor, donde las madres puedan alimentar a sus hijos e hijas cuando lo requieran, favoreciendo as\u00ed el ejercicio del derecho a la lactancia.<\/p>\n<p dir=\"ltr\" style=\"text-align: justify;\">La profesional del SernamEG, Mar\u00eda Jos\u00e9 Oteiza Pascual, es la encargada del Programa de Buenas Pr\u00e1cticas Laborales con Equidad de G\u00e9nero, y quien acompa\u00f1\u00f3 durante todo el a\u00f1o 2025 la formulaci\u00f3n y ejecuci\u00f3n del plan de trabajo del Servicio de Salud. \u201cVivimos en un territorio que es tan fr\u00edo, que muchas veces necesitamos espacios acogedores. Y nos dimos cuenta, en este trabajo de colaboraci\u00f3n, que no ten\u00edamos un espacio para las propias funcionarias del Servicio, quienes ahora pueden lactar de manera segura y calentitas en su trabajo\u201d, recalc\u00f3.<\/p>\n<\/div><\/section><\/div><div  style='height:50px' class='hr hr-invisible   avia-builder-el-6  el_after_av_one_full  el_before_av_social_share '><span class='hr-inner ' ><span class='hr-inner-style'><\/span><\/span><\/div><\/p>\n<div  class='av-social-sharing-box  avia-builder-el-7  el_after_av_hr  el_before_av_hr  '><div class='av-share-box'><h5 class='av-share-link-description av-no-toc '>Compartir esta noticia<\/h5><ul class='av-share-box-list noLightbox'><li class='av-share-link av-social-link-facebook' ><a target=\"_blank\" aria-label=\"Compartir en Facebook\" href='https:\/\/www.facebook.com\/sharer.php?u=https:\/\/radiorevelacionfm.cl\/?p=65092&#038;t=SernamEG%20y%20Servicio%20de%20Salud%20Ays%C3%A9n%20firman%20convenio%20para%20apoyar%20a%20v%C3%ADctimas%20de%20violencia%20de%20g%C3%A9nero%20grave%20o%20extrema' aria-hidden='false' data-av_icon='\ue8f3' data-av_iconfont='entypo-fontello' title='' data-avia-related-tooltip='Compartir en Facebook' rel=\"noopener\"><span class='avia_hidden_link_text'>Compartir en Facebook<\/span><\/a><\/li><li class='av-share-link av-social-link-twitter' ><a target=\"_blank\" aria-label=\"Compartir en Twitter\" href='https:\/\/twitter.com\/share?text=SernamEG%20y%20Servicio%20de%20Salud%20Ays%C3%A9n%20firman%20convenio%20para%20apoyar%20a%20v%C3%ADctimas%20de%20violencia%20de%20g%C3%A9nero%20grave%20o%20extrema&#038;url=https:\/\/radiorevelacionfm.cl\/?p=65092' aria-hidden='false' data-av_icon='\ue8f1' data-av_iconfont='entypo-fontello' title='' data-avia-related-tooltip='Compartir en Twitter' rel=\"noopener\"><span class='avia_hidden_link_text'>Compartir en Twitter<\/span><\/a><\/li><li class='av-share-link av-social-link-whatsapp' ><a target=\"_blank\" aria-label=\"Compartir en Whatsapp\" href='https:\/\/api.whatsapp.com\/send?text=https:\/\/radiorevelacionfm.cl\/?p=65092' aria-hidden='false' data-av_icon='\uf232' data-av_iconfont='entypo-fontello' title='' data-avia-related-tooltip='Compartir en Whatsapp' rel=\"noopener\"><span class='avia_hidden_link_text'>Compartir en Whatsapp<\/span><\/a><\/li><li class='av-share-link av-social-link-linkedin' ><a target=\"_blank\" aria-label=\"Compartir en LinkedIn\" href='https:\/\/linkedin.com\/shareArticle?mini=true&#038;title=SernamEG%20y%20Servicio%20de%20Salud%20Ays%C3%A9n%20firman%20convenio%20para%20apoyar%20a%20v%C3%ADctimas%20de%20violencia%20de%20g%C3%A9nero%20grave%20o%20extrema&#038;url=https:\/\/radiorevelacionfm.cl\/?p=65092' aria-hidden='false' data-av_icon='\ue8fc' data-av_iconfont='entypo-fontello' title='' data-avia-related-tooltip='Compartir en LinkedIn' rel=\"noopener\"><span class='avia_hidden_link_text'>Compartir en LinkedIn<\/span><\/a><\/li><li class='av-share-link av-social-link-mail' ><a  aria-label=\"Compartir por correo\" href='mailto:?subject=SernamEG%20y%20Servicio%20de%20Salud%20Ays%C3%A9n%20firman%20convenio%20para%20apoyar%20a%20v%C3%ADctimas%20de%20violencia%20de%20g%C3%A9nero%20grave%20o%20extrema&#038;body=https:\/\/radiorevelacionfm.cl\/?p=65092' aria-hidden='false' data-av_icon='\ue805' data-av_iconfont='entypo-fontello' title='' data-avia-related-tooltip='Compartir por correo'><span class='avia_hidden_link_text'>Compartir por correo<\/span><\/a><\/li><\/ul><\/div><\/div>\n<div  style='height:50px' class='hr hr-invisible   avia-builder-el-8  el_after_av_social_share  el_before_av_comments_list '><span class='hr-inner ' ><span class='hr-inner-style'><\/span><\/span><\/div>\n<div  class='av-buildercomment  av-blog-meta-html-info-disabled av-blog-meta-tag-disabled  '><\/div>\n","protected":false},"excerpt":{"rendered":"","protected":false},"author":1,"featured_media":65093,"comment_status":"closed","ping_status":"closed","sticky":false,"template":"","format":"standard","meta":{"footnotes":""},"categories":[38],"tags":[],"class_list":["post-65092","post","type-post","status-publish","format-standard","has-post-thumbnail","hentry","category-regional"],"jetpack_featured_media_url":"https:\/\/radiorevelacionfm.cl\/wp-content\/uploads\/2026\/03\/Convenio-SernamEG-Salud-3-1-1.jpg","_links":{"self":[{"href":"https:\/\/radiorevelacionfm.cl\/index.php?rest_route=\/wp\/v2\/posts\/65092","targetHints":{"allow":["GET"]}}],"collection":[{"href":"https:\/\/radiorevelacionfm.cl\/index.php?rest_route=\/wp\/v2\/posts"}],"about":[{"href":"https:\/\/radiorevelacionfm.cl\/index.php?rest_route=\/wp\/v2\/types\/post"}],"author":[{"embeddable":true,"href":"https:\/\/radiorevelacionfm.cl\/index.php?rest_route=\/wp\/v2\/users\/1"}],"replies":[{"embeddable":true,"href":"https:\/\/radiorevelacionfm.cl\/index.php?rest_route=%2Fwp%2Fv2%2Fcomments&post=65092"}],"version-history":[{"count":2,"href":"https:\/\/radiorevelacionfm.cl\/index.php?rest_route=\/wp\/v2\/posts\/65092\/revisions"}],"predecessor-version":[{"id":65100,"href":"https:\/\/radiorevelacionfm.cl\/index.php?rest_route=\/wp\/v2\/posts\/65092\/revisions\/65100"}],"wp:featuredmedia":[{"embeddable":true,"href":"https:\/\/radiorevelacionfm.cl\/index.php?rest_route=\/wp\/v2\/media\/65093"}],"wp:attachment":[{"href":"https:\/\/radiorevelacionfm.cl\/index.php?rest_route=%2Fwp%2Fv2%2Fmedia&parent=65092"}],"wp:term":[{"taxonomy":"category","embeddable":true,"href":"https:\/\/radiorevelacionfm.cl\/index.php?rest_route=%2Fwp%2Fv2%2Fcategories&post=65092"},{"taxonomy":"post_tag","embeddable":true,"href":"https:\/\/radiorevelacionfm.cl\/index.php?rest_route=%2Fwp%2Fv2%2Ftags&post=65092"}],"curies":[{"name":"wp","href":"https:\/\/api.w.org\/{rel}","templated":true}]}}