{"id":65088,"date":"2026-03-15T18:51:57","date_gmt":"2026-03-15T21:51:57","guid":{"rendered":"https:\/\/radiorevelacionfm.cl\/?p=65088"},"modified":"2026-03-15T18:51:57","modified_gmt":"2026-03-15T21:51:57","slug":"servicio-de-salud-aysen-refuerza-campana-de-vacunacion-en-zonas-rurales-de-la-region","status":"publish","type":"post","link":"https:\/\/radiorevelacionfm.cl\/?p=65088","title":{"rendered":"Servicio de Salud Ays\u00e9n refuerza campa\u00f1a de vacunaci\u00f3n en zonas rurales de la regi\u00f3n"},"content":{"rendered":"<div class=\"flex_column av_one_full  flex_column_div av-zero-column-padding first  avia-builder-el-0  el_before_av_one_full  avia-builder-el-first  \" style='border-radius:0px; '><div  class='avia-image-container  av-styling-    avia-builder-el-1  avia-builder-el-no-sibling  avia-align-center '  itemprop=\"image\" itemscope=\"itemscope\" itemtype=\"https:\/\/schema.org\/ImageObject\"  ><div class='avia-image-container-inner'><div class='avia-image-overlay-wrap'><img decoding=\"async\" class='wp-image-65089 avia-img-lazy-loading-not-65089 avia_image' src=\"https:\/\/radiorevelacionfm.cl\/wp-content\/uploads\/2026\/03\/IMG_5632-1-1.jpg\" alt='' title='IMG_5632 (1) (1)' height=\"600\" width=\"900\"  itemprop=\"thumbnailUrl\" srcset=\"https:\/\/radiorevelacionfm.cl\/wp-content\/uploads\/2026\/03\/IMG_5632-1-1.jpg 900w, https:\/\/radiorevelacionfm.cl\/wp-content\/uploads\/2026\/03\/IMG_5632-1-1-300x200.jpg 300w, https:\/\/radiorevelacionfm.cl\/wp-content\/uploads\/2026\/03\/IMG_5632-1-1-768x512.jpg 768w, https:\/\/radiorevelacionfm.cl\/wp-content\/uploads\/2026\/03\/IMG_5632-1-1-705x470.jpg 705w, https:\/\/radiorevelacionfm.cl\/wp-content\/uploads\/2026\/03\/IMG_5632-1-1-450x300.jpg 450w, https:\/\/radiorevelacionfm.cl\/wp-content\/uploads\/2026\/03\/IMG_5632-1-1-600x400.jpg 600w\" sizes=\"(max-width: 900px) 100vw, 900px\" \/><\/div><\/div><\/div><\/div><div class=\"flex_column av_one_full  flex_column_div av-zero-column-padding first  avia-builder-el-2  el_after_av_one_full  el_before_av_one_full  column-top-margin\" style='border-radius:0px; '><section class=\"av_textblock_section \"  itemscope=\"itemscope\" itemtype=\"https:\/\/schema.org\/BlogPosting\" itemprop=\"blogPost\" ><div class='avia_textblock  '   itemprop=\"text\" ><p style=\"text-align: center;\"><span style=\"font-size: 18pt;\"><b>Servicio de Salud Ays\u00e9n refuerza campa\u00f1a de vacunaci\u00f3n en zonas rurales de la regi\u00f3n<\/b><\/span><\/p>\n<div><\/div>\n<div id=\"gtx-trans\" style=\"position: absolute; left: -50px; top: 4.31534px;\">\n<div class=\"gtx-trans-icon\"><\/div>\n<\/div>\n<\/div><\/section><\/div><div class=\"flex_column av_one_full  flex_column_div av-zero-column-padding first  avia-builder-el-4  el_after_av_one_full  el_before_av_hr  column-top-margin\" style='border-radius:0px; '><section class=\"av_textblock_section \"  itemscope=\"itemscope\" itemtype=\"https:\/\/schema.org\/BlogPosting\" itemprop=\"blogPost\" ><div class='avia_textblock  '   itemprop=\"text\" ><p style=\"font-weight: 400; text-align: justify;\"><em>La estrategia busca acercar la inmunizaci\u00f3n contra Influenza y COVID-19 a comunidades rurales, priorizando la protecci\u00f3n de adultos mayores, personas con enfermedades cr\u00f3nicas y ni\u00f1os, antes del aumento de virus respiratorios durante el invierno.<\/em><\/p>\n<p style=\"font-weight: 400; text-align: justify;\">Hasta la localidad de Villa \u00d1irehuao, en la comuna de Coyhaique, se traslad\u00f3 el equipo de la Direcci\u00f3n de Salud Rural del Servicio de Salud Ays\u00e9n (SSA) para proteger a las vecinas y vecinos de esta comunidad, en el marco de la Campa\u00f1a de Vacunaci\u00f3n e Inmunizaci\u00f3n 2026.Durante la jornada, usuarias y usuarios, principalmente personas mayores, acudieron a la posta de salud del sector para recibir su inmunizaci\u00f3n y anticiparse al aumento de enfermedades respiratorias durante la temporada invernal.<\/p>\n<p style=\"font-weight: 400; text-align: justify;\">El despliegue territorial forma parte de las acciones que el SSA est\u00e1 impulsando en distintas localidades rurales de la regi\u00f3n, con el objetivo de facilitar el acceso a la vacunaci\u00f3n y resguardar la salud de las personas que integran los grupos de riesgo definidos por el Ministerio de Salud.<\/p>\n<p style=\"font-weight: 400; text-align: justify;\">En este contexto, el t\u00e9cnico param\u00e9dico de Salud Rural, Ernesto Igor, destac\u00f3 la importancia de que la comunidad acuda a vacunarse oportunamente.\u00a0<em>\u201cInvitamos a toda la comunidad, sobre todo a los adultos mayores y personas con enfermedades cr\u00f3nicas como hipertensi\u00f3n o diabetes, a acercarse a la posta y vacunarse. El a\u00f1o pasado casi logramos el 100% de asistencia en adultos mayores cr\u00f3nicos y esperamos mantener esa misma participaci\u00f3n este a\u00f1o\u201d,<\/em>\u00a0se\u00f1al\u00f3.<\/p>\n<p style=\"font-weight: 400; text-align: justify;\">El equipo de salud tambi\u00e9n se traslad\u00f3 hasta la Escuela Valle de la Luna de Villa \u00d1irehuao, donde profesores y estudiantes pudieron acceder a la vacunaci\u00f3n, reforzando la protecci\u00f3n de ni\u00f1os y ni\u00f1as frente a la circulaci\u00f3n de virus respiratorios.<\/p>\n<p style=\"font-weight: 400; text-align: justify;\">\u00a0<em>\u201cUno viene a vacunarse para prevenir las enfermedades del invierno, los resfr\u00edos y todo eso. Yo todos los a\u00f1os me vacuno porque s\u00e9 que es importante cuidarse\u201d,<\/em>\u00a0coment\u00f3 Francisco Cadag\u00e1n, vecino de \u00d1irehuao.<\/p>\n<p style=\"font-weight: 400; text-align: justify;\">Por su parte, la directora de Atenci\u00f3n Primaria del SSA, Antonella Trevigno, enfatiz\u00f3 que la vacunaci\u00f3n es una herramienta clave para proteger la salud de la poblaci\u00f3n y evitar complicaciones que puedan requerir hospitalizaci\u00f3n.\u00a0<em>\u201cQueremos hacer un llamado a toda la comunidad a acercarse a sus dispositivos de salud, ya sea CESFAM, CECOSF o postas rurales. Si hay algo que puede ayudarnos a evitar la saturaci\u00f3n de la red en los momentos de mayor demanda es el autocuidado y la vacunaci\u00f3n. Es solo un pinchazo versus una hospitalizaci\u00f3n\u201d,<\/em>\u00a0indic\u00f3.<\/p>\n<p style=\"font-weight: 400; text-align: justify;\">En la misma l\u00ednea, la directora de Salud Rural, Nadia Hern\u00e1ndez, record\u00f3 que la vacunaci\u00f3n se encuentra disponible en toda la red de salud rural de la regi\u00f3n.\u00a0<em>\u201cEs muy importante que la comunidad se acerque a vacunarse contra la influenza. Actualmente contamos con vacunaci\u00f3n disponible en las 17 postas de salud rural y en el CECOSF, para que todas las personas que pertenecen a los grupos objetivo puedan acceder a este proceso de inmunizaci\u00f3n\u201d,<\/em>\u00a0explic\u00f3.<\/p>\n<p style=\"font-weight: 400; text-align: justify;\">Las autoridades reiteraron el llamado a la comunidad a informarse a trav\u00e9s de los canales oficiales del Servicio de Salud Ays\u00e9n y de la Seremi de Salud, donde se estar\u00e1 comunicando permanentemente los puntos de vacunaci\u00f3n disponibles en la regi\u00f3n.<\/p>\n<\/div><\/section><\/div><div  style='height:50px' class='hr hr-invisible   avia-builder-el-6  el_after_av_one_full  el_before_av_social_share '><span class='hr-inner ' ><span class='hr-inner-style'><\/span><\/span><\/div><\/p>\n<div  class='av-social-sharing-box  avia-builder-el-7  el_after_av_hr  el_before_av_hr  '><div class='av-share-box'><h5 class='av-share-link-description av-no-toc '>Compartir esta noticia<\/h5><ul class='av-share-box-list noLightbox'><li class='av-share-link av-social-link-facebook' ><a target=\"_blank\" aria-label=\"Compartir en Facebook\" href='https:\/\/www.facebook.com\/sharer.php?u=https:\/\/radiorevelacionfm.cl\/?p=65088&#038;t=Servicio%20de%20Salud%20Ays%C3%A9n%20refuerza%20campa%C3%B1a%20de%20vacunaci%C3%B3n%20en%20zonas%20rurales%20de%20la%20regi%C3%B3n' aria-hidden='false' data-av_icon='\ue8f3' data-av_iconfont='entypo-fontello' title='' data-avia-related-tooltip='Compartir en Facebook' rel=\"noopener\"><span class='avia_hidden_link_text'>Compartir en Facebook<\/span><\/a><\/li><li class='av-share-link av-social-link-twitter' ><a target=\"_blank\" aria-label=\"Compartir en Twitter\" href='https:\/\/twitter.com\/share?text=Servicio%20de%20Salud%20Ays%C3%A9n%20refuerza%20campa%C3%B1a%20de%20vacunaci%C3%B3n%20en%20zonas%20rurales%20de%20la%20regi%C3%B3n&#038;url=https:\/\/radiorevelacionfm.cl\/?p=65088' aria-hidden='false' data-av_icon='\ue8f1' data-av_iconfont='entypo-fontello' title='' data-avia-related-tooltip='Compartir en Twitter' rel=\"noopener\"><span class='avia_hidden_link_text'>Compartir en Twitter<\/span><\/a><\/li><li class='av-share-link av-social-link-whatsapp' ><a target=\"_blank\" aria-label=\"Compartir en Whatsapp\" href='https:\/\/api.whatsapp.com\/send?text=https:\/\/radiorevelacionfm.cl\/?p=65088' aria-hidden='false' data-av_icon='\uf232' data-av_iconfont='entypo-fontello' title='' data-avia-related-tooltip='Compartir en Whatsapp' rel=\"noopener\"><span class='avia_hidden_link_text'>Compartir en Whatsapp<\/span><\/a><\/li><li class='av-share-link av-social-link-linkedin' ><a target=\"_blank\" aria-label=\"Compartir en LinkedIn\" href='https:\/\/linkedin.com\/shareArticle?mini=true&#038;title=Servicio%20de%20Salud%20Ays%C3%A9n%20refuerza%20campa%C3%B1a%20de%20vacunaci%C3%B3n%20en%20zonas%20rurales%20de%20la%20regi%C3%B3n&#038;url=https:\/\/radiorevelacionfm.cl\/?p=65088' aria-hidden='false' data-av_icon='\ue8fc' data-av_iconfont='entypo-fontello' title='' data-avia-related-tooltip='Compartir en LinkedIn' rel=\"noopener\"><span class='avia_hidden_link_text'>Compartir en LinkedIn<\/span><\/a><\/li><li class='av-share-link av-social-link-mail' ><a  aria-label=\"Compartir por correo\" href='mailto:?subject=Servicio%20de%20Salud%20Ays%C3%A9n%20refuerza%20campa%C3%B1a%20de%20vacunaci%C3%B3n%20en%20zonas%20rurales%20de%20la%20regi%C3%B3n&#038;body=https:\/\/radiorevelacionfm.cl\/?p=65088' aria-hidden='false' data-av_icon='\ue805' data-av_iconfont='entypo-fontello' title='' data-avia-related-tooltip='Compartir por correo'><span class='avia_hidden_link_text'>Compartir por correo<\/span><\/a><\/li><\/ul><\/div><\/div>\n<div  style='height:50px' class='hr hr-invisible   avia-builder-el-8  el_after_av_social_share  el_before_av_comments_list '><span class='hr-inner ' ><span class='hr-inner-style'><\/span><\/span><\/div>\n<div  class='av-buildercomment  av-blog-meta-html-info-disabled av-blog-meta-tag-disabled  '><\/div>\n","protected":false},"excerpt":{"rendered":"","protected":false},"author":1,"featured_media":65089,"comment_status":"closed","ping_status":"closed","sticky":false,"template":"","format":"standard","meta":{"footnotes":""},"categories":[46],"tags":[],"class_list":["post-65088","post","type-post","status-publish","format-standard","has-post-thumbnail","hentry","category-salud"],"jetpack_featured_media_url":"https:\/\/radiorevelacionfm.cl\/wp-content\/uploads\/2026\/03\/IMG_5632-1-1.jpg","_links":{"self":[{"href":"https:\/\/radiorevelacionfm.cl\/index.php?rest_route=\/wp\/v2\/posts\/65088","targetHints":{"allow":["GET"]}}],"collection":[{"href":"https:\/\/radiorevelacionfm.cl\/index.php?rest_route=\/wp\/v2\/posts"}],"about":[{"href":"https:\/\/radiorevelacionfm.cl\/index.php?rest_route=\/wp\/v2\/types\/post"}],"author":[{"embeddable":true,"href":"https:\/\/radiorevelacionfm.cl\/index.php?rest_route=\/wp\/v2\/users\/1"}],"replies":[{"embeddable":true,"href":"https:\/\/radiorevelacionfm.cl\/index.php?rest_route=%2Fwp%2Fv2%2Fcomments&post=65088"}],"version-history":[{"count":2,"href":"https:\/\/radiorevelacionfm.cl\/index.php?rest_route=\/wp\/v2\/posts\/65088\/revisions"}],"predecessor-version":[{"id":65091,"href":"https:\/\/radiorevelacionfm.cl\/index.php?rest_route=\/wp\/v2\/posts\/65088\/revisions\/65091"}],"wp:featuredmedia":[{"embeddable":true,"href":"https:\/\/radiorevelacionfm.cl\/index.php?rest_route=\/wp\/v2\/media\/65089"}],"wp:attachment":[{"href":"https:\/\/radiorevelacionfm.cl\/index.php?rest_route=%2Fwp%2Fv2%2Fmedia&parent=65088"}],"wp:term":[{"taxonomy":"category","embeddable":true,"href":"https:\/\/radiorevelacionfm.cl\/index.php?rest_route=%2Fwp%2Fv2%2Fcategories&post=65088"},{"taxonomy":"post_tag","embeddable":true,"href":"https:\/\/radiorevelacionfm.cl\/index.php?rest_route=%2Fwp%2Fv2%2Ftags&post=65088"}],"curies":[{"name":"wp","href":"https:\/\/api.w.org\/{rel}","templated":true}]}}