{"id":6508,"date":"2021-07-21T19:44:59","date_gmt":"2021-07-21T22:44:59","guid":{"rendered":"https:\/\/radiorevelacionfm.cl\/?p=6508"},"modified":"2021-07-21T19:44:59","modified_gmt":"2021-07-21T22:44:59","slug":"formalizan-a-5-profesionales-de-empresa-constructora-por-cuasidelito-de-homicidio-tras-muerte-de-2-personas-en-carretera-austral","status":"publish","type":"post","link":"https:\/\/radiorevelacionfm.cl\/?p=6508","title":{"rendered":"Formalizan a 5 profesionales de empresa constructora por cuasidelito de homicidio tras muerte de 2 personas en Carretera Austral"},"content":{"rendered":"<div class=\"flex_column av_one_full  flex_column_div av-zero-column-padding first  avia-builder-el-0  el_before_av_one_full  avia-builder-el-first  \" style='border-radius:0px; '><div  class='avia-image-container  av-styling-    avia-builder-el-1  avia-builder-el-no-sibling  avia-align-center '  itemprop=\"image\" itemscope=\"itemscope\" itemtype=\"https:\/\/schema.org\/ImageObject\"  ><div class='avia-image-container-inner'><div class='avia-image-overlay-wrap'><img decoding=\"async\" class='wp-image-6509 avia-img-lazy-loading-not-6509 avia_image' src=\"https:\/\/radiorevelacionfm.cl\/wp-content\/uploads\/2021\/07\/archivo-2017p_optimized.jpg\" alt='' title='archivo-2017p_optimized' height=\"635\" width=\"960\"  itemprop=\"thumbnailUrl\" srcset=\"https:\/\/radiorevelacionfm.cl\/wp-content\/uploads\/2021\/07\/archivo-2017p_optimized.jpg 960w, https:\/\/radiorevelacionfm.cl\/wp-content\/uploads\/2021\/07\/archivo-2017p_optimized-300x198.jpg 300w, https:\/\/radiorevelacionfm.cl\/wp-content\/uploads\/2021\/07\/archivo-2017p_optimized-768x508.jpg 768w, https:\/\/radiorevelacionfm.cl\/wp-content\/uploads\/2021\/07\/archivo-2017p_optimized-705x466.jpg 705w, https:\/\/radiorevelacionfm.cl\/wp-content\/uploads\/2021\/07\/archivo-2017p_optimized-600x397.jpg 600w\" sizes=\"(max-width: 960px) 100vw, 960px\" \/><\/div><\/div><\/div><\/div><div class=\"flex_column av_one_full  flex_column_div av-zero-column-padding first  avia-builder-el-2  el_after_av_one_full  el_before_av_one_full  column-top-margin\" style='border-radius:0px; '><section class=\"av_textblock_section \"  itemscope=\"itemscope\" itemtype=\"https:\/\/schema.org\/BlogPosting\" itemprop=\"blogPost\" ><div class='avia_textblock  '   itemprop=\"text\" ><p style=\"text-align: center;\"><strong><span style=\"font-size: 18pt;\">Formalizan a 5 profesionales de empresa constructora por cuasidelito de homicidio tras muerte de 2 personas en Carretera Austral<\/span><\/strong><\/p>\n<div id=\"gtx-trans\" style=\"position: absolute; left: -50px; top: 4.31534px;\">\n<div class=\"gtx-trans-icon\"><\/div>\n<\/div>\n<\/div><\/section><\/div><div class=\"flex_column av_one_full  flex_column_div av-zero-column-padding first  avia-builder-el-4  el_after_av_one_full  el_before_av_hr  column-top-margin\" style='border-radius:0px; '><section class=\"av_textblock_section \"  itemscope=\"itemscope\" itemtype=\"https:\/\/schema.org\/BlogPosting\" itemprop=\"blogPost\" ><div class='avia_textblock  '   itemprop=\"text\" ><p class=\"bajada\" style=\"text-align: justify;\">De acuerdo a la investigaci\u00f3n, a consecuencia del actuar negligente de los imputados en la ejecuci\u00f3n de la obra y en la fiscalizaci\u00f3n de la misma, se produjo la ca\u00edda de una roca de gran tama\u00f1o que provoc\u00f3 el fallecimiento de las v\u00edctimas.<\/p>\n<p style=\"text-align: justify;\">Como parte de la labor investigativa del Ministerio P\u00fablico, el fiscal Alex Olivero N\u00fa\u00f1ez procedi\u00f3 hoy a formalizar una investigaci\u00f3n por cuasidelito de homicidio en contra de 5 imputados, profesionales de una empresa constructora y otra de asesor\u00eda, tras el fallecimiento de dos personas el 1\u00b0 de mayo del a\u00f1o 2017, en la Carretera Austral, cercan\u00edas de Puyuhuapi.<\/p>\n<p style=\"text-align: justify;\">Seg\u00fan explic\u00f3 el fiscal del Ministerio P\u00fablico en el audiencia de formalizaci\u00f3n, que comenz\u00f3 hoy cerca de las 13.00 horas, los imputados trabajaban en dicha ocasi\u00f3n en roles de jefatura para dos empresas que estaban a cargo del mejoramiento de la Ruta 7 y asesor\u00eda en la inspecci\u00f3n fiscal, a quienes se les atribuye responsabilidad en los hechos que derivaron en la muerte de dos personas.<\/p>\n<p style=\"text-align: justify;\">Los imputados cumpl\u00edan funciones de jefe de terreno, jefe de prevenci\u00f3n de riesgos, supervisor de miner\u00eda, jefe de la asesor\u00eda de inspecci\u00f3n fiscal y jefe de topograf\u00eda.<\/p>\n<p style=\"text-align: justify;\">ALTA DE CUIDADO<\/p>\n<p style=\"text-align: justify;\">Seg\u00fan lo expuesto en la audiencia por el fiscal Olivero, este tipo de trabajos deb\u00eda efectuarse \u201ccuidadosamente, cualquiera sea la naturaleza del terreno donde se encuentra el talud, y en aquellos taludes de roca o conglomerados con bolones, deb\u00edan ser sometidos a un acu\u00f1ado que elimine los trozos o piedras inestables\u201d.<\/p>\n<p style=\"text-align: justify;\">Pese a lo anterior, a\u00f1adi\u00f3, \u201ceste trabajo no se desarroll\u00f3 cuidadosamente, puesto que se permiti\u00f3 la acumulaci\u00f3n de material y rocas sin que tomar\u00e1n las m\u00ednimas medidas que permitieran mantener estable el terreno, omiti\u00e9ndose el proceso de acu\u00f1ado y eliminaci\u00f3n ya descrito\u201d.<\/p>\n<p style=\"text-align: justify;\">Sumado a lo anterior, el d\u00eda 29 de abril de 2017 en la tarde se declar\u00f3 Alerta Verde Temprana Preventiva para la Regi\u00f3n de Ays\u00e9n por precipitaciones y viento de intensidad moderada a fuerte.<\/p>\n<p style=\"text-align: justify;\">ROCAS<\/p>\n<p style=\"text-align: justify;\">Es as\u00ed que en el lugar comenz\u00f3 una fuerte lluvia, \u201csiendo totalmente previsible la ca\u00edda de rocas sobre el camino, los funcionarios de la empresa constructora no instalaron ninguna medida de mitigaci\u00f3n para evitar la ca\u00edda de las mismas, y as\u00ed evitar da\u00f1os a terceros, tales como mallas de contenci\u00f3n. Del mismo modo, no instalaron ning\u00fan letrero que advirtiera a los conductores el peligro de derrumbes o ca\u00edda de rocas que exist\u00eda en ese momento\u201d.<\/p>\n<p style=\"text-align: justify;\">Por su parte, los trabajadores de la empresa de asesor\u00eda fiscal, de acuerdo a lo expuesto por el fiscal Olivero, \u201comitieron precaver la necesidad de contar con elementos de mitigaci\u00f3n para posibles derrumbes y ca\u00edda de rocas, as\u00ed tambi\u00e9n, el de advertir la instalaci\u00f3n de letreros que dieran se\u00f1ales del peligro de derrumbe existente en el lugar\u201d.<\/p>\n<p style=\"text-align: justify;\">Del mismo modo, durante los meses que se ejecutaba el contrato, \u201cla empresa no dispuso la concurrencia de un prevencionista de riesgo que revisara la forma de ejecuci\u00f3n de los trabajos y el riesgo para terceros existente, as\u00ed como la eficiencia del plan presentado por la empresa constructora para la prevenci\u00f3n de riesgos\u201d.<\/p>\n<p style=\"text-align: justify;\">NEGLIGENCIA<\/p>\n<p style=\"text-align: justify;\">\u201cFrente a todas estas negligencias, las fuertes lluvias que hab\u00edan sido advertidas, produjeron que las arcillas se saturaran de agua, las que se plastificaron, por lo cual la masa de suelo y roca perdi\u00f3 su estabilidad, situaci\u00f3n que era perfectamente previsible, resultando con fecha 1 de mayo de 2017, alrededor de las 19:30 horas, la ca\u00edda de tierras y rocas\u201d, una de ellas de un metro y 60 cent\u00edmetros de largo, 60 cent\u00edmetros de ancho y 60 cent\u00edmetros de alto, la cual impact\u00f3 el veh\u00edculo conducido por las v\u00edctimas, quienes lamentablemente fallecieron a ra\u00edz del impacto.<\/p>\n<p style=\"text-align: justify;\">De acuerdo a la investigaci\u00f3n, a consecuencia de estas infracciones y actuar negligente de los imputados en la ejecuci\u00f3n de la obra y en la fiscalizaci\u00f3n de la misma, se produjo la ca\u00edda de la roca y el fallecimiento de dos personas.<\/p>\n<p style=\"text-align: justify;\">En este caso, como medida cautelar se decret\u00f3 en contra de los imputados el arraigo nacional, es decir que no pueden salir del pa\u00eds y el plazo para el t\u00e9rmino de la investigaci\u00f3n que dirige la Fiscal\u00eda fue fijado en 120 d\u00edas.<\/p>\n<\/div><\/section><\/div><div  style='height:50px' class='hr hr-invisible   avia-builder-el-6  el_after_av_one_full  el_before_av_social_share '><span class='hr-inner ' ><span class='hr-inner-style'><\/span><\/span><\/div><\/p>\n<div  class='av-social-sharing-box  avia-builder-el-7  el_after_av_hr  el_before_av_hr  '><div class='av-share-box'><h5 class='av-share-link-description av-no-toc '>Compartir esta noticia<\/h5><ul class='av-share-box-list noLightbox'><li class='av-share-link av-social-link-facebook' ><a target=\"_blank\" aria-label=\"Compartir en Facebook\" href='https:\/\/www.facebook.com\/sharer.php?u=https:\/\/radiorevelacionfm.cl\/?p=6508&#038;t=Formalizan%20a%205%20profesionales%20de%20empresa%20constructora%20por%20cuasidelito%20de%20homicidio%20tras%20muerte%20de%202%20personas%20en%20Carretera%20Austral' aria-hidden='false' data-av_icon='\ue8f3' data-av_iconfont='entypo-fontello' title='' data-avia-related-tooltip='Compartir en Facebook' rel=\"noopener\"><span class='avia_hidden_link_text'>Compartir en Facebook<\/span><\/a><\/li><li class='av-share-link av-social-link-twitter' ><a target=\"_blank\" aria-label=\"Compartir en Twitter\" href='https:\/\/twitter.com\/share?text=Formalizan%20a%205%20profesionales%20de%20empresa%20constructora%20por%20cuasidelito%20de%20homicidio%20tras%20muerte%20de%202%20personas%20en%20Carretera%20Austral&#038;url=https:\/\/radiorevelacionfm.cl\/?p=6508' aria-hidden='false' data-av_icon='\ue8f1' data-av_iconfont='entypo-fontello' title='' data-avia-related-tooltip='Compartir en Twitter' rel=\"noopener\"><span class='avia_hidden_link_text'>Compartir en Twitter<\/span><\/a><\/li><li class='av-share-link av-social-link-whatsapp' ><a target=\"_blank\" aria-label=\"Compartir en Whatsapp\" href='https:\/\/api.whatsapp.com\/send?text=https:\/\/radiorevelacionfm.cl\/?p=6508' aria-hidden='false' data-av_icon='\uf232' data-av_iconfont='entypo-fontello' title='' data-avia-related-tooltip='Compartir en Whatsapp' rel=\"noopener\"><span class='avia_hidden_link_text'>Compartir en Whatsapp<\/span><\/a><\/li><li class='av-share-link av-social-link-linkedin' ><a target=\"_blank\" aria-label=\"Compartir en LinkedIn\" href='https:\/\/linkedin.com\/shareArticle?mini=true&#038;title=Formalizan%20a%205%20profesionales%20de%20empresa%20constructora%20por%20cuasidelito%20de%20homicidio%20tras%20muerte%20de%202%20personas%20en%20Carretera%20Austral&#038;url=https:\/\/radiorevelacionfm.cl\/?p=6508' aria-hidden='false' data-av_icon='\ue8fc' data-av_iconfont='entypo-fontello' title='' data-avia-related-tooltip='Compartir en LinkedIn' rel=\"noopener\"><span class='avia_hidden_link_text'>Compartir en LinkedIn<\/span><\/a><\/li><li class='av-share-link av-social-link-mail' ><a  aria-label=\"Compartir por correo\" href='mailto:?subject=Formalizan%20a%205%20profesionales%20de%20empresa%20constructora%20por%20cuasidelito%20de%20homicidio%20tras%20muerte%20de%202%20personas%20en%20Carretera%20Austral&#038;body=https:\/\/radiorevelacionfm.cl\/?p=6508' aria-hidden='false' data-av_icon='\ue805' data-av_iconfont='entypo-fontello' title='' data-avia-related-tooltip='Compartir por correo'><span class='avia_hidden_link_text'>Compartir por correo<\/span><\/a><\/li><\/ul><\/div><\/div>\n<div  style='height:50px' class='hr hr-invisible   avia-builder-el-8  el_after_av_social_share  el_before_av_comments_list '><span class='hr-inner ' ><span class='hr-inner-style'><\/span><\/span><\/div>\n<div  class='av-buildercomment  av-blog-meta-html-info-disabled av-blog-meta-tag-disabled  '><\/div>\n","protected":false},"excerpt":{"rendered":"","protected":false},"author":1,"featured_media":6509,"comment_status":"open","ping_status":"open","sticky":false,"template":"","format":"standard","meta":{"footnotes":""},"categories":[55],"tags":[],"class_list":["post-6508","post","type-post","status-publish","format-standard","has-post-thumbnail","hentry","category-justicia"],"jetpack_featured_media_url":"https:\/\/radiorevelacionfm.cl\/wp-content\/uploads\/2021\/07\/archivo-2017p_optimized.jpg","_links":{"self":[{"href":"https:\/\/radiorevelacionfm.cl\/index.php?rest_route=\/wp\/v2\/posts\/6508","targetHints":{"allow":["GET"]}}],"collection":[{"href":"https:\/\/radiorevelacionfm.cl\/index.php?rest_route=\/wp\/v2\/posts"}],"about":[{"href":"https:\/\/radiorevelacionfm.cl\/index.php?rest_route=\/wp\/v2\/types\/post"}],"author":[{"embeddable":true,"href":"https:\/\/radiorevelacionfm.cl\/index.php?rest_route=\/wp\/v2\/users\/1"}],"replies":[{"embeddable":true,"href":"https:\/\/radiorevelacionfm.cl\/index.php?rest_route=%2Fwp%2Fv2%2Fcomments&post=6508"}],"version-history":[{"count":1,"href":"https:\/\/radiorevelacionfm.cl\/index.php?rest_route=\/wp\/v2\/posts\/6508\/revisions"}],"predecessor-version":[{"id":6510,"href":"https:\/\/radiorevelacionfm.cl\/index.php?rest_route=\/wp\/v2\/posts\/6508\/revisions\/6510"}],"wp:featuredmedia":[{"embeddable":true,"href":"https:\/\/radiorevelacionfm.cl\/index.php?rest_route=\/wp\/v2\/media\/6509"}],"wp:attachment":[{"href":"https:\/\/radiorevelacionfm.cl\/index.php?rest_route=%2Fwp%2Fv2%2Fmedia&parent=6508"}],"wp:term":[{"taxonomy":"category","embeddable":true,"href":"https:\/\/radiorevelacionfm.cl\/index.php?rest_route=%2Fwp%2Fv2%2Fcategories&post=6508"},{"taxonomy":"post_tag","embeddable":true,"href":"https:\/\/radiorevelacionfm.cl\/index.php?rest_route=%2Fwp%2Fv2%2Ftags&post=6508"}],"curies":[{"name":"wp","href":"https:\/\/api.w.org\/{rel}","templated":true}]}}