{"id":65077,"date":"2026-03-15T16:03:27","date_gmt":"2026-03-15T19:03:27","guid":{"rendered":"https:\/\/radiorevelacionfm.cl\/?p=65077"},"modified":"2026-03-15T18:47:31","modified_gmt":"2026-03-15T21:47:31","slug":"puerto-aysen-operativo-conjunto-entre-carabineros-del-gope-bomberos-y-familiares-permitio-rescatar-a-adulto-mayor-de-95-anos-tras-denuncia-por-presunta-desgracia","status":"publish","type":"post","link":"https:\/\/radiorevelacionfm.cl\/?p=65077","title":{"rendered":"Puerto Ays\u00e9n: Operativo conjunto entre Carabineros del GOPE, Bomberos y familiares permiti\u00f3 rescatar a adulto mayor de 95 a\u00f1os tras denuncia por presunta desgracia"},"content":{"rendered":"<div class=\"flex_column av_one_full  flex_column_div av-zero-column-padding first  avia-builder-el-0  el_before_av_one_full  avia-builder-el-first  \" style='border-radius:0px; '><div  class='avia-image-container  av-styling-    avia-builder-el-1  avia-builder-el-no-sibling  avia-align-center '  itemprop=\"image\" itemscope=\"itemscope\" itemtype=\"https:\/\/schema.org\/ImageObject\"  ><div class='avia-image-container-inner'><div class='avia-image-overlay-wrap'><img decoding=\"async\" class='wp-image-65081 avia-img-lazy-loading-not-65081 avia_image' src=\"https:\/\/radiorevelacionfm.cl\/wp-content\/uploads\/2026\/03\/500ad2f5-bae6-41bb-8f20-cce0990a24b1-2-2_optimized-2.jpg\" alt='' title='500ad2f5-bae6-41bb-8f20-cce0990a24b1-2-2_optimized-2' height=\"600\" width=\"1067\"  itemprop=\"thumbnailUrl\" srcset=\"https:\/\/radiorevelacionfm.cl\/wp-content\/uploads\/2026\/03\/500ad2f5-bae6-41bb-8f20-cce0990a24b1-2-2_optimized-2.jpg 1067w, https:\/\/radiorevelacionfm.cl\/wp-content\/uploads\/2026\/03\/500ad2f5-bae6-41bb-8f20-cce0990a24b1-2-2_optimized-2-300x169.jpg 300w, https:\/\/radiorevelacionfm.cl\/wp-content\/uploads\/2026\/03\/500ad2f5-bae6-41bb-8f20-cce0990a24b1-2-2_optimized-2-1030x579.jpg 1030w, https:\/\/radiorevelacionfm.cl\/wp-content\/uploads\/2026\/03\/500ad2f5-bae6-41bb-8f20-cce0990a24b1-2-2_optimized-2-768x432.jpg 768w, https:\/\/radiorevelacionfm.cl\/wp-content\/uploads\/2026\/03\/500ad2f5-bae6-41bb-8f20-cce0990a24b1-2-2_optimized-2-705x396.jpg 705w, https:\/\/radiorevelacionfm.cl\/wp-content\/uploads\/2026\/03\/500ad2f5-bae6-41bb-8f20-cce0990a24b1-2-2_optimized-2-450x253.jpg 450w, https:\/\/radiorevelacionfm.cl\/wp-content\/uploads\/2026\/03\/500ad2f5-bae6-41bb-8f20-cce0990a24b1-2-2_optimized-2-600x337.jpg 600w\" sizes=\"(max-width: 1067px) 100vw, 1067px\" \/><\/div><\/div><\/div><\/div><div class=\"flex_column av_one_full  flex_column_div av-zero-column-padding first  avia-builder-el-2  el_after_av_one_full  el_before_av_one_full  column-top-margin\" style='border-radius:0px; '><section class=\"av_textblock_section \"  itemscope=\"itemscope\" itemtype=\"https:\/\/schema.org\/BlogPosting\" itemprop=\"blogPost\" ><div class='avia_textblock  '   itemprop=\"text\" ><p style=\"text-align: center;\"><span style=\"font-size: 18pt;\"><strong>Puerto Ays\u00e9n: Operativo conjunto entre Carabineros del GOPE, Bomberos y familiares permiti\u00f3 rescatar a adulto mayor de 95 a\u00f1os tras denuncia por presunta desgracia<\/strong><\/span><\/p>\n<div id=\"gtx-trans\" style=\"position: absolute; left: -50px; top: 4.31534px;\">\n<div class=\"gtx-trans-icon\"><\/div>\n<\/div>\n<\/div><\/section><\/div><\/p>\n<div class=\"flex_column av_one_full  flex_column_div av-zero-column-padding first  avia-builder-el-4  el_after_av_one_full  el_before_av_hr  column-top-margin\" style='border-radius:0px; '><section class=\"av_textblock_section \"  itemscope=\"itemscope\" itemtype=\"https:\/\/schema.org\/BlogPosting\" itemprop=\"blogPost\" ><div class='avia_textblock  '   itemprop=\"text\" ><p dir=\"ltr\" style=\"text-align: justify;\" role=\"presentation\"><em>Los equipos especializados -en coordinaci\u00f3n con la Fiscal\u00eda- donde trabajaron durante toda la madrugada bajo adversas condiciones clim\u00e1ticas junto a familiares, logrando esta ma\u00f1ana dar con la ubicaci\u00f3n de esta persona, pudiendo ser estabilizado y extra\u00eddo de manera segura del lugar.<\/em><\/p>\n<p dir=\"ltr\" style=\"text-align: justify;\">Tras una denuncia por presunta desgracia y en un operativo que se extendi\u00f3 durante toda la madrugada bajo condiciones clim\u00e1ticas adversas, Carabineros del Grupo de Operaciones Policiales (GOPE) Ays\u00e9n, voluntarios de Bomberos y familiares lograron rescatar con vida a un adulto mayor de 95 a\u00f1os de edad, quien se encontraba extraviado desde la tarde el s\u00e1bado en el sector rural de Pangal Bajo cerca de la ciudad de Puerto Ays\u00e9n.<\/p>\n<p dir=\"ltr\" style=\"text-align: justify;\"><strong>Cronolog\u00eda de la emergencia<\/strong><\/p>\n<p dir=\"ltr\" style=\"text-align: justify;\">La alerta se encendi\u00f3 a las 21:45 horas del s\u00e1bado, cuando la Central de Comunicaciones (Cenco) moviliz\u00f3 al personal del Cuadrante Nro. 1 hacia la Ruta X-544, a la altura del kil\u00f3metro 8. Seg\u00fan el relato de sus familiares, el adulto mayor \u2014quien padece un principio de alzheimer\u2014 hab\u00eda salido cerca de las 16:00 horas junto a su perro para realizar una caminata habitual por el sector, la cual no debi\u00f3 superar las seis horas.<\/p>\n<p dir=\"ltr\" style=\"text-align: justify;\">Al notar que no regresaba, la familia inici\u00f3 una b\u00fasqueda desesperada a la que se sum\u00f3 Carabineros de Puerto Ays\u00e9n, situaci\u00f3n que fue informada a la Fiscal\u00eda, organismo que ante la complejidad del terreno y la vulnerabilidad del extraviado, solicit\u00f3 el apoyo especializado de la unidad GOPE Ays\u00e9n y de Bomberos.<\/p>\n<p dir=\"ltr\" style=\"text-align: justify;\"><strong>Principio de hipotermia<\/strong><\/p>\n<p dir=\"ltr\" style=\"text-align: justify;\">Las labores de rastreo no se detuvieron durante la noche, enfrentando la oscuridad y el clima hostil de la zona. Fue finalmente a las 09:00 horas de este domingo cuando, con apoyo de familiares en el terreno, el equipo de b\u00fasqueda logr\u00f3 dar con el paradero del hombre en el sector \u00abEl Pangal\u00bb.<\/p>\n<p dir=\"ltr\" style=\"text-align: justify;\">El hallazgo present\u00f3 un desaf\u00edo adicional para los rescatistas, dado que el adulto mayor de avanzada edad fue encontrado con signos de hipotermia, rigidez muscular y desorientaci\u00f3n dado el tiempo que permaneci\u00f3 en la monta\u00f1a soportando las bajas temperaturas y el adverso clima imperante en la zona.<\/p>\n<p dir=\"ltr\" style=\"text-align: justify;\">Debido a la dificultad geogr\u00e1fica del terreno, Carabineros del GOPE debi\u00f3 proceder a su extracci\u00f3n mediante una camilla, realizando maniobras de estabilizaci\u00f3n y primeros auxilios en el lugar previo a su extracci\u00f3n.<\/p>\n<p dir=\"ltr\" style=\"text-align: justify;\"><strong>Traslado y atenci\u00f3n m\u00e9dica<\/strong><\/p>\n<p dir=\"ltr\" style=\"text-align: justify;\">Tras avanzar a trav\u00e9s de senderos y abrirse paso a trav\u00e9s del frondoso bosque, el adulto mayor fue llevado hasta una zona segura, siendo entregado al personal del SAMU Ays\u00e9n, quienes realizaron la evaluaci\u00f3n primaria antes de trasladarlo de urgencia hasta el centro asistencial para su evaluaci\u00f3n m\u00e9dica y tratamiento especializado.<\/p>\n<p dir=\"ltr\" style=\"text-align: justify;\">Este exitoso desenlace destaca la importancia de la cooperaci\u00f3n interinstitucional. La combinaci\u00f3n del despliegue t\u00e1ctico del GOPE Ays\u00e9n, la log\u00edstica de Bomberos y el conocimiento del territorio aportado por la familia, fue el factor determinante para salvar la vida de uno de los vecinos m\u00e1s longevos de la comuna.<\/p>\n<div class=\"yj6qo\" style=\"text-align: justify;\"><\/div>\n<div class=\"adL\"><\/div>\n<\/div><\/section><\/div>\n<div  style='height:50px' class='hr hr-invisible   avia-builder-el-6  el_after_av_one_full  el_before_av_social_share '><span class='hr-inner ' ><span class='hr-inner-style'><\/span><\/span><\/div>\n<div  class='av-social-sharing-box  avia-builder-el-7  el_after_av_hr  el_before_av_hr  '><div class='av-share-box'><h5 class='av-share-link-description av-no-toc '>Compartir esta noticia<\/h5><ul class='av-share-box-list noLightbox'><li class='av-share-link av-social-link-facebook' ><a target=\"_blank\" aria-label=\"Compartir en Facebook\" href='https:\/\/www.facebook.com\/sharer.php?u=https:\/\/radiorevelacionfm.cl\/?p=65077&#038;t=Puerto%20Ays%C3%A9n%3A%20Operativo%20conjunto%20entre%20Carabineros%20del%20GOPE%2C%20Bomberos%20y%20familiares%20permiti%C3%B3%20rescatar%20a%20adulto%20mayor%20de%2095%20a%C3%B1os%20tras%20denuncia%20por%20presunta%20desgracia' aria-hidden='false' data-av_icon='\ue8f3' data-av_iconfont='entypo-fontello' title='' data-avia-related-tooltip='Compartir en Facebook' rel=\"noopener\"><span class='avia_hidden_link_text'>Compartir en Facebook<\/span><\/a><\/li><li class='av-share-link av-social-link-twitter' ><a target=\"_blank\" aria-label=\"Compartir en Twitter\" href='https:\/\/twitter.com\/share?text=Puerto%20Ays%C3%A9n%3A%20Operativo%20conjunto%20entre%20Carabineros%20del%20GOPE%2C%20Bomberos%20y%20familiares%20permiti%C3%B3%20rescatar%20a%20adulto%20mayor%20de%2095%20a%C3%B1os%20tras%20denuncia%20por%20presunta%20desgracia&#038;url=https:\/\/radiorevelacionfm.cl\/?p=65077' aria-hidden='false' data-av_icon='\ue8f1' data-av_iconfont='entypo-fontello' title='' data-avia-related-tooltip='Compartir en Twitter' rel=\"noopener\"><span class='avia_hidden_link_text'>Compartir en Twitter<\/span><\/a><\/li><li class='av-share-link av-social-link-whatsapp' ><a target=\"_blank\" aria-label=\"Compartir en Whatsapp\" href='https:\/\/api.whatsapp.com\/send?text=https:\/\/radiorevelacionfm.cl\/?p=65077' aria-hidden='false' data-av_icon='\uf232' data-av_iconfont='entypo-fontello' title='' data-avia-related-tooltip='Compartir en Whatsapp' rel=\"noopener\"><span class='avia_hidden_link_text'>Compartir en Whatsapp<\/span><\/a><\/li><li class='av-share-link av-social-link-linkedin' ><a target=\"_blank\" aria-label=\"Compartir en LinkedIn\" href='https:\/\/linkedin.com\/shareArticle?mini=true&#038;title=Puerto%20Ays%C3%A9n%3A%20Operativo%20conjunto%20entre%20Carabineros%20del%20GOPE%2C%20Bomberos%20y%20familiares%20permiti%C3%B3%20rescatar%20a%20adulto%20mayor%20de%2095%20a%C3%B1os%20tras%20denuncia%20por%20presunta%20desgracia&#038;url=https:\/\/radiorevelacionfm.cl\/?p=65077' aria-hidden='false' data-av_icon='\ue8fc' data-av_iconfont='entypo-fontello' title='' data-avia-related-tooltip='Compartir en LinkedIn' rel=\"noopener\"><span class='avia_hidden_link_text'>Compartir en LinkedIn<\/span><\/a><\/li><li class='av-share-link av-social-link-mail' ><a  aria-label=\"Compartir por correo\" href='mailto:?subject=Puerto%20Ays%C3%A9n%3A%20Operativo%20conjunto%20entre%20Carabineros%20del%20GOPE%2C%20Bomberos%20y%20familiares%20permiti%C3%B3%20rescatar%20a%20adulto%20mayor%20de%2095%20a%C3%B1os%20tras%20denuncia%20por%20presunta%20desgracia&#038;body=https:\/\/radiorevelacionfm.cl\/?p=65077' aria-hidden='false' data-av_icon='\ue805' data-av_iconfont='entypo-fontello' title='' data-avia-related-tooltip='Compartir por correo'><span class='avia_hidden_link_text'>Compartir por correo<\/span><\/a><\/li><\/ul><\/div><\/div>\n<div  style='height:50px' class='hr hr-invisible   avia-builder-el-8  el_after_av_social_share  el_before_av_comments_list '><span class='hr-inner ' ><span class='hr-inner-style'><\/span><\/span><\/div>\n<div  class='av-buildercomment  av-blog-meta-html-info-disabled av-blog-meta-tag-disabled  '><\/div>\n<div class=\"flex_column av_one_full  flex_column_div av-zero-column-padding first  avia-builder-el-10  el_after_av_comments_list  el_before_av_one_full  \" style='border-radius:0px; '><div  class='avia-image-container  av-styling-    avia-builder-el-11  avia-builder-el-no-sibling  avia-align-center '  itemprop=\"image\" itemscope=\"itemscope\" itemtype=\"https:\/\/schema.org\/ImageObject\"  ><div class='avia-image-container-inner'><div class='avia-image-overlay-wrap'><img decoding=\"async\" class='wp-image-0 avia-img-lazy-loading-not-0 avia_image' src=\"http:\/\/radiorevelacionfm.cl\/wp-content\/uploads\/2020\/12\/7ee21_th2.jpg\" alt='' title=''   itemprop=\"thumbnailUrl\"  \/><\/div><\/div><\/div><\/div>\n<div class=\"flex_column av_one_full  flex_column_div av-zero-column-padding first  avia-builder-el-12  el_after_av_one_full  el_before_av_one_full  column-top-margin\" style='border-radius:0px; '><section class=\"av_textblock_section \"  itemscope=\"itemscope\" itemtype=\"https:\/\/schema.org\/BlogPosting\" itemprop=\"blogPost\" ><div class='avia_textblock  '   itemprop=\"text\" ><h2 class=\"title\" style=\"text-align: center;\">SENDA entrega equipos de Narcotest a Carabineros para aumentar controles de Tolerancia Cero<\/h2>\n<div id=\"gtx-trans\" style=\"position: absolute; left: -50px; top: 4.31534px;\">\n<div class=\"gtx-trans-icon\"><\/div>\n<\/div>\n<\/div><\/section><\/div>\n<div class=\"flex_column av_one_full  flex_column_div av-zero-column-padding first  avia-builder-el-14  el_after_av_one_full  el_before_av_hr  column-top-margin\" style='border-radius:0px; '><section class=\"av_textblock_section \"  itemscope=\"itemscope\" itemtype=\"https:\/\/schema.org\/BlogPosting\" itemprop=\"blogPost\" ><div class='avia_textblock  '   itemprop=\"text\" ><p style=\"text-align: justify;\"><span style=\"font-size: 14pt;\">El objetivo es aumentar la cobertura del Programa Tolerancia Cero y realizar controles en otras comunas de la Regi\u00f3n de Ays\u00e9n, junto con seguir generando conciencias en los conductores, con respecto a las consecuencias negativas asociadas a la conducci\u00f3n bajo los efectos de la droga.<\/span><\/p>\n<p style=\"text-align: justify;\"><span style=\"font-size: 14pt;\">Con la participaci\u00f3n de la Intendente Regional de Ays\u00e9n Sra. Geoconda Navarrete, este martes, en dependencias de su direcci\u00f3n regional, SENDA hizo entrega al nuevo Jefe de la XI Zona Ays\u00e9n de Carabineros de Chile, General Hugo Zenteno V\u00e1squez de dos equipos para detectar la presencia de Drogas il\u00edcitas en los conductores que circulen por la Regi\u00f3n de Ays\u00e9n, en el contexto del trabajo permanente del Programa Tolerancia Cero de SENDA que se ejecuta en colaboraci\u00f3n estrat\u00e9gica con Carabineros de Chile y con el prop\u00f3sito claro de fortalecer el trabajo territorial.<\/span><\/p>\n<p><span style=\"font-size: 14pt;\">En la ocasi\u00f3n la Directora Regional de SENDA Annie Katherine Hunter Guti\u00e9rrez manifest\u00f3 \u201cEsta entrega que SENDA hace a Carabineros de Chile, marca un segundo hito, de suma relevancia en el Programa Tolerancia Cero, bajo la direcci\u00f3n de nuestro Director Carlos Charme, quien plante\u00f3 como objetivo, al asumir su cargo, sumar a los hist\u00f3ricos test de alcohol, el control de otras drogas en los conductores. Es as\u00ed como al aparato Narcotest que el a\u00f1o 2019 lleg\u00f3 a la regi\u00f3n bajo administraci\u00f3n de SENDA Ays\u00e9n, hoy se suma dos aparatos que con mucha satisfacci\u00f3n entregamos hoy a Carabineros, con una inversi\u00f3n sectorial de m\u00e1s de $9.000.000\u201d.<\/span><\/p>\n<p><span style=\"font-size: 14pt;\">Por su parte, el Jefe de la XI zona de Carabineros de Ays\u00e9n, General Hugo Zenteno V\u00e1squez se\u00f1al\u00f3: \u201cEsto es una estrategia de una pol\u00edtica de seguridad, donde con estos equipos vamos a hacer nuestro trabajo de mejor forma para poder llevar los medios de prueba al Ministerio P\u00fablico. Todo equipo detector de alguna sustancia il\u00edcita, es esencial para nuestra funci\u00f3n policial. Nuestras estrategias operativas est\u00e1n enfocadas en los puntos m\u00e1s cr\u00edticos y en especial, llega esto, pr\u00f3ximo a las fiestas navide\u00f1as y de fin de a\u00f1o, donde vamos a tener un control m\u00e1s exhaustivo en la ruta para prevenir accidentes y tambi\u00e9n para que las personas est\u00e9n en paz y tranquilidad y no tengamos hechos que lamentar, estamos para brindar un servicio \u00f3ptimo y ese es el enfoque que queremos dar para el a\u00f1o 2021.\u201d<\/span><\/p>\n<p><span style=\"font-size: 14pt;\">A partir de la inversi\u00f3n sectorial de SENDA, Carabineros de Chile de la XI Zona Ays\u00e9n podr\u00e1 someter a cualquier conductor a un examen de saliva, a trav\u00e9s de un kit de prueba desechable, en forma independiente al dispositivo Tolerancia Cero de SENDA, abarcando un territorio mayor, contribuyendo con ello no solo a l control de conductores y fiscalizaci\u00f3n del cumplimiento de la Ley de Tr\u00e1nsito, sino tambi\u00e9n a la labor preventiva que desarrolla SENDA a trav\u00e9s de su programa.<\/span><\/p>\n<p><span style=\"font-size: 14pt;\">Cabe recordar que los Narcotest permiten detectar en terreno la presencia de 5 drogas en el cuerpo de los conductores; coca\u00edna, marihuana, opi\u00e1cidos, metanfetaminas y anfetaminas, hecho que constituye un delito al igual que la conducci\u00f3n en estado de ebriedad.<\/span><\/p>\n<\/div><\/section><\/div>\n<div  style='height:50px' class='hr hr-invisible   avia-builder-el-16  el_after_av_one_full  el_before_av_social_share '><span class='hr-inner ' ><span class='hr-inner-style'><\/span><\/span><\/div>\n<div  class='av-social-sharing-box  avia-builder-el-17  el_after_av_hr  el_before_av_hr  '><div class='av-share-box'><h5 class='av-share-link-description av-no-toc '>Compartir esta noticia<\/h5><ul class='av-share-box-list noLightbox'><li class='av-share-link av-social-link-facebook' ><a target=\"_blank\" aria-label=\"Compartir en Facebook\" href='https:\/\/www.facebook.com\/sharer.php?u=https:\/\/radiorevelacionfm.cl\/?p=65077&#038;t=Puerto%20Ays%C3%A9n%3A%20Operativo%20conjunto%20entre%20Carabineros%20del%20GOPE%2C%20Bomberos%20y%20familiares%20permiti%C3%B3%20rescatar%20a%20adulto%20mayor%20de%2095%20a%C3%B1os%20tras%20denuncia%20por%20presunta%20desgracia' aria-hidden='false' data-av_icon='\ue8f3' data-av_iconfont='entypo-fontello' title='' data-avia-related-tooltip='Compartir en Facebook' rel=\"noopener\"><span class='avia_hidden_link_text'>Compartir en Facebook<\/span><\/a><\/li><li class='av-share-link av-social-link-twitter' ><a target=\"_blank\" aria-label=\"Compartir en Twitter\" href='https:\/\/twitter.com\/share?text=Puerto%20Ays%C3%A9n%3A%20Operativo%20conjunto%20entre%20Carabineros%20del%20GOPE%2C%20Bomberos%20y%20familiares%20permiti%C3%B3%20rescatar%20a%20adulto%20mayor%20de%2095%20a%C3%B1os%20tras%20denuncia%20por%20presunta%20desgracia&#038;url=https:\/\/radiorevelacionfm.cl\/?p=65077' aria-hidden='false' data-av_icon='\ue8f1' data-av_iconfont='entypo-fontello' title='' data-avia-related-tooltip='Compartir en Twitter' rel=\"noopener\"><span class='avia_hidden_link_text'>Compartir en Twitter<\/span><\/a><\/li><li class='av-share-link av-social-link-whatsapp' ><a target=\"_blank\" aria-label=\"Compartir en Whatsapp\" href='https:\/\/api.whatsapp.com\/send?text=https:\/\/radiorevelacionfm.cl\/?p=65077' aria-hidden='false' data-av_icon='\uf232' data-av_iconfont='entypo-fontello' title='' data-avia-related-tooltip='Compartir en Whatsapp' rel=\"noopener\"><span class='avia_hidden_link_text'>Compartir en Whatsapp<\/span><\/a><\/li><li class='av-share-link av-social-link-linkedin' ><a target=\"_blank\" aria-label=\"Compartir en LinkedIn\" href='https:\/\/linkedin.com\/shareArticle?mini=true&#038;title=Puerto%20Ays%C3%A9n%3A%20Operativo%20conjunto%20entre%20Carabineros%20del%20GOPE%2C%20Bomberos%20y%20familiares%20permiti%C3%B3%20rescatar%20a%20adulto%20mayor%20de%2095%20a%C3%B1os%20tras%20denuncia%20por%20presunta%20desgracia&#038;url=https:\/\/radiorevelacionfm.cl\/?p=65077' aria-hidden='false' data-av_icon='\ue8fc' data-av_iconfont='entypo-fontello' title='' data-avia-related-tooltip='Compartir en LinkedIn' rel=\"noopener\"><span class='avia_hidden_link_text'>Compartir en LinkedIn<\/span><\/a><\/li><li class='av-share-link av-social-link-mail' ><a  aria-label=\"Compartir por correo\" href='mailto:?subject=Puerto%20Ays%C3%A9n%3A%20Operativo%20conjunto%20entre%20Carabineros%20del%20GOPE%2C%20Bomberos%20y%20familiares%20permiti%C3%B3%20rescatar%20a%20adulto%20mayor%20de%2095%20a%C3%B1os%20tras%20denuncia%20por%20presunta%20desgracia&#038;body=https:\/\/radiorevelacionfm.cl\/?p=65077' aria-hidden='false' data-av_icon='\ue805' data-av_iconfont='entypo-fontello' title='' data-avia-related-tooltip='Compartir por correo'><span class='avia_hidden_link_text'>Compartir por correo<\/span><\/a><\/li><\/ul><\/div><\/div>\n<div  style='height:50px' class='hr hr-invisible   avia-builder-el-18  el_after_av_social_share  el_before_av_comments_list '><span class='hr-inner ' ><span class='hr-inner-style'><\/span><\/span><\/div>\n<div  class='av-buildercomment  av-blog-meta-html-info-disabled av-blog-meta-tag-disabled  '><\/div>\n","protected":false},"excerpt":{"rendered":"","protected":false},"author":1,"featured_media":65081,"comment_status":"closed","ping_status":"closed","sticky":false,"template":"","format":"standard","meta":{"footnotes":""},"categories":[36],"tags":[],"class_list":["post-65077","post","type-post","status-publish","format-standard","has-post-thumbnail","hentry","category-policial"],"jetpack_featured_media_url":"https:\/\/radiorevelacionfm.cl\/wp-content\/uploads\/2026\/03\/500ad2f5-bae6-41bb-8f20-cce0990a24b1-2-2_optimized-2.jpg","_links":{"self":[{"href":"https:\/\/radiorevelacionfm.cl\/index.php?rest_route=\/wp\/v2\/posts\/65077","targetHints":{"allow":["GET"]}}],"collection":[{"href":"https:\/\/radiorevelacionfm.cl\/index.php?rest_route=\/wp\/v2\/posts"}],"about":[{"href":"https:\/\/radiorevelacionfm.cl\/index.php?rest_route=\/wp\/v2\/types\/post"}],"author":[{"embeddable":true,"href":"https:\/\/radiorevelacionfm.cl\/index.php?rest_route=\/wp\/v2\/users\/1"}],"replies":[{"embeddable":true,"href":"https:\/\/radiorevelacionfm.cl\/index.php?rest_route=%2Fwp%2Fv2%2Fcomments&post=65077"}],"version-history":[{"count":4,"href":"https:\/\/radiorevelacionfm.cl\/index.php?rest_route=\/wp\/v2\/posts\/65077\/revisions"}],"predecessor-version":[{"id":65086,"href":"https:\/\/radiorevelacionfm.cl\/index.php?rest_route=\/wp\/v2\/posts\/65077\/revisions\/65086"}],"wp:featuredmedia":[{"embeddable":true,"href":"https:\/\/radiorevelacionfm.cl\/index.php?rest_route=\/wp\/v2\/media\/65081"}],"wp:attachment":[{"href":"https:\/\/radiorevelacionfm.cl\/index.php?rest_route=%2Fwp%2Fv2%2Fmedia&parent=65077"}],"wp:term":[{"taxonomy":"category","embeddable":true,"href":"https:\/\/radiorevelacionfm.cl\/index.php?rest_route=%2Fwp%2Fv2%2Fcategories&post=65077"},{"taxonomy":"post_tag","embeddable":true,"href":"https:\/\/radiorevelacionfm.cl\/index.php?rest_route=%2Fwp%2Fv2%2Ftags&post=65077"}],"curies":[{"name":"wp","href":"https:\/\/api.w.org\/{rel}","templated":true}]}}