{"id":65068,"date":"2026-03-14T11:11:48","date_gmt":"2026-03-14T14:11:48","guid":{"rendered":"https:\/\/radiorevelacionfm.cl\/?p=65068"},"modified":"2026-03-14T11:11:48","modified_gmt":"2026-03-14T14:11:48","slug":"con-talleres-para-ninos-y-exposicion-visual-avanza-proyecto-de-fotolibro-y-testimonios-locales-en-torno-al-agua","status":"publish","type":"post","link":"https:\/\/radiorevelacionfm.cl\/?p=65068","title":{"rendered":"Con talleres para ni\u00f1os y exposici\u00f3n visual avanza proyecto de fotolibro y testimonios locales en torno al agua"},"content":{"rendered":"<div class=\"flex_column av_one_full  flex_column_div av-zero-column-padding first  avia-builder-el-0  el_before_av_one_full  avia-builder-el-first  \" style='border-radius:0px; '><div  class='avia-image-container  av-styling-    avia-builder-el-1  avia-builder-el-no-sibling  avia-align-center '  itemprop=\"image\" itemscope=\"itemscope\" itemtype=\"https:\/\/schema.org\/ImageObject\"  ><div class='avia-image-container-inner'><div class='avia-image-overlay-wrap'><img decoding=\"async\" class='wp-image-65069 avia-img-lazy-loading-not-65069 avia_image' src=\"https:\/\/radiorevelacionfm.cl\/wp-content\/uploads\/2026\/03\/Taller-cianotipia1.JPG-1-1.jpg\" alt='' title='Taller cianotipia1.JPG (1) (1)' height=\"600\" width=\"900\"  itemprop=\"thumbnailUrl\" srcset=\"https:\/\/radiorevelacionfm.cl\/wp-content\/uploads\/2026\/03\/Taller-cianotipia1.JPG-1-1.jpg 900w, https:\/\/radiorevelacionfm.cl\/wp-content\/uploads\/2026\/03\/Taller-cianotipia1.JPG-1-1-300x200.jpg 300w, https:\/\/radiorevelacionfm.cl\/wp-content\/uploads\/2026\/03\/Taller-cianotipia1.JPG-1-1-768x512.jpg 768w, https:\/\/radiorevelacionfm.cl\/wp-content\/uploads\/2026\/03\/Taller-cianotipia1.JPG-1-1-705x470.jpg 705w, https:\/\/radiorevelacionfm.cl\/wp-content\/uploads\/2026\/03\/Taller-cianotipia1.JPG-1-1-450x300.jpg 450w, https:\/\/radiorevelacionfm.cl\/wp-content\/uploads\/2026\/03\/Taller-cianotipia1.JPG-1-1-600x400.jpg 600w\" sizes=\"(max-width: 900px) 100vw, 900px\" \/><\/div><\/div><\/div><\/div><div class=\"flex_column av_one_full  flex_column_div av-zero-column-padding first  avia-builder-el-2  el_after_av_one_full  el_before_av_one_full  column-top-margin\" style='border-radius:0px; '><section class=\"av_textblock_section \"  itemscope=\"itemscope\" itemtype=\"https:\/\/schema.org\/BlogPosting\" itemprop=\"blogPost\" ><div class='avia_textblock  '   itemprop=\"text\" ><p style=\"text-align: center;\"><span style=\"font-size: 18pt;\"><b><span lang=\"ES-TRAD\">Con talleres para ni\u00f1os y exposici\u00f3n visual avanza proyecto de fotolibro y testimonios locales en torno al agua<\/span><\/b><\/span><\/p>\n<div id=\"gtx-trans\" style=\"position: absolute; left: -50px; top: 4.31534px;\">\n<div class=\"gtx-trans-icon\"><\/div>\n<\/div>\n<\/div><\/section><\/div><div class=\"flex_column av_one_full  flex_column_div av-zero-column-padding first  avia-builder-el-4  el_after_av_one_full  el_before_av_hr  column-top-margin\" style='border-radius:0px; '><section class=\"av_textblock_section \"  itemscope=\"itemscope\" itemtype=\"https:\/\/schema.org\/BlogPosting\" itemprop=\"blogPost\" ><div class='avia_textblock  '   itemprop=\"text\" ><p style=\"font-weight: 400; text-align: justify;\"><em>La iniciativa, de nombre \u201cAguas Libres\u201d, es financiada por el Fondo Nacional de Desarrollo Cultural y las Artes Convocatoria 2025 del Ministerio de las Culturas, las Artes y el Patrimonio.<\/em><\/p>\n<p style=\"text-align: justify;\"><em>Una vez impresa, la obra ser\u00e1 lanzada en Santiago, Valpara\u00edso, Coyhaique, Cochrane, Chile Chico, Puerto Guadal, Salzburgo y Hannover.<\/em><\/p>\n<p style=\"font-weight: 400; text-align: justify;\">Una serie de talleres dirigidos a la comunidad local est\u00e1 desarrollando el equipo coordinador del proyecto \u201cAguas Libres\u201d, que ejecuta la Corporaci\u00f3n Privada para el Desarrollo de Ays\u00e9n (CODESA).\u00a0\u00a0La iniciativa es financiada por el Fondo Nacional de Desarrollo Cultural y las Artes Convocatoria 2025 del Ministerio de las Culturas, las Artes y el Patrimonio, teniendo como foco principal publicar un fotolibro que aborde la situaci\u00f3n de las aguas en distintos espacios territoriales y productivos de Ays\u00e9n, particularmente en la cuenca del lago General Carrera.<\/p>\n<p style=\"font-weight: 400; text-align: justify;\">Durante la Semana Aniversario de Puerto Guadal se realiz\u00f3 un pre-lanzamiento de la obra, que llevar\u00e1 por t\u00edtulo \u201cMarca de Agua\u201d, mediante la exposici\u00f3n de fotograf\u00edas en gran formato en el gimnasio local, gracias a la colaboraci\u00f3n de la Municipalidad de Chile Chico.\u00a0\u00a0Sus autoras, las foto-documentalistas Sarah Schneider y Stella Meyer, dialogaron con quienes asistieron a la muestra, que estuvo disponible del 11 al 15 de febrero, sobre la mercantilizaci\u00f3n del agua en la regi\u00f3n y el pa\u00eds.<\/p>\n<p style=\"font-weight: 400; text-align: justify;\">Posteriormente, el 21 de febrero, se realiz\u00f3 un taller de cianotipia en el sector de playa Las Rocas, que es una de las t\u00e9cnicas utilizadas en el libro.\u00a0\u00a0Esta actividad cont\u00f3 con la colaboraci\u00f3n de la organizaci\u00f3n Cuenca Viva.\u00a0\u00a0En la oportunidad tambi\u00e9n se explic\u00f3 c\u00f3mo se elabor\u00f3 el libro y se abord\u00f3 la actual institucionalidad del agua.<\/p>\n<p style=\"font-weight: 400; text-align: justify;\">\u201c<em>Los ni\u00f1os pudieron poner los qu\u00edmicos de cianotipia sobre papel y buscar cositas de la cuenca del lago, como palitos, plumas, hojas.\u00a0\u00a0Pusieron todo en los papeles, los expusimos al sol y sali\u00f3 su imagen<\/em>\u201d explic\u00f3 Sarah Schneider.\u00a0\u00a0\u201c<em>Cada participante hizo como tres cuadros, quedaron s\u00faper contentos.\u00a0\u00a0Llegaron muchos ni\u00f1os, fue muy lindo y hubo bastante concurrencia, incluso nos solicitaron que lo podamos repetir<\/em>\u201d record\u00f3.<\/p>\n<p style=\"font-weight: 400; text-align: justify;\"><strong>El proyecto<\/strong><\/p>\n<p style=\"font-weight: 400; text-align: justify;\">El fotolibro, cuyo t\u00edtulo ser\u00e1 \u201c<em>Marca de Agua<\/em>\u201d y es producido por Editorial FLUQ.\u00a0\u00a0Adem\u00e1s de im\u00e1genes cuenta con testimonios locales y un texto sobre la privatizaci\u00f3n del agua en Chile a cargo del periodista y director de CODESA Patricio Segura.<\/p>\n<p style=\"font-weight: 400; text-align: justify;\">La obra ser\u00e1 presentada en Santiago en la Biblioteca Nacional y en la Galer\u00eda Flach, mientras que en Valpara\u00edso se exhibir\u00e1 en el Parque Cultural y en instalaciones de la municipalidad.<\/p>\n<p style=\"font-weight: 400; text-align: justify;\">En el caso de Ays\u00e9n, en tanto, habr\u00e1 lanzamientos en el Museo Regional y en el Centro Cultural de Coyhaique, en la Escuela Ra\u00edces de Calafate de Chile Chico, en la Municipalidad de Cochrane y en la escuela libre de Alma Verde en Puerto Guadal.<\/p>\n<p style=\"font-weight: 400; text-align: justify;\">A nivel internacional, se est\u00e1 organizando una muestra en Salzburgo (Austria) y Hannover (Alemania).<\/p>\n<\/div><\/section><\/div><div  style='height:50px' class='hr hr-invisible   avia-builder-el-6  el_after_av_one_full  el_before_av_social_share '><span class='hr-inner ' ><span class='hr-inner-style'><\/span><\/span><\/div><\/p>\n<div  class='av-social-sharing-box  avia-builder-el-7  el_after_av_hr  el_before_av_hr  '><div class='av-share-box'><h5 class='av-share-link-description av-no-toc '>Compartir esta noticia<\/h5><ul class='av-share-box-list noLightbox'><li class='av-share-link av-social-link-facebook' ><a target=\"_blank\" aria-label=\"Compartir en Facebook\" href='https:\/\/www.facebook.com\/sharer.php?u=https:\/\/radiorevelacionfm.cl\/?p=65068&#038;t=Con%20talleres%20para%20ni%C3%B1os%20y%20exposici%C3%B3n%20visual%20avanza%20proyecto%20de%20fotolibro%20y%20testimonios%20locales%20en%20torno%20al%20agua' aria-hidden='false' data-av_icon='\ue8f3' data-av_iconfont='entypo-fontello' title='' data-avia-related-tooltip='Compartir en Facebook' rel=\"noopener\"><span class='avia_hidden_link_text'>Compartir en Facebook<\/span><\/a><\/li><li class='av-share-link av-social-link-twitter' ><a target=\"_blank\" aria-label=\"Compartir en Twitter\" href='https:\/\/twitter.com\/share?text=Con%20talleres%20para%20ni%C3%B1os%20y%20exposici%C3%B3n%20visual%20avanza%20proyecto%20de%20fotolibro%20y%20testimonios%20locales%20en%20torno%20al%20agua&#038;url=https:\/\/radiorevelacionfm.cl\/?p=65068' aria-hidden='false' data-av_icon='\ue8f1' data-av_iconfont='entypo-fontello' title='' data-avia-related-tooltip='Compartir en Twitter' rel=\"noopener\"><span class='avia_hidden_link_text'>Compartir en Twitter<\/span><\/a><\/li><li class='av-share-link av-social-link-whatsapp' ><a target=\"_blank\" aria-label=\"Compartir en Whatsapp\" href='https:\/\/api.whatsapp.com\/send?text=https:\/\/radiorevelacionfm.cl\/?p=65068' aria-hidden='false' data-av_icon='\uf232' data-av_iconfont='entypo-fontello' title='' data-avia-related-tooltip='Compartir en Whatsapp' rel=\"noopener\"><span class='avia_hidden_link_text'>Compartir en Whatsapp<\/span><\/a><\/li><li class='av-share-link av-social-link-linkedin' ><a target=\"_blank\" aria-label=\"Compartir en LinkedIn\" href='https:\/\/linkedin.com\/shareArticle?mini=true&#038;title=Con%20talleres%20para%20ni%C3%B1os%20y%20exposici%C3%B3n%20visual%20avanza%20proyecto%20de%20fotolibro%20y%20testimonios%20locales%20en%20torno%20al%20agua&#038;url=https:\/\/radiorevelacionfm.cl\/?p=65068' aria-hidden='false' data-av_icon='\ue8fc' data-av_iconfont='entypo-fontello' title='' data-avia-related-tooltip='Compartir en LinkedIn' rel=\"noopener\"><span class='avia_hidden_link_text'>Compartir en LinkedIn<\/span><\/a><\/li><li class='av-share-link av-social-link-mail' ><a  aria-label=\"Compartir por correo\" href='mailto:?subject=Con%20talleres%20para%20ni%C3%B1os%20y%20exposici%C3%B3n%20visual%20avanza%20proyecto%20de%20fotolibro%20y%20testimonios%20locales%20en%20torno%20al%20agua&#038;body=https:\/\/radiorevelacionfm.cl\/?p=65068' aria-hidden='false' data-av_icon='\ue805' data-av_iconfont='entypo-fontello' title='' data-avia-related-tooltip='Compartir por correo'><span class='avia_hidden_link_text'>Compartir por correo<\/span><\/a><\/li><\/ul><\/div><\/div>\n<div  style='height:50px' class='hr hr-invisible   avia-builder-el-8  el_after_av_social_share  el_before_av_comments_list '><span class='hr-inner ' ><span class='hr-inner-style'><\/span><\/span><\/div>\n<div  class='av-buildercomment  av-blog-meta-html-info-disabled av-blog-meta-tag-disabled  '><\/div>\n","protected":false},"excerpt":{"rendered":"","protected":false},"author":1,"featured_media":65069,"comment_status":"closed","ping_status":"closed","sticky":false,"template":"","format":"standard","meta":{"footnotes":""},"categories":[52],"tags":[],"class_list":["post-65068","post","type-post","status-publish","format-standard","has-post-thumbnail","hentry","category-cultura"],"jetpack_featured_media_url":"https:\/\/radiorevelacionfm.cl\/wp-content\/uploads\/2026\/03\/Taller-cianotipia1.JPG-1-1.jpg","_links":{"self":[{"href":"https:\/\/radiorevelacionfm.cl\/index.php?rest_route=\/wp\/v2\/posts\/65068","targetHints":{"allow":["GET"]}}],"collection":[{"href":"https:\/\/radiorevelacionfm.cl\/index.php?rest_route=\/wp\/v2\/posts"}],"about":[{"href":"https:\/\/radiorevelacionfm.cl\/index.php?rest_route=\/wp\/v2\/types\/post"}],"author":[{"embeddable":true,"href":"https:\/\/radiorevelacionfm.cl\/index.php?rest_route=\/wp\/v2\/users\/1"}],"replies":[{"embeddable":true,"href":"https:\/\/radiorevelacionfm.cl\/index.php?rest_route=%2Fwp%2Fv2%2Fcomments&post=65068"}],"version-history":[{"count":1,"href":"https:\/\/radiorevelacionfm.cl\/index.php?rest_route=\/wp\/v2\/posts\/65068\/revisions"}],"predecessor-version":[{"id":65070,"href":"https:\/\/radiorevelacionfm.cl\/index.php?rest_route=\/wp\/v2\/posts\/65068\/revisions\/65070"}],"wp:featuredmedia":[{"embeddable":true,"href":"https:\/\/radiorevelacionfm.cl\/index.php?rest_route=\/wp\/v2\/media\/65069"}],"wp:attachment":[{"href":"https:\/\/radiorevelacionfm.cl\/index.php?rest_route=%2Fwp%2Fv2%2Fmedia&parent=65068"}],"wp:term":[{"taxonomy":"category","embeddable":true,"href":"https:\/\/radiorevelacionfm.cl\/index.php?rest_route=%2Fwp%2Fv2%2Fcategories&post=65068"},{"taxonomy":"post_tag","embeddable":true,"href":"https:\/\/radiorevelacionfm.cl\/index.php?rest_route=%2Fwp%2Fv2%2Ftags&post=65068"}],"curies":[{"name":"wp","href":"https:\/\/api.w.org\/{rel}","templated":true}]}}