{"id":65065,"date":"2026-03-13T22:42:16","date_gmt":"2026-03-14T01:42:16","guid":{"rendered":"https:\/\/radiorevelacionfm.cl\/?p=65065"},"modified":"2026-03-13T22:42:16","modified_gmt":"2026-03-14T01:42:16","slug":"corte-suprema-confirma-condena-a-700-dias-de-presidio-contra-funcionario-de-mas-alto-rango-sancionado-en-el-contexto-del-conflicto-social","status":"publish","type":"post","link":"https:\/\/radiorevelacionfm.cl\/?p=65065","title":{"rendered":"Corte Suprema confirma condena a 700 d\u00edas de presidio contra funcionario de m\u00e1s alto rango sancionado en el contexto del conflicto social"},"content":{"rendered":"<div class=\"flex_column av_one_full  flex_column_div av-zero-column-padding first  avia-builder-el-0  el_before_av_one_full  avia-builder-el-first  \" style='border-radius:0px; '><div  class='avia-image-container  av-styling-    avia-builder-el-1  avia-builder-el-no-sibling  avia-align-center '  itemprop=\"image\" itemscope=\"itemscope\" itemtype=\"https:\/\/schema.org\/ImageObject\"  ><div class='avia-image-container-inner'><div class='avia-image-overlay-wrap'><img decoding=\"async\" class='wp-image-64431 avia-img-lazy-loading-not-64431 avia_image' src=\"https:\/\/radiorevelacionfm.cl\/wp-content\/uploads\/2026\/02\/frontis10-Fiscalia-1-1.jpg\" alt='' title='frontis10 Fiscalia (1) (1)' height=\"600\" width=\"900\"  itemprop=\"thumbnailUrl\" srcset=\"https:\/\/radiorevelacionfm.cl\/wp-content\/uploads\/2026\/02\/frontis10-Fiscalia-1-1.jpg 900w, https:\/\/radiorevelacionfm.cl\/wp-content\/uploads\/2026\/02\/frontis10-Fiscalia-1-1-300x200.jpg 300w, https:\/\/radiorevelacionfm.cl\/wp-content\/uploads\/2026\/02\/frontis10-Fiscalia-1-1-768x512.jpg 768w, https:\/\/radiorevelacionfm.cl\/wp-content\/uploads\/2026\/02\/frontis10-Fiscalia-1-1-705x470.jpg 705w, https:\/\/radiorevelacionfm.cl\/wp-content\/uploads\/2026\/02\/frontis10-Fiscalia-1-1-450x300.jpg 450w, https:\/\/radiorevelacionfm.cl\/wp-content\/uploads\/2026\/02\/frontis10-Fiscalia-1-1-600x400.jpg 600w\" sizes=\"(max-width: 900px) 100vw, 900px\" \/><\/div><\/div><\/div><\/div><div class=\"flex_column av_one_full  flex_column_div av-zero-column-padding first  avia-builder-el-2  el_after_av_one_full  el_before_av_one_full  column-top-margin\" style='border-radius:0px; '><section class=\"av_textblock_section \"  itemscope=\"itemscope\" itemtype=\"https:\/\/schema.org\/BlogPosting\" itemprop=\"blogPost\" ><div class='avia_textblock  '   itemprop=\"text\" ><p style=\"font-weight: 400; text-align: center;\"><strong><span style=\"font-size: 18pt;\">Corte Suprema confirma condena a 700 d\u00edas de presidio contra funcionario de m\u00e1s alto rango sancionado en el contexto del conflicto social<\/span><\/strong><\/p>\n<div id=\"gtx-trans\" style=\"position: absolute; left: -50px; top: 4.31534px;\">\n<div class=\"gtx-trans-icon\"><\/div>\n<\/div>\n<\/div><\/section><\/div><div class=\"flex_column av_one_full  flex_column_div av-zero-column-padding first  avia-builder-el-4  el_after_av_one_full  el_before_av_hr  column-top-margin\" style='border-radius:0px; '><section class=\"av_textblock_section \"  itemscope=\"itemscope\" itemtype=\"https:\/\/schema.org\/BlogPosting\" itemprop=\"blogPost\" ><div class='avia_textblock  '   itemprop=\"text\" ><p style=\"font-weight: 400; text-align: justify;\"><em>Ex Prefecto de Carabineros de Ays\u00e9n ocult\u00f3 videos que demostraban la inocencia de joven acusado de grave agresi\u00f3n a funcionario policial. En tanto el ex jefe de Fuerzas Especiales de la instituci\u00f3n fue condenado a 300 d\u00edas de presidio.\u00a0<\/em><\/p>\n<p style=\"font-weight: 400; text-align: justify;\">La Excelent\u00edsima Corte Suprema de Justicia rechaz\u00f3 los recursos de nulidad interpuestos por las defensas en el caso contra el ex Prefecto de Carabineros de Ays\u00e9n, Pablo Capetillo Contreras y el ex jefe de Fuerzas Especiales de la instituci\u00f3n, Juan Fuentes Fuentealba, por lo cual ratific\u00f3 las condenas como autores del delito consumado de obstrucci\u00f3n a la investigaci\u00f3n, aplicadas a ambos por el Tribunal de Juicio Oral en Lo Penal de Coyhaique en febrero del a\u00f1o pasado.<\/p>\n<p style=\"font-weight: 400; text-align: justify;\">As\u00ed lo explic\u00f3 el Fiscal jefe de la Unidad de An\u00e1lisis Criminal y Focos Investigativos, Luis Gonz\u00e1lez Aracena, quien a\u00f1adi\u00f3 que se trata del fallo contra el funcionario de m\u00e1s alto rango condenado en el contexto del conflicto social, ocurrido el a\u00f1o 2019 en nuestro pa\u00eds, ya que entonces Pablo Capetillo era Prefecto de Carabineros de Chile en la Regi\u00f3n de Aysen.<\/p>\n<p style=\"font-weight: 400; text-align: justify;\">En este caso, la investigaci\u00f3n liderada por la Unidad de An\u00e1lisis Criminal y Focos Investigativos de la Fiscal\u00eda Regional de Ays\u00e9n permiti\u00f3 que fuera condenado a 700 d\u00edas de presidio menor en su grado medio el ex Prefecto de Carabineros de la Regi\u00f3n de Ays\u00e9n, Coronel Pablo Capetillo Contreras y a 300 d\u00edas de presidio menor en su grado m\u00ednimo, el Capit\u00e1n y ex jefe de Fuerzas Especiales, Juan Fuentes Fuentealba, por el delito de obstrucci\u00f3n a la investigaci\u00f3n calificada.<\/p>\n<p style=\"font-weight: 400; text-align: justify;\">En la investigaci\u00f3n, se acredit\u00f3 que ambos oficiales fueron informados de la existencia de un video que descartaba la participaci\u00f3n de un estudiante en las lesiones graves de un funcionario de Carabineros, en el contexto de una protesta registrada en Avenida Ogana, y pese a ello, el ex Prefecto orden\u00f3 que \u00e9ste fuese excluido de los antecedentes que posteriormente fueron remitidos al Ministerio P\u00fablico, los cuales fueron fundantes para la formalizaci\u00f3n y prisi\u00f3n preventiva de un estudiante.<\/p>\n<p style=\"font-weight: 400; text-align: justify;\">Ambos exoficiales tambi\u00e9n prestaron declaraciones en el procedimiento donde omitieron su conocimiento del video exculpatorio.<\/p>\n<p style=\"font-weight: 400; text-align: justify;\">CONTEXTO<\/p>\n<p style=\"font-weight: 400; text-align: justify;\">Los hechos de este caso datan de noviembre del a\u00f1o 2019, \u00e9poca de la crisis social en nuestro pa\u00eds, cuando fue detenido un joven sindicado por la instituci\u00f3n policial como autor del lanzamiento de proyectiles a un funcionario de Carabineros, quien result\u00f3 con lesiones graves en su rostro y dentadura. Lo anterior, dio lugar a que el estudiante fuese formalizado por el delito de maltrato de obra a carabineros con resultado de lesiones graves, decret\u00e1ndose su prisi\u00f3n preventiva.<\/p>\n<p style=\"font-weight: 400; text-align: justify;\">Esta situaci\u00f3n cambi\u00f3 al descubrirse que, en los antecedentes entregados por los funcionarios policiales para inculpar al detenido de ese momento, se hab\u00eda ocultado un video que lo exculpaba del il\u00edcito.<\/p>\n<p style=\"font-weight: 400; text-align: justify;\">En base a la acusaci\u00f3n del Ministerio P\u00fablico, lo cual fue acreditado en el juicio, los condenados Pablo Capetillo y Juan Fuentes fueron informados de la existencia de un video que descartaba la participaci\u00f3n del estudiante en las lesiones. No obstante, Capetillo orden\u00f3 que \u00e9ste fuese excluido de los informes y ambos declararon que el estudiante hab\u00eda lanzado piedras a un funcionario de la instituci\u00f3n que result\u00f3 con lesiones graves.<\/p>\n<p style=\"font-weight: 400; text-align: justify;\">Las versiones de ambos exoficiales fueron desacreditadas por hechos objetivos como lo fue la certeza de que tuvieron acceso a un video determinante para exculpar al detenido y a la opini\u00f3n de un funcionario calificado que lo hab\u00eda analizado, pese a lo cual insistieron en su versi\u00f3n.<\/p>\n<p style=\"font-weight: 400; text-align: justify;\">La investigaci\u00f3n de este caso fue dirigida por el fiscal jefe de SACFI, Luis Gonz\u00e1lez Aracena, junto al equipo de la Unidad de An\u00e1lisis Criminal de la Fiscal\u00eda. El a\u00f1o pasado, el Tribunal de Juicio Oral, al cumplir con los requisitos de la ley 18.216, sustituy\u00f3 la condena de los imputados por la remisi\u00f3n condicional de la pena.<\/p>\n<p style=\"font-weight: 400; text-align: justify;\">CORRUPCI\u00d3N P\u00daBLICA<\/p>\n<p style=\"font-weight: 400; text-align: justify;\">Tras conocerse la condena dictada por el Tribunal de Juicio Oral en Lo Penal, el Fiscal Jefe de la Unidad de An\u00e1lisis Criminal y Focos Investigativos, Luis Gonz\u00e1lez Aracena, dijo que se trata de un hecho \u201cde la m\u00e1s alta gravedad, puesto que vulnera el deber de las polic\u00edas de indagar y de aportar a la Fiscal\u00eda, a fin de determinar tanto la participaci\u00f3n de un hecho punible como tambi\u00e9n la que determina su inocencia. Un joven que hab\u00eda efectuado manifestaciones, pero no hab\u00eda causado las lesiones, producto de estos actos desarrollados por los acusados, estuvo privado de libertad y en prisi\u00f3n preventiva, lo cual establece la comisi\u00f3n de un delito de obstrucci\u00f3n a la investigaci\u00f3n calificada\u201d.<\/p>\n<p style=\"font-weight: 400; text-align: justify;\">El fiscal Gonz\u00e1lez Aracena a\u00f1adi\u00f3 tambi\u00e9n, en su oportunidad, que \u201cla corrupci\u00f3n p\u00fablica es de un agente del Estado en el sentido de ocultar informaci\u00f3n que su deber es aportarlo. Es inaceptable y vulnera el principio de derecho, de Estado de Derecho en una sociedad democr\u00e1tica\u201d.<\/p>\n<p style=\"font-weight: 400; text-align: justify;\">En este juicio oral participaron como querellantes el Consejo de Defensa del Estado, el Instituto Nacional de Derechos Humanos y el propio estudiante detenido en su oportunidad.<\/p>\n<\/div><\/section><\/div><div  style='height:50px' class='hr hr-invisible   avia-builder-el-6  el_after_av_one_full  el_before_av_social_share '><span class='hr-inner ' ><span class='hr-inner-style'><\/span><\/span><\/div><\/p>\n<div  class='av-social-sharing-box  avia-builder-el-7  el_after_av_hr  el_before_av_hr  '><div class='av-share-box'><h5 class='av-share-link-description av-no-toc '>Compartir esta noticia<\/h5><ul class='av-share-box-list noLightbox'><li class='av-share-link av-social-link-facebook' ><a target=\"_blank\" aria-label=\"Compartir en Facebook\" href='https:\/\/www.facebook.com\/sharer.php?u=https:\/\/radiorevelacionfm.cl\/?p=65065&#038;t=Corte%20Suprema%20confirma%20condena%20a%20700%20d%C3%ADas%20de%20presidio%20contra%20funcionario%20de%20m%C3%A1s%20alto%20rango%20sancionado%20en%20el%20contexto%20del%20conflicto%20social' aria-hidden='false' data-av_icon='\ue8f3' data-av_iconfont='entypo-fontello' title='' data-avia-related-tooltip='Compartir en Facebook' rel=\"noopener\"><span class='avia_hidden_link_text'>Compartir en Facebook<\/span><\/a><\/li><li class='av-share-link av-social-link-twitter' ><a target=\"_blank\" aria-label=\"Compartir en Twitter\" href='https:\/\/twitter.com\/share?text=Corte%20Suprema%20confirma%20condena%20a%20700%20d%C3%ADas%20de%20presidio%20contra%20funcionario%20de%20m%C3%A1s%20alto%20rango%20sancionado%20en%20el%20contexto%20del%20conflicto%20social&#038;url=https:\/\/radiorevelacionfm.cl\/?p=65065' aria-hidden='false' data-av_icon='\ue8f1' data-av_iconfont='entypo-fontello' title='' data-avia-related-tooltip='Compartir en Twitter' rel=\"noopener\"><span class='avia_hidden_link_text'>Compartir en Twitter<\/span><\/a><\/li><li class='av-share-link av-social-link-whatsapp' ><a target=\"_blank\" aria-label=\"Compartir en Whatsapp\" href='https:\/\/api.whatsapp.com\/send?text=https:\/\/radiorevelacionfm.cl\/?p=65065' aria-hidden='false' data-av_icon='\uf232' data-av_iconfont='entypo-fontello' title='' data-avia-related-tooltip='Compartir en Whatsapp' rel=\"noopener\"><span class='avia_hidden_link_text'>Compartir en Whatsapp<\/span><\/a><\/li><li class='av-share-link av-social-link-linkedin' ><a target=\"_blank\" aria-label=\"Compartir en LinkedIn\" href='https:\/\/linkedin.com\/shareArticle?mini=true&#038;title=Corte%20Suprema%20confirma%20condena%20a%20700%20d%C3%ADas%20de%20presidio%20contra%20funcionario%20de%20m%C3%A1s%20alto%20rango%20sancionado%20en%20el%20contexto%20del%20conflicto%20social&#038;url=https:\/\/radiorevelacionfm.cl\/?p=65065' aria-hidden='false' data-av_icon='\ue8fc' data-av_iconfont='entypo-fontello' title='' data-avia-related-tooltip='Compartir en LinkedIn' rel=\"noopener\"><span class='avia_hidden_link_text'>Compartir en LinkedIn<\/span><\/a><\/li><li class='av-share-link av-social-link-mail' ><a  aria-label=\"Compartir por correo\" href='mailto:?subject=Corte%20Suprema%20confirma%20condena%20a%20700%20d%C3%ADas%20de%20presidio%20contra%20funcionario%20de%20m%C3%A1s%20alto%20rango%20sancionado%20en%20el%20contexto%20del%20conflicto%20social&#038;body=https:\/\/radiorevelacionfm.cl\/?p=65065' aria-hidden='false' data-av_icon='\ue805' data-av_iconfont='entypo-fontello' title='' data-avia-related-tooltip='Compartir por correo'><span class='avia_hidden_link_text'>Compartir por correo<\/span><\/a><\/li><\/ul><\/div><\/div>\n<div  style='height:50px' class='hr hr-invisible   avia-builder-el-8  el_after_av_social_share  el_before_av_comments_list '><span class='hr-inner ' ><span class='hr-inner-style'><\/span><\/span><\/div>\n<div  class='av-buildercomment  av-blog-meta-html-info-disabled av-blog-meta-tag-disabled  '><\/div>\n","protected":false},"excerpt":{"rendered":"","protected":false},"author":1,"featured_media":64431,"comment_status":"closed","ping_status":"closed","sticky":false,"template":"","format":"standard","meta":{"footnotes":""},"categories":[55],"tags":[],"class_list":["post-65065","post","type-post","status-publish","format-standard","has-post-thumbnail","hentry","category-justicia"],"jetpack_featured_media_url":"https:\/\/radiorevelacionfm.cl\/wp-content\/uploads\/2026\/02\/frontis10-Fiscalia-1-1.jpg","_links":{"self":[{"href":"https:\/\/radiorevelacionfm.cl\/index.php?rest_route=\/wp\/v2\/posts\/65065","targetHints":{"allow":["GET"]}}],"collection":[{"href":"https:\/\/radiorevelacionfm.cl\/index.php?rest_route=\/wp\/v2\/posts"}],"about":[{"href":"https:\/\/radiorevelacionfm.cl\/index.php?rest_route=\/wp\/v2\/types\/post"}],"author":[{"embeddable":true,"href":"https:\/\/radiorevelacionfm.cl\/index.php?rest_route=\/wp\/v2\/users\/1"}],"replies":[{"embeddable":true,"href":"https:\/\/radiorevelacionfm.cl\/index.php?rest_route=%2Fwp%2Fv2%2Fcomments&post=65065"}],"version-history":[{"count":2,"href":"https:\/\/radiorevelacionfm.cl\/index.php?rest_route=\/wp\/v2\/posts\/65065\/revisions"}],"predecessor-version":[{"id":65067,"href":"https:\/\/radiorevelacionfm.cl\/index.php?rest_route=\/wp\/v2\/posts\/65065\/revisions\/65067"}],"wp:featuredmedia":[{"embeddable":true,"href":"https:\/\/radiorevelacionfm.cl\/index.php?rest_route=\/wp\/v2\/media\/64431"}],"wp:attachment":[{"href":"https:\/\/radiorevelacionfm.cl\/index.php?rest_route=%2Fwp%2Fv2%2Fmedia&parent=65065"}],"wp:term":[{"taxonomy":"category","embeddable":true,"href":"https:\/\/radiorevelacionfm.cl\/index.php?rest_route=%2Fwp%2Fv2%2Fcategories&post=65065"},{"taxonomy":"post_tag","embeddable":true,"href":"https:\/\/radiorevelacionfm.cl\/index.php?rest_route=%2Fwp%2Fv2%2Ftags&post=65065"}],"curies":[{"name":"wp","href":"https:\/\/api.w.org\/{rel}","templated":true}]}}