{"id":65062,"date":"2026-03-13T19:41:32","date_gmt":"2026-03-13T22:41:32","guid":{"rendered":"https:\/\/radiorevelacionfm.cl\/?p=65062"},"modified":"2026-03-13T19:41:32","modified_gmt":"2026-03-13T22:41:32","slug":"a-solicitud-de-la-fiscalia-tribunal-controlo-la-detencion-de-profugo-de-la-justicia-por-delitos-sexuales-el-cual-fue-detenido-por-carabineros","status":"publish","type":"post","link":"https:\/\/radiorevelacionfm.cl\/?p=65062","title":{"rendered":"A solicitud de la Fiscal\u00eda: Tribunal control\u00f3 la detenci\u00f3n de pr\u00f3fugo de la justicia por delitos sexuales el cual fue detenido por Carabineros"},"content":{"rendered":"<div class=\"flex_column av_one_full  flex_column_div av-zero-column-padding first  avia-builder-el-0  el_before_av_one_full  avia-builder-el-first  \" style='border-radius:0px; '><div  class='avia-image-container  av-styling-    avia-builder-el-1  avia-builder-el-no-sibling  avia-align-center '  itemprop=\"image\" itemscope=\"itemscope\" itemtype=\"https:\/\/schema.org\/ImageObject\"  ><div class='avia-image-container-inner'><div class='avia-image-overlay-wrap'><img decoding=\"async\" class='wp-image-34413 avia-img-lazy-loading-not-34413 avia_image' src=\"https:\/\/radiorevelacionfm.cl\/wp-content\/uploads\/2023\/08\/fiscalia_chile_chico-1-1_optimized-1.jpg\" alt='' title='fiscalia_chile_chico-(1)-(1)_optimized (1)' height=\"600\" width=\"900\"  itemprop=\"thumbnailUrl\" srcset=\"https:\/\/radiorevelacionfm.cl\/wp-content\/uploads\/2023\/08\/fiscalia_chile_chico-1-1_optimized-1.jpg 900w, https:\/\/radiorevelacionfm.cl\/wp-content\/uploads\/2023\/08\/fiscalia_chile_chico-1-1_optimized-1-300x200.jpg 300w, https:\/\/radiorevelacionfm.cl\/wp-content\/uploads\/2023\/08\/fiscalia_chile_chico-1-1_optimized-1-768x512.jpg 768w, https:\/\/radiorevelacionfm.cl\/wp-content\/uploads\/2023\/08\/fiscalia_chile_chico-1-1_optimized-1-705x470.jpg 705w, https:\/\/radiorevelacionfm.cl\/wp-content\/uploads\/2023\/08\/fiscalia_chile_chico-1-1_optimized-1-450x300.jpg 450w, https:\/\/radiorevelacionfm.cl\/wp-content\/uploads\/2023\/08\/fiscalia_chile_chico-1-1_optimized-1-600x400.jpg 600w\" sizes=\"(max-width: 900px) 100vw, 900px\" \/><\/div><\/div><\/div><\/div><div class=\"flex_column av_one_full  flex_column_div av-zero-column-padding first  avia-builder-el-2  el_after_av_one_full  el_before_av_one_full  column-top-margin\" style='border-radius:0px; '><section class=\"av_textblock_section \"  itemscope=\"itemscope\" itemtype=\"https:\/\/schema.org\/BlogPosting\" itemprop=\"blogPost\" ><div class='avia_textblock  '   itemprop=\"text\" ><h2 class=\"titulo\" style=\"text-align: center;\"><span style=\"font-size: 18pt;\"><strong>A solicitud de la Fiscal\u00eda: Tribunal control\u00f3 la detenci\u00f3n de pr\u00f3fugo de la justicia por delitos sexuales el cual fue detenido por Carabineros<\/strong><\/span><\/h2>\n<div id=\"gtx-trans\" style=\"position: absolute; left: -50px; top: 4.31534px;\">\n<div class=\"gtx-trans-icon\"><\/div>\n<\/div>\n<\/div><\/section><\/div><div class=\"flex_column av_one_full  flex_column_div av-zero-column-padding first  avia-builder-el-4  el_after_av_one_full  el_before_av_hr  column-top-margin\" style='border-radius:0px; '><section class=\"av_textblock_section \"  itemscope=\"itemscope\" itemtype=\"https:\/\/schema.org\/BlogPosting\" itemprop=\"blogPost\" ><div class='avia_textblock  '   itemprop=\"text\" ><p style=\"text-align: justify;\"><em>La investigaci\u00f3n de este caso est\u00e1 a cargo de la Fiscal\u00eda Local de Chile Chico.\u00a0<\/em><\/p>\n<p style=\"text-align: justify;\">Tras solicitud del Ministerio P\u00fablico, el Juzgado de Garant\u00eda de Chile Chico control\u00f3 la detenci\u00f3n de un imputado que permanec\u00eda pr\u00f3fugo de la justicia por delitos sexuales, el cual fue detenido por personal de Carabineros. Seg\u00fan explic\u00f3 la Fiscal Jefe de Cochrane y Chile Chico, Estefan\u00eda Leiva, el \u201c12 de marzo del a\u00f1o 2026, personal de Carabineros de la Tercera Comisar\u00eda de Chile Chico logr\u00f3 ubicar a un imputado de 82 a\u00f1os de edad, quien se manten\u00eda pr\u00f3fugo desde el a\u00f1o 2023, luego de que el Ministerio P\u00fablico lo acusara como autor del delito de abuso sexual reiterado infantil en contra de su bisnieta, quien en la \u00e9poca de los hechos era menor de 14 a\u00f1os de edad\u201d.<\/p>\n<p style=\"text-align: justify;\">La Fiscal Leiva a\u00f1adi\u00f3 que \u201cen raz\u00f3n de ello, el d\u00eda de hoy fue controlada su detenci\u00f3n, oportunidad en la que el Ministerio P\u00fablico solicit\u00f3 la prisi\u00f3n preventiva del imputado, accedi\u00e9ndose a dicha solicitud por parte del Tribunal, entendiendo que exist\u00eda un peligro para la seguridad de la sociedad en la libertad del imputado, as\u00ed como tambi\u00e9n un peligro de fuga\u201d.<\/p>\n<p style=\"text-align: justify;\">La persecutora penal agreg\u00f3 que \u201cen atenci\u00f3n a la etapa procesal en la que nos encontramos, el Tribunal fij\u00f3 una fecha pr\u00f3xima para efectos de preparar el juicio oral\u201d.<\/p>\n<p style=\"text-align: justify;\">La investigaci\u00f3n de este caso est\u00e1 a cargo de la Fiscal\u00eda Local de Chile Chico.<\/p>\n<\/div><\/section><\/div><div  style='height:50px' class='hr hr-invisible   avia-builder-el-6  el_after_av_one_full  el_before_av_social_share '><span class='hr-inner ' ><span class='hr-inner-style'><\/span><\/span><\/div><\/p>\n<div  class='av-social-sharing-box  avia-builder-el-7  el_after_av_hr  el_before_av_hr  '><div class='av-share-box'><h5 class='av-share-link-description av-no-toc '>Compartir esta noticia<\/h5><ul class='av-share-box-list noLightbox'><li class='av-share-link av-social-link-facebook' ><a target=\"_blank\" aria-label=\"Compartir en Facebook\" href='https:\/\/www.facebook.com\/sharer.php?u=https:\/\/radiorevelacionfm.cl\/?p=65062&#038;t=A%20solicitud%20de%20la%20Fiscal%C3%ADa%3A%20Tribunal%20control%C3%B3%20la%20detenci%C3%B3n%20de%20pr%C3%B3fugo%20de%20la%20justicia%20por%20delitos%20sexuales%20el%20cual%20fue%20detenido%20por%20Carabineros' aria-hidden='false' data-av_icon='\ue8f3' data-av_iconfont='entypo-fontello' title='' data-avia-related-tooltip='Compartir en Facebook' rel=\"noopener\"><span class='avia_hidden_link_text'>Compartir en Facebook<\/span><\/a><\/li><li class='av-share-link av-social-link-twitter' ><a target=\"_blank\" aria-label=\"Compartir en Twitter\" href='https:\/\/twitter.com\/share?text=A%20solicitud%20de%20la%20Fiscal%C3%ADa%3A%20Tribunal%20control%C3%B3%20la%20detenci%C3%B3n%20de%20pr%C3%B3fugo%20de%20la%20justicia%20por%20delitos%20sexuales%20el%20cual%20fue%20detenido%20por%20Carabineros&#038;url=https:\/\/radiorevelacionfm.cl\/?p=65062' aria-hidden='false' data-av_icon='\ue8f1' data-av_iconfont='entypo-fontello' title='' data-avia-related-tooltip='Compartir en Twitter' rel=\"noopener\"><span class='avia_hidden_link_text'>Compartir en Twitter<\/span><\/a><\/li><li class='av-share-link av-social-link-whatsapp' ><a target=\"_blank\" aria-label=\"Compartir en Whatsapp\" href='https:\/\/api.whatsapp.com\/send?text=https:\/\/radiorevelacionfm.cl\/?p=65062' aria-hidden='false' data-av_icon='\uf232' data-av_iconfont='entypo-fontello' title='' data-avia-related-tooltip='Compartir en Whatsapp' rel=\"noopener\"><span class='avia_hidden_link_text'>Compartir en Whatsapp<\/span><\/a><\/li><li class='av-share-link av-social-link-linkedin' ><a target=\"_blank\" aria-label=\"Compartir en LinkedIn\" href='https:\/\/linkedin.com\/shareArticle?mini=true&#038;title=A%20solicitud%20de%20la%20Fiscal%C3%ADa%3A%20Tribunal%20control%C3%B3%20la%20detenci%C3%B3n%20de%20pr%C3%B3fugo%20de%20la%20justicia%20por%20delitos%20sexuales%20el%20cual%20fue%20detenido%20por%20Carabineros&#038;url=https:\/\/radiorevelacionfm.cl\/?p=65062' aria-hidden='false' data-av_icon='\ue8fc' data-av_iconfont='entypo-fontello' title='' data-avia-related-tooltip='Compartir en LinkedIn' rel=\"noopener\"><span class='avia_hidden_link_text'>Compartir en LinkedIn<\/span><\/a><\/li><li class='av-share-link av-social-link-mail' ><a  aria-label=\"Compartir por correo\" href='mailto:?subject=A%20solicitud%20de%20la%20Fiscal%C3%ADa%3A%20Tribunal%20control%C3%B3%20la%20detenci%C3%B3n%20de%20pr%C3%B3fugo%20de%20la%20justicia%20por%20delitos%20sexuales%20el%20cual%20fue%20detenido%20por%20Carabineros&#038;body=https:\/\/radiorevelacionfm.cl\/?p=65062' aria-hidden='false' data-av_icon='\ue805' data-av_iconfont='entypo-fontello' title='' data-avia-related-tooltip='Compartir por correo'><span class='avia_hidden_link_text'>Compartir por correo<\/span><\/a><\/li><\/ul><\/div><\/div>\n<div  style='height:50px' class='hr hr-invisible   avia-builder-el-8  el_after_av_social_share  el_before_av_comments_list '><span class='hr-inner ' ><span class='hr-inner-style'><\/span><\/span><\/div>\n<div  class='av-buildercomment  av-blog-meta-html-info-disabled av-blog-meta-tag-disabled  '><\/div>\n","protected":false},"excerpt":{"rendered":"","protected":false},"author":1,"featured_media":34413,"comment_status":"closed","ping_status":"closed","sticky":false,"template":"","format":"standard","meta":{"footnotes":""},"categories":[36],"tags":[],"class_list":["post-65062","post","type-post","status-publish","format-standard","has-post-thumbnail","hentry","category-policial"],"jetpack_featured_media_url":"https:\/\/radiorevelacionfm.cl\/wp-content\/uploads\/2023\/08\/fiscalia_chile_chico-1-1_optimized-1.jpg","_links":{"self":[{"href":"https:\/\/radiorevelacionfm.cl\/index.php?rest_route=\/wp\/v2\/posts\/65062","targetHints":{"allow":["GET"]}}],"collection":[{"href":"https:\/\/radiorevelacionfm.cl\/index.php?rest_route=\/wp\/v2\/posts"}],"about":[{"href":"https:\/\/radiorevelacionfm.cl\/index.php?rest_route=\/wp\/v2\/types\/post"}],"author":[{"embeddable":true,"href":"https:\/\/radiorevelacionfm.cl\/index.php?rest_route=\/wp\/v2\/users\/1"}],"replies":[{"embeddable":true,"href":"https:\/\/radiorevelacionfm.cl\/index.php?rest_route=%2Fwp%2Fv2%2Fcomments&post=65062"}],"version-history":[{"count":2,"href":"https:\/\/radiorevelacionfm.cl\/index.php?rest_route=\/wp\/v2\/posts\/65062\/revisions"}],"predecessor-version":[{"id":65064,"href":"https:\/\/radiorevelacionfm.cl\/index.php?rest_route=\/wp\/v2\/posts\/65062\/revisions\/65064"}],"wp:featuredmedia":[{"embeddable":true,"href":"https:\/\/radiorevelacionfm.cl\/index.php?rest_route=\/wp\/v2\/media\/34413"}],"wp:attachment":[{"href":"https:\/\/radiorevelacionfm.cl\/index.php?rest_route=%2Fwp%2Fv2%2Fmedia&parent=65062"}],"wp:term":[{"taxonomy":"category","embeddable":true,"href":"https:\/\/radiorevelacionfm.cl\/index.php?rest_route=%2Fwp%2Fv2%2Fcategories&post=65062"},{"taxonomy":"post_tag","embeddable":true,"href":"https:\/\/radiorevelacionfm.cl\/index.php?rest_route=%2Fwp%2Fv2%2Ftags&post=65062"}],"curies":[{"name":"wp","href":"https:\/\/api.w.org\/{rel}","templated":true}]}}