{"id":65058,"date":"2026-03-13T17:12:04","date_gmt":"2026-03-13T20:12:04","guid":{"rendered":"https:\/\/radiorevelacionfm.cl\/?p=65058"},"modified":"2026-03-13T17:12:04","modified_gmt":"2026-03-13T20:12:04","slug":"municipio-de-coyhaique-destaca-inversion-del-gobierno-regional-para-transformar-ex-escuela-de-lago-pollux-en-centro-comunitario","status":"publish","type":"post","link":"https:\/\/radiorevelacionfm.cl\/?p=65058","title":{"rendered":"Municipio de Coyhaique destaca inversi\u00f3n del Gobierno Regional para transformar ex escuela de Lago Pollux en centro comunitario"},"content":{"rendered":"<div class=\"flex_column av_one_full  flex_column_div av-zero-column-padding first  avia-builder-el-0  el_before_av_one_full  avia-builder-el-first  \" style='border-radius:0px; '><div  class='avia-image-container  av-styling-    avia-builder-el-1  avia-builder-el-no-sibling  avia-align-center '  itemprop=\"image\" itemscope=\"itemscope\" itemtype=\"https:\/\/schema.org\/ImageObject\"  ><div class='avia-image-container-inner'><div class='avia-image-overlay-wrap'><img decoding=\"async\" class='wp-image-65059 avia-img-lazy-loading-not-65059 avia_image' src=\"https:\/\/radiorevelacionfm.cl\/wp-content\/uploads\/2026\/03\/LAGO-POLLUX.jpg-1-1.jpeg\" alt='' title='LAGO POLLUX.jpg (1) (1)' height=\"600\" width=\"1067\"  itemprop=\"thumbnailUrl\" srcset=\"https:\/\/radiorevelacionfm.cl\/wp-content\/uploads\/2026\/03\/LAGO-POLLUX.jpg-1-1.jpeg 1067w, https:\/\/radiorevelacionfm.cl\/wp-content\/uploads\/2026\/03\/LAGO-POLLUX.jpg-1-1-300x169.jpeg 300w, https:\/\/radiorevelacionfm.cl\/wp-content\/uploads\/2026\/03\/LAGO-POLLUX.jpg-1-1-1030x579.jpeg 1030w, https:\/\/radiorevelacionfm.cl\/wp-content\/uploads\/2026\/03\/LAGO-POLLUX.jpg-1-1-768x432.jpeg 768w, https:\/\/radiorevelacionfm.cl\/wp-content\/uploads\/2026\/03\/LAGO-POLLUX.jpg-1-1-705x396.jpeg 705w, https:\/\/radiorevelacionfm.cl\/wp-content\/uploads\/2026\/03\/LAGO-POLLUX.jpg-1-1-450x253.jpeg 450w, https:\/\/radiorevelacionfm.cl\/wp-content\/uploads\/2026\/03\/LAGO-POLLUX.jpg-1-1-600x337.jpeg 600w\" sizes=\"(max-width: 1067px) 100vw, 1067px\" \/><\/div><\/div><\/div><\/div><div class=\"flex_column av_one_full  flex_column_div av-zero-column-padding first  avia-builder-el-2  el_after_av_one_full  el_before_av_one_full  column-top-margin\" style='border-radius:0px; '><section class=\"av_textblock_section \"  itemscope=\"itemscope\" itemtype=\"https:\/\/schema.org\/BlogPosting\" itemprop=\"blogPost\" ><div class='avia_textblock  '   itemprop=\"text\" ><p style=\"text-align: center;\"><span style=\"font-size: 18pt;\"><strong>Municipio de Coyhaique destaca inversi\u00f3n del Gobierno Regional para transformar ex escuela de Lago Pollux en centro comunitario<\/strong><\/span><\/p>\n<div id=\"gtx-trans\" style=\"position: absolute; left: -50px; top: 4.31534px;\">\n<div class=\"gtx-trans-icon\"><\/div>\n<\/div>\n<\/div><\/section><\/div><div class=\"flex_column av_one_full  flex_column_div av-zero-column-padding first  avia-builder-el-4  el_after_av_one_full  el_before_av_hr  column-top-margin\" style='border-radius:0px; '><section class=\"av_textblock_section \"  itemscope=\"itemscope\" itemtype=\"https:\/\/schema.org\/BlogPosting\" itemprop=\"blogPost\" ><div class='avia_textblock  '   itemprop=\"text\" ><p style=\"text-align: justify;\">Un importante avance para las comunidades rurales de la comuna de Coyhaique se concretar\u00e1 en el sector de Lago Pollux, donde la ex escuela del lugar ser\u00e1 recuperada y transformada en un <strong>centro c\u00edvico, cultural y deportivo<\/strong>, devolviendo a la comunidad un espacio que por m\u00e1s de dos d\u00e9cadas permaneci\u00f3 sin uso.<\/p>\n<p style=\"text-align: justify;\">El proyecto contempla una inversi\u00f3n cercana a los <strong>577 millones de pesos<\/strong>, recursos que permitir\u00e1n remodelar completamente la infraestructura para albergar diversas actividades comunitarias, culturales, deportivas y tambi\u00e9n servicios para los vecinos del sector.<\/p>\n<p style=\"text-align: justify;\">Desde la Municipalidad de Coyhaique destacaron la relevancia de esta iniciativa para el desarrollo de los sectores rurales, se\u00f1alando que responde a una demanda hist\u00f3rica de los habitantes del territorio y forma parte del trabajo impulsado por la administraci\u00f3n que lidera el alcalde Carlos Gatica Villegas, orientado a fortalecer la infraestructura comunitaria en distintos puntos de la comuna.<\/p>\n<p style=\"text-align: justify;\">Asimismo, desde el municipio valoraron el financiamiento y apoyo total otorgado por el Gobierno Regional de Ays\u00e9n y su Consejo Regional, destacando el respaldo a iniciativas que permiten mejorar la calidad de vida de los vecinos y vecinas de los sectores rurales de la comuna.<\/p>\n<p style=\"text-align: justify;\">Para los vecinos del sector, el proyecto representa el cumplimiento de una aspiraci\u00f3n que se ha mantenido durante a\u00f1os. As\u00ed lo expres\u00f3 Roberto Espinoza, presidente del Comit\u00e9 Productivo Los Cuatro Lagos.<\/p>\n<p style=\"text-align: justify;\">\u201cTodav\u00eda es un poco dif\u00edcil de creer. Es una emoci\u00f3n grande, porque llevamos muchos a\u00f1os esperando, desde que se cerr\u00f3 este colegio, m\u00e1s de 20 a\u00f1os, que esta infraestructura pudiera volver a servir a la comunidad. Siempre so\u00f1amos con que el Estado pudiera invertir nuevamente aqu\u00ed\u201d, se\u00f1al\u00f3 el dirigente.<\/p>\n<p style=\"text-align: justify;\">Espinoza agreg\u00f3 que la iniciativa tom\u00f3 fuerza tras la visita de autoridades al sector, instancia en la que la comunidad present\u00f3 formalmente su propuesta.<\/p>\n<p style=\"text-align: justify;\">\u201cEsto nace a ra\u00edz de una petici\u00f3n de muchos pobladores hace varios a\u00f1os, pero toma fuerza cuando trajimos a las autoridades hasta ac\u00e1 y pudimos mostrar concretamente lo que necesit\u00e1bamos. La verdad es que recibimos muy buena acogida y nos dio la esperanza de que s\u00ed se podr\u00eda hacer\u201d, explic\u00f3.<\/p>\n<p style=\"text-align: justify;\">El alcalde de Coyhaique, Carlos Gatica Villegas, valor\u00f3 el avance de esta iniciativa que permitir\u00e1 recuperar una infraestructura significativa para la comunidad rural del sector.<\/p>\n<p style=\"text-align: justify;\">\u201cEste es un proyecto muy importante para los vecinos y vecinas de Lago Pollux, porque permite recuperar un espacio que durante muchos a\u00f1os estuvo sin uso y que hoy vuelve a ponerse al servicio de la comunidad. Como municipio creemos firmemente en fortalecer nuestros sectores rurales, generando espacios que promuevan la vida comunitaria, la cultura, el deporte y tambi\u00e9n el acceso a servicios para quienes viven en estos territorios\u201d, se\u00f1al\u00f3 el jefe comunal.<\/p>\n<p style=\"text-align: justify;\">Para la comunidad, el proyecto representa un avance muy esperado. As\u00ed lo manifest\u00f3 Ingrid Espinoza, secretaria de la Junta de Vecinos del sector.<\/p>\n<p style=\"text-align: justify;\">\u201cEs maravilloso. Es lo que est\u00e1bamos esperando hace muchos a\u00f1os y con todos los avances que se hicieron se est\u00e1 logrando lo que tantas personas anhelaron, que esta infraestructura pueda volver a servir como un centro c\u00edvico para toda la organizaci\u00f3n del sector\u201d, expres\u00f3.<\/p>\n<p style=\"text-align: justify;\">Las obras est\u00e1n proyectadas para iniciarse durante el segundo semestre de este a\u00f1o. El siguiente paso corresponde a la firma de los convenios respectivos por parte de la Municipalidad de Coyhaique, lo que permitir\u00e1 iniciar formalmente el proceso administrativo para la ejecuci\u00f3n del proyecto.<\/p>\n<p style=\"text-align: justify;\">De esta manera, el municipio, junto al Gobierno Regional contin\u00faan impulsando iniciativas que <strong>fortalecen la vida comunitaria y el desarrollo de los sectores rurales<\/strong>, por una parte el Gobierno Regional con los proyectos y financiamiento de las iniciativas y el municipio con la implementaci\u00f3n y entrega de herramientas log\u00edsticas para que se vayan recuperando espacios que vuelven a estar al servicio de los vecinos y vecinas de la comuna.<\/p>\n<\/div><\/section><\/div><div  style='height:50px' class='hr hr-invisible   avia-builder-el-6  el_after_av_one_full  el_before_av_social_share '><span class='hr-inner ' ><span class='hr-inner-style'><\/span><\/span><\/div><\/p>\n<div  class='av-social-sharing-box  avia-builder-el-7  el_after_av_hr  el_before_av_hr  '><div class='av-share-box'><h5 class='av-share-link-description av-no-toc '>Compartir esta noticia<\/h5><ul class='av-share-box-list noLightbox'><li class='av-share-link av-social-link-facebook' ><a target=\"_blank\" aria-label=\"Compartir en Facebook\" href='https:\/\/www.facebook.com\/sharer.php?u=https:\/\/radiorevelacionfm.cl\/?p=65058&#038;t=Municipio%20de%20Coyhaique%20destaca%20inversi%C3%B3n%20del%20Gobierno%20Regional%20para%20transformar%20ex%20escuela%20de%20Lago%20Pollux%20en%20centro%20comunitario' aria-hidden='false' data-av_icon='\ue8f3' data-av_iconfont='entypo-fontello' title='' data-avia-related-tooltip='Compartir en Facebook' rel=\"noopener\"><span class='avia_hidden_link_text'>Compartir en Facebook<\/span><\/a><\/li><li class='av-share-link av-social-link-twitter' ><a target=\"_blank\" aria-label=\"Compartir en Twitter\" href='https:\/\/twitter.com\/share?text=Municipio%20de%20Coyhaique%20destaca%20inversi%C3%B3n%20del%20Gobierno%20Regional%20para%20transformar%20ex%20escuela%20de%20Lago%20Pollux%20en%20centro%20comunitario&#038;url=https:\/\/radiorevelacionfm.cl\/?p=65058' aria-hidden='false' data-av_icon='\ue8f1' data-av_iconfont='entypo-fontello' title='' data-avia-related-tooltip='Compartir en Twitter' rel=\"noopener\"><span class='avia_hidden_link_text'>Compartir en Twitter<\/span><\/a><\/li><li class='av-share-link av-social-link-whatsapp' ><a target=\"_blank\" aria-label=\"Compartir en Whatsapp\" href='https:\/\/api.whatsapp.com\/send?text=https:\/\/radiorevelacionfm.cl\/?p=65058' aria-hidden='false' data-av_icon='\uf232' data-av_iconfont='entypo-fontello' title='' data-avia-related-tooltip='Compartir en Whatsapp' rel=\"noopener\"><span class='avia_hidden_link_text'>Compartir en Whatsapp<\/span><\/a><\/li><li class='av-share-link av-social-link-linkedin' ><a target=\"_blank\" aria-label=\"Compartir en LinkedIn\" href='https:\/\/linkedin.com\/shareArticle?mini=true&#038;title=Municipio%20de%20Coyhaique%20destaca%20inversi%C3%B3n%20del%20Gobierno%20Regional%20para%20transformar%20ex%20escuela%20de%20Lago%20Pollux%20en%20centro%20comunitario&#038;url=https:\/\/radiorevelacionfm.cl\/?p=65058' aria-hidden='false' data-av_icon='\ue8fc' data-av_iconfont='entypo-fontello' title='' data-avia-related-tooltip='Compartir en LinkedIn' rel=\"noopener\"><span class='avia_hidden_link_text'>Compartir en LinkedIn<\/span><\/a><\/li><li class='av-share-link av-social-link-mail' ><a  aria-label=\"Compartir por correo\" href='mailto:?subject=Municipio%20de%20Coyhaique%20destaca%20inversi%C3%B3n%20del%20Gobierno%20Regional%20para%20transformar%20ex%20escuela%20de%20Lago%20Pollux%20en%20centro%20comunitario&#038;body=https:\/\/radiorevelacionfm.cl\/?p=65058' aria-hidden='false' data-av_icon='\ue805' data-av_iconfont='entypo-fontello' title='' data-avia-related-tooltip='Compartir por correo'><span class='avia_hidden_link_text'>Compartir por correo<\/span><\/a><\/li><\/ul><\/div><\/div>\n<div  style='height:50px' class='hr hr-invisible   avia-builder-el-8  el_after_av_social_share  el_before_av_comments_list '><span class='hr-inner ' ><span class='hr-inner-style'><\/span><\/span><\/div>\n<div  class='av-buildercomment  av-blog-meta-html-info-disabled av-blog-meta-tag-disabled  '><\/div>\n","protected":false},"excerpt":{"rendered":"","protected":false},"author":1,"featured_media":65059,"comment_status":"closed","ping_status":"closed","sticky":false,"template":"","format":"standard","meta":{"footnotes":""},"categories":[38],"tags":[],"class_list":["post-65058","post","type-post","status-publish","format-standard","has-post-thumbnail","hentry","category-regional"],"jetpack_featured_media_url":"https:\/\/radiorevelacionfm.cl\/wp-content\/uploads\/2026\/03\/LAGO-POLLUX.jpg-1-1.jpeg","_links":{"self":[{"href":"https:\/\/radiorevelacionfm.cl\/index.php?rest_route=\/wp\/v2\/posts\/65058","targetHints":{"allow":["GET"]}}],"collection":[{"href":"https:\/\/radiorevelacionfm.cl\/index.php?rest_route=\/wp\/v2\/posts"}],"about":[{"href":"https:\/\/radiorevelacionfm.cl\/index.php?rest_route=\/wp\/v2\/types\/post"}],"author":[{"embeddable":true,"href":"https:\/\/radiorevelacionfm.cl\/index.php?rest_route=\/wp\/v2\/users\/1"}],"replies":[{"embeddable":true,"href":"https:\/\/radiorevelacionfm.cl\/index.php?rest_route=%2Fwp%2Fv2%2Fcomments&post=65058"}],"version-history":[{"count":2,"href":"https:\/\/radiorevelacionfm.cl\/index.php?rest_route=\/wp\/v2\/posts\/65058\/revisions"}],"predecessor-version":[{"id":65061,"href":"https:\/\/radiorevelacionfm.cl\/index.php?rest_route=\/wp\/v2\/posts\/65058\/revisions\/65061"}],"wp:featuredmedia":[{"embeddable":true,"href":"https:\/\/radiorevelacionfm.cl\/index.php?rest_route=\/wp\/v2\/media\/65059"}],"wp:attachment":[{"href":"https:\/\/radiorevelacionfm.cl\/index.php?rest_route=%2Fwp%2Fv2%2Fmedia&parent=65058"}],"wp:term":[{"taxonomy":"category","embeddable":true,"href":"https:\/\/radiorevelacionfm.cl\/index.php?rest_route=%2Fwp%2Fv2%2Fcategories&post=65058"},{"taxonomy":"post_tag","embeddable":true,"href":"https:\/\/radiorevelacionfm.cl\/index.php?rest_route=%2Fwp%2Fv2%2Ftags&post=65058"}],"curies":[{"name":"wp","href":"https:\/\/api.w.org\/{rel}","templated":true}]}}