{"id":65054,"date":"2026-03-13T15:50:50","date_gmt":"2026-03-13T18:50:50","guid":{"rendered":"https:\/\/radiorevelacionfm.cl\/?p=65054"},"modified":"2026-03-13T15:50:50","modified_gmt":"2026-03-13T18:50:50","slug":"servicio-de-salud-aysen-realiza-primer-encuentro-regional-de-participacion-social","status":"publish","type":"post","link":"https:\/\/radiorevelacionfm.cl\/?p=65054","title":{"rendered":"Servicio de Salud Ays\u00e9n realiza Primer Encuentro Regional de Participaci\u00f3n Social"},"content":{"rendered":"<div class=\"flex_column av_one_full  flex_column_div av-zero-column-padding first  avia-builder-el-0  el_before_av_one_full  avia-builder-el-first  \" style='border-radius:0px; '><div  class='avia-image-container  av-styling-    avia-builder-el-1  avia-builder-el-no-sibling  avia-align-center '  itemprop=\"image\" itemscope=\"itemscope\" itemtype=\"https:\/\/schema.org\/ImageObject\"  ><div class='avia-image-container-inner'><div class='avia-image-overlay-wrap'><img decoding=\"async\" class='wp-image-65055 avia-img-lazy-loading-not-65055 avia_image' src=\"https:\/\/radiorevelacionfm.cl\/wp-content\/uploads\/2026\/03\/Primer-Encuentro-Regional-de-Participacion-Social-2-1-1.jpeg\" alt='' title='Primer Encuentro Regional de Participaci\u00f3n Social 2 (1) (1)' height=\"600\" width=\"901\"  itemprop=\"thumbnailUrl\" srcset=\"https:\/\/radiorevelacionfm.cl\/wp-content\/uploads\/2026\/03\/Primer-Encuentro-Regional-de-Participacion-Social-2-1-1.jpeg 901w, https:\/\/radiorevelacionfm.cl\/wp-content\/uploads\/2026\/03\/Primer-Encuentro-Regional-de-Participacion-Social-2-1-1-300x200.jpeg 300w, https:\/\/radiorevelacionfm.cl\/wp-content\/uploads\/2026\/03\/Primer-Encuentro-Regional-de-Participacion-Social-2-1-1-768x511.jpeg 768w, https:\/\/radiorevelacionfm.cl\/wp-content\/uploads\/2026\/03\/Primer-Encuentro-Regional-de-Participacion-Social-2-1-1-705x469.jpeg 705w, https:\/\/radiorevelacionfm.cl\/wp-content\/uploads\/2026\/03\/Primer-Encuentro-Regional-de-Participacion-Social-2-1-1-450x300.jpeg 450w, https:\/\/radiorevelacionfm.cl\/wp-content\/uploads\/2026\/03\/Primer-Encuentro-Regional-de-Participacion-Social-2-1-1-600x400.jpeg 600w\" sizes=\"(max-width: 901px) 100vw, 901px\" \/><\/div><\/div><\/div><\/div><div class=\"flex_column av_one_full  flex_column_div av-zero-column-padding first  avia-builder-el-2  el_after_av_one_full  el_before_av_one_full  column-top-margin\" style='border-radius:0px; '><section class=\"av_textblock_section \"  itemscope=\"itemscope\" itemtype=\"https:\/\/schema.org\/BlogPosting\" itemprop=\"blogPost\" ><div class='avia_textblock  '   itemprop=\"text\" ><p style=\"text-align: center;\"><span style=\"font-size: 18pt;\"><b><span lang=\"ES-MX\">Servicio de Salud Ays\u00e9n realiza Primer Encuentro Regional de Participaci\u00f3n Social<\/span><\/b><\/span><\/p>\n<div id=\"gtx-trans\" style=\"position: absolute; left: -50px; top: 4.31534px;\">\n<div class=\"gtx-trans-icon\"><\/div>\n<\/div>\n<\/div><\/section><\/div><div class=\"flex_column av_one_full  flex_column_div av-zero-column-padding first  avia-builder-el-4  el_after_av_one_full  el_before_av_hr  column-top-margin\" style='border-radius:0px; '><section class=\"av_textblock_section \"  itemscope=\"itemscope\" itemtype=\"https:\/\/schema.org\/BlogPosting\" itemprop=\"blogPost\" ><div class='avia_textblock  '   itemprop=\"text\" ><p style=\"font-weight: 400; text-align: justify;\">Con el objetivo de fortalecer el v\u00ednculo con la comunidad y entregar informaci\u00f3n de la red asistencial del Servicio de Salud Ays\u00e9n, se llev\u00f3 a cabo el Primer Encuentro Regional de Participaci\u00f3n Social en Salud 2026, instancia que se desarroll\u00f3 de manera presencial y virtual y que reuni\u00f3 a dirigentes sociales, representantes de organizaciones comunitarias, gremios de la salud y funcionarios de la red.<\/p>\n<p style=\"font-weight: 400; text-align: justify;\">Durante la jornada se abord\u00f3 el funcionamiento del Servicio de Atenci\u00f3n M\u00e9dica de Urgencia (SAMU) en la regi\u00f3n, su rol dentro de la red asistencial y los protocolos de activaci\u00f3n frente a emergencias, generando adem\u00e1s un espacio para resolver consultas y compartir informaci\u00f3n relevante con la comunidad.<\/p>\n<p style=\"font-weight: 400; text-align: justify;\">\u201cYo soy una eterna agradecida del SAMU por la atenci\u00f3n muy r\u00e1pida y eficaz que siempre han tenido. Para nosotros, como comunidad, ser\u00eda muy valioso mantener una capacitaci\u00f3n continua, porque todos los d\u00edas aprendemos algo diferente. Y como avanza tan r\u00e1pido la ciencia y la tecnolog\u00eda, con mayor raz\u00f3n necesitamos estar capacitadas como usuarias del hospital\u201d, dijo Margarita Arismendi Navarrete, participante del Consejo de Desarrollo del Hospital Regional Coyhaique.<\/p>\n<p style=\"font-weight: 400; text-align: justify;\">La actividad permiti\u00f3 fortalecer los espacios de di\u00e1logo entre la comunidad y la red de salud, contribuyendo a una mayor comprensi\u00f3n del funcionamiento de los dispositivos de urgencia y del trabajo que realizan los equipos de salud en el territorio.<\/p>\n<p style=\"font-weight: 400; text-align: justify;\">\u201cLa capacitaci\u00f3n fue excelente, porque es importante estar informados. A veces uno act\u00faa sin informaci\u00f3n, lo que produce confusi\u00f3n y malentendidos, y al final eso puede afectar el servicio que se entrega por desconocer c\u00f3mo funciona. As\u00ed que es important\u00edsimo\u201d, se\u00f1al\u00f3 Margarita Estela Riffo Garay, del Taller de Adulto Mayor Eterna Primavera.<\/p>\n<p style=\"font-weight: 400; text-align: justify;\">Desde el Servicio de Salud Ays\u00e9n, destacaron la importancia de continuar promoviendo instancias de participaci\u00f3n social que permitan acercar la informaci\u00f3n a la comunidad y fortalecer el trabajo colaborativo con las organizaciones sociales de la regi\u00f3n.<\/p>\n<p style=\"font-weight: 400; text-align: justify;\">\u201cPara abril tenemos contemplado mostrar c\u00f3mo se conforma la agenda de los equipos de salud, para que la comunidad pueda comprender por qu\u00e9 se asigna determinado tiempo a cada prestaci\u00f3n o por qu\u00e9 existen espacios destinados a la gesti\u00f3n administrativa. Tambi\u00e9n explicaremos bajo qu\u00e9 criterios o razones se toman estas decisiones\u201d, manifest\u00f3 Carmen Su\u00e1rez Monsalve, encargada del Subdepartamento de Participaci\u00f3n Social y OIRS del Servicio de Salud Ays\u00e9n.<\/p>\n<p style=\"font-weight: 400; text-align: justify;\">Este tipo de encuentros forma parte de las estrategias impulsadas por la Red Asistencial, para promover la participaci\u00f3n social en salud, fortalecer la comunicaci\u00f3n con la comunidad y contribuir a una red asistencial m\u00e1s cercana y resolutiva.<\/p>\n<p style=\"font-weight: 400; text-align: justify;\">El pr\u00f3ximo encuentro se realizar\u00e1 en abril, instancia que permitir\u00e1 seguir entregando informaci\u00f3n y fortaleciendo las capacidades de la comunidad en diversos temas relacionados con el funcionamiento de la red asistencial y sus dispositivos de salud.<\/p>\n<\/div><\/section><\/div><div  style='height:50px' class='hr hr-invisible   avia-builder-el-6  el_after_av_one_full  el_before_av_social_share '><span class='hr-inner ' ><span class='hr-inner-style'><\/span><\/span><\/div><\/p>\n<div  class='av-social-sharing-box  avia-builder-el-7  el_after_av_hr  el_before_av_hr  '><div class='av-share-box'><h5 class='av-share-link-description av-no-toc '>Compartir esta noticia<\/h5><ul class='av-share-box-list noLightbox'><li class='av-share-link av-social-link-facebook' ><a target=\"_blank\" aria-label=\"Compartir en Facebook\" href='https:\/\/www.facebook.com\/sharer.php?u=https:\/\/radiorevelacionfm.cl\/?p=65054&#038;t=Servicio%20de%20Salud%20Ays%C3%A9n%20realiza%20Primer%20Encuentro%20Regional%20de%20Participaci%C3%B3n%20Social' aria-hidden='false' data-av_icon='\ue8f3' data-av_iconfont='entypo-fontello' title='' data-avia-related-tooltip='Compartir en Facebook' rel=\"noopener\"><span class='avia_hidden_link_text'>Compartir en Facebook<\/span><\/a><\/li><li class='av-share-link av-social-link-twitter' ><a target=\"_blank\" aria-label=\"Compartir en Twitter\" href='https:\/\/twitter.com\/share?text=Servicio%20de%20Salud%20Ays%C3%A9n%20realiza%20Primer%20Encuentro%20Regional%20de%20Participaci%C3%B3n%20Social&#038;url=https:\/\/radiorevelacionfm.cl\/?p=65054' aria-hidden='false' data-av_icon='\ue8f1' data-av_iconfont='entypo-fontello' title='' data-avia-related-tooltip='Compartir en Twitter' rel=\"noopener\"><span class='avia_hidden_link_text'>Compartir en Twitter<\/span><\/a><\/li><li class='av-share-link av-social-link-whatsapp' ><a target=\"_blank\" aria-label=\"Compartir en Whatsapp\" href='https:\/\/api.whatsapp.com\/send?text=https:\/\/radiorevelacionfm.cl\/?p=65054' aria-hidden='false' data-av_icon='\uf232' data-av_iconfont='entypo-fontello' title='' data-avia-related-tooltip='Compartir en Whatsapp' rel=\"noopener\"><span class='avia_hidden_link_text'>Compartir en Whatsapp<\/span><\/a><\/li><li class='av-share-link av-social-link-linkedin' ><a target=\"_blank\" aria-label=\"Compartir en LinkedIn\" href='https:\/\/linkedin.com\/shareArticle?mini=true&#038;title=Servicio%20de%20Salud%20Ays%C3%A9n%20realiza%20Primer%20Encuentro%20Regional%20de%20Participaci%C3%B3n%20Social&#038;url=https:\/\/radiorevelacionfm.cl\/?p=65054' aria-hidden='false' data-av_icon='\ue8fc' data-av_iconfont='entypo-fontello' title='' data-avia-related-tooltip='Compartir en LinkedIn' rel=\"noopener\"><span class='avia_hidden_link_text'>Compartir en LinkedIn<\/span><\/a><\/li><li class='av-share-link av-social-link-mail' ><a  aria-label=\"Compartir por correo\" href='mailto:?subject=Servicio%20de%20Salud%20Ays%C3%A9n%20realiza%20Primer%20Encuentro%20Regional%20de%20Participaci%C3%B3n%20Social&#038;body=https:\/\/radiorevelacionfm.cl\/?p=65054' aria-hidden='false' data-av_icon='\ue805' data-av_iconfont='entypo-fontello' title='' data-avia-related-tooltip='Compartir por correo'><span class='avia_hidden_link_text'>Compartir por correo<\/span><\/a><\/li><\/ul><\/div><\/div>\n<div  style='height:50px' class='hr hr-invisible   avia-builder-el-8  el_after_av_social_share  el_before_av_comments_list '><span class='hr-inner ' ><span class='hr-inner-style'><\/span><\/span><\/div>\n<div  class='av-buildercomment  av-blog-meta-html-info-disabled av-blog-meta-tag-disabled  '><\/div>\n","protected":false},"excerpt":{"rendered":"","protected":false},"author":1,"featured_media":65055,"comment_status":"closed","ping_status":"closed","sticky":false,"template":"","format":"standard","meta":{"footnotes":""},"categories":[46],"tags":[],"class_list":["post-65054","post","type-post","status-publish","format-standard","has-post-thumbnail","hentry","category-salud"],"jetpack_featured_media_url":"https:\/\/radiorevelacionfm.cl\/wp-content\/uploads\/2026\/03\/Primer-Encuentro-Regional-de-Participacion-Social-2-1-1.jpeg","_links":{"self":[{"href":"https:\/\/radiorevelacionfm.cl\/index.php?rest_route=\/wp\/v2\/posts\/65054","targetHints":{"allow":["GET"]}}],"collection":[{"href":"https:\/\/radiorevelacionfm.cl\/index.php?rest_route=\/wp\/v2\/posts"}],"about":[{"href":"https:\/\/radiorevelacionfm.cl\/index.php?rest_route=\/wp\/v2\/types\/post"}],"author":[{"embeddable":true,"href":"https:\/\/radiorevelacionfm.cl\/index.php?rest_route=\/wp\/v2\/users\/1"}],"replies":[{"embeddable":true,"href":"https:\/\/radiorevelacionfm.cl\/index.php?rest_route=%2Fwp%2Fv2%2Fcomments&post=65054"}],"version-history":[{"count":2,"href":"https:\/\/radiorevelacionfm.cl\/index.php?rest_route=\/wp\/v2\/posts\/65054\/revisions"}],"predecessor-version":[{"id":65057,"href":"https:\/\/radiorevelacionfm.cl\/index.php?rest_route=\/wp\/v2\/posts\/65054\/revisions\/65057"}],"wp:featuredmedia":[{"embeddable":true,"href":"https:\/\/radiorevelacionfm.cl\/index.php?rest_route=\/wp\/v2\/media\/65055"}],"wp:attachment":[{"href":"https:\/\/radiorevelacionfm.cl\/index.php?rest_route=%2Fwp%2Fv2%2Fmedia&parent=65054"}],"wp:term":[{"taxonomy":"category","embeddable":true,"href":"https:\/\/radiorevelacionfm.cl\/index.php?rest_route=%2Fwp%2Fv2%2Fcategories&post=65054"},{"taxonomy":"post_tag","embeddable":true,"href":"https:\/\/radiorevelacionfm.cl\/index.php?rest_route=%2Fwp%2Fv2%2Ftags&post=65054"}],"curies":[{"name":"wp","href":"https:\/\/api.w.org\/{rel}","templated":true}]}}