{"id":65049,"date":"2026-03-13T13:14:11","date_gmt":"2026-03-13T16:14:11","guid":{"rendered":"https:\/\/radiorevelacionfm.cl\/?p=65049"},"modified":"2026-03-13T13:14:11","modified_gmt":"2026-03-13T16:14:11","slug":"comienza-la-segunda-etapa-de-la-comision-centenario-de-coyhaique-con-foco-en-el-seguimiento-y-ejecucion-de-obras","status":"publish","type":"post","link":"https:\/\/radiorevelacionfm.cl\/?p=65049","title":{"rendered":"Comienza la segunda etapa de la Comisi\u00f3n Centenario de Coyhaique con foco en el seguimiento y ejecuci\u00f3n de obras"},"content":{"rendered":"<div class=\"flex_column av_one_full  flex_column_div av-zero-column-padding first  avia-builder-el-0  el_before_av_one_full  avia-builder-el-first  \" style='border-radius:0px; '><div  class='avia-image-container  av-styling-    avia-builder-el-1  avia-builder-el-no-sibling  avia-align-center '  itemprop=\"image\" itemscope=\"itemscope\" itemtype=\"https:\/\/schema.org\/ImageObject\"  ><div class='avia-image-container-inner'><div class='avia-image-overlay-wrap'><img decoding=\"async\" class='wp-image-65050 avia-img-lazy-loading-not-65050 avia_image' src=\"https:\/\/radiorevelacionfm.cl\/wp-content\/uploads\/2026\/03\/COMISIOiN-CENTENARIO-2-1-1.jpeg\" alt='' title='COMISIO\u00ecN CENTENARIO 2 (1) (1)' height=\"600\" width=\"800\"  itemprop=\"thumbnailUrl\" srcset=\"https:\/\/radiorevelacionfm.cl\/wp-content\/uploads\/2026\/03\/COMISIOiN-CENTENARIO-2-1-1.jpeg 800w, https:\/\/radiorevelacionfm.cl\/wp-content\/uploads\/2026\/03\/COMISIOiN-CENTENARIO-2-1-1-300x225.jpeg 300w, https:\/\/radiorevelacionfm.cl\/wp-content\/uploads\/2026\/03\/COMISIOiN-CENTENARIO-2-1-1-768x576.jpeg 768w, https:\/\/radiorevelacionfm.cl\/wp-content\/uploads\/2026\/03\/COMISIOiN-CENTENARIO-2-1-1-705x529.jpeg 705w, https:\/\/radiorevelacionfm.cl\/wp-content\/uploads\/2026\/03\/COMISIOiN-CENTENARIO-2-1-1-450x338.jpeg 450w, https:\/\/radiorevelacionfm.cl\/wp-content\/uploads\/2026\/03\/COMISIOiN-CENTENARIO-2-1-1-600x450.jpeg 600w\" sizes=\"(max-width: 800px) 100vw, 800px\" \/><\/div><\/div><\/div><\/div><div class=\"flex_column av_one_full  flex_column_div av-zero-column-padding first  avia-builder-el-2  el_after_av_one_full  el_before_av_one_full  column-top-margin\" style='border-radius:0px; '><section class=\"av_textblock_section \"  itemscope=\"itemscope\" itemtype=\"https:\/\/schema.org\/BlogPosting\" itemprop=\"blogPost\" ><div class='avia_textblock  '   itemprop=\"text\" ><p style=\"text-align: center;\"><span style=\"font-size: 18pt;\"><strong>Comienza la segunda etapa de la Comisi\u00f3n Centenario de Coyhaique con foco en el seguimiento y ejecuci\u00f3n de obras<\/strong><\/span><\/p>\n<div id=\"gtx-trans\" style=\"position: absolute; left: -50px; top: 4.31534px;\">\n<div class=\"gtx-trans-icon\"><\/div>\n<\/div>\n<\/div><\/section><\/div><div class=\"flex_column av_one_full  flex_column_div av-zero-column-padding first  avia-builder-el-4  el_after_av_one_full  el_before_av_hr  column-top-margin\" style='border-radius:0px; '><section class=\"av_textblock_section \"  itemscope=\"itemscope\" itemtype=\"https:\/\/schema.org\/BlogPosting\" itemprop=\"blogPost\" ><div class='avia_textblock  '   itemprop=\"text\" ><p style=\"text-align: justify;\">Con el objetivo de seguir avanzando en la planificaci\u00f3n de iniciativas y proyectos que marcar\u00e1n la conmemoraci\u00f3n de los 100 a\u00f1os de la comuna, el municipio de Coyhaique anunci\u00f3 el inicio de una nueva etapa de trabajo de la Comisi\u00f3n Centenario, instancia impulsada por la administraci\u00f3n del alcalde Carlos Gatica Villegas y que re\u00fane a representantes del mundo p\u00fablico, acad\u00e9mico, privado y de la sociedad civil.<\/p>\n<p style=\"text-align: justify;\">La comisi\u00f3n tiene como misi\u00f3n proyectar el desarrollo de la capital regional hacia el a\u00f1o 2029, fecha en que la comuna celebrar\u00e1 su centenario, trabajando en la definici\u00f3n de iniciativas y obras que puedan transformarse en un legado para las futuras generaciones.<\/p>\n<p style=\"text-align: justify;\"><strong>Ajustes en la integraci\u00f3n de la comisi\u00f3n<\/strong><\/p>\n<p style=\"text-align: justify;\">En el marco de este nuevo periodo de trabajo, se han realizado algunos ajustes en su composici\u00f3n, con el objetivo de incorporar nuevas miradas y fortalecer el trabajo colaborativo que se ha venido desarrollando.<\/p>\n<p style=\"text-align: justify;\">En este contexto, se retiraron de la instancia <strong>Mar\u00eda Elena As\u00ed, Daissy Mondelo Duhalde y H\u00e9ctor Canales<\/strong>, quienes participaron activamente en la primera etapa de la comisi\u00f3n aportando con su experiencia y visi\u00f3n para la construcci\u00f3n de propuestas orientadas al desarrollo de Coyhaique.<\/p>\n<p style=\"text-align: justify;\">Desde el municipio se destac\u00f3 y agradeci\u00f3 el compromiso y el trabajo realizado por cada uno de ellos durante el periodo inicial de funcionamiento de la comisi\u00f3n.<\/p>\n<p style=\"text-align: justify;\"><strong>Nuevos integrantes<\/strong><\/p>\n<p style=\"text-align: justify;\">Junto con ello, se inform\u00f3 la incorporaci\u00f3n de nuevos representantes del \u00e1mbito acad\u00e9mico, cient\u00edfico y del sector productivo, quienes se suman para continuar fortaleciendo este proceso de planificaci\u00f3n.<\/p>\n<p style=\"text-align: justify;\">Entre quienes se integran a la comisi\u00f3n destacan:<\/p>\n<ul style=\"text-align: justify;\">\n<li>Andr\u00e9s Foessel, directora del Centro de Investigaci\u00f3n en Ecosistemas de la Patagonia (CIEP).<\/li>\n<li>V\u00edctor Cubillos, rector de la Universidad de Ays\u00e9n.<\/li>\n<li>Benito Hernando, representante del comercio local y directivo de la Corporaci\u00f3n de Desarrollo Econ\u00f3mico Municipal de Coyhaique.<\/li>\n<\/ul>\n<p style=\"text-align: justify;\">La incorporaci\u00f3n de estos nuevos actores busca reforzar la mirada estrat\u00e9gica de la comisi\u00f3n, sumando perspectivas vinculadas al desarrollo econ\u00f3mico, la investigaci\u00f3n, la educaci\u00f3n superior y la planificaci\u00f3n territorial.<\/p>\n<p style=\"text-align: justify;\"><strong>Proyecci\u00f3n hacia el centenario<\/strong><\/p>\n<p style=\"text-align: justify;\">El Alcalde de Coyhaique, Carlos Gatica, destac\u00f3 que \u201cla Comisi\u00f3n Centenario continuar\u00e1 trabajando durante los pr\u00f3ximos a\u00f1os en la identificaci\u00f3n y priorizaci\u00f3n de proyectos que puedan transformarse en hitos para la ciudad, impulsando iniciativas en \u00e1mbitos como infraestructura, cultura, deporte, desarrollo urbano y sostenibilidad\u201d.<\/p>\n<p style=\"text-align: justify;\">Asimismo, Gatica valor\u00f3 \u201cel compromiso de quienes han formado parte de este proceso desde su inicio, se\u00f1alando que el centenario de Coyhaique representa una oportunidad hist\u00f3rica para proyectar el futuro de la comuna con una mirada de largo plazo, construida de manera participativa y con el aporte de diversos sectores de la comunidad.<\/p>\n<p style=\"text-align: justify;\">El trabajo de la comisi\u00f3n seguir\u00e1 desarroll\u00e1ndose a trav\u00e9s de distintas instancias de di\u00e1logo y planificaci\u00f3n, buscando consolidar un conjunto de proyectos que acompa\u00f1en la celebraci\u00f3n de los 100 a\u00f1os de Coyhaique y que se transformen en un legado para las pr\u00f3ximas generaciones de la comuna.<\/p>\n<\/div><\/section><\/div><div  style='height:50px' class='hr hr-invisible   avia-builder-el-6  el_after_av_one_full  el_before_av_social_share '><span class='hr-inner ' ><span class='hr-inner-style'><\/span><\/span><\/div><\/p>\n<div  class='av-social-sharing-box  avia-builder-el-7  el_after_av_hr  el_before_av_hr  '><div class='av-share-box'><h5 class='av-share-link-description av-no-toc '>Compartir esta noticia<\/h5><ul class='av-share-box-list noLightbox'><li class='av-share-link av-social-link-facebook' ><a target=\"_blank\" aria-label=\"Compartir en Facebook\" href='https:\/\/www.facebook.com\/sharer.php?u=https:\/\/radiorevelacionfm.cl\/?p=65049&#038;t=Comienza%20la%20segunda%20etapa%20de%20la%20Comisi%C3%B3n%20Centenario%20de%20Coyhaique%20con%20foco%20en%20el%20seguimiento%20y%20ejecuci%C3%B3n%20de%20obras' aria-hidden='false' data-av_icon='\ue8f3' data-av_iconfont='entypo-fontello' title='' data-avia-related-tooltip='Compartir en Facebook' rel=\"noopener\"><span class='avia_hidden_link_text'>Compartir en Facebook<\/span><\/a><\/li><li class='av-share-link av-social-link-twitter' ><a target=\"_blank\" aria-label=\"Compartir en Twitter\" href='https:\/\/twitter.com\/share?text=Comienza%20la%20segunda%20etapa%20de%20la%20Comisi%C3%B3n%20Centenario%20de%20Coyhaique%20con%20foco%20en%20el%20seguimiento%20y%20ejecuci%C3%B3n%20de%20obras&#038;url=https:\/\/radiorevelacionfm.cl\/?p=65049' aria-hidden='false' data-av_icon='\ue8f1' data-av_iconfont='entypo-fontello' title='' data-avia-related-tooltip='Compartir en Twitter' rel=\"noopener\"><span class='avia_hidden_link_text'>Compartir en Twitter<\/span><\/a><\/li><li class='av-share-link av-social-link-whatsapp' ><a target=\"_blank\" aria-label=\"Compartir en Whatsapp\" href='https:\/\/api.whatsapp.com\/send?text=https:\/\/radiorevelacionfm.cl\/?p=65049' aria-hidden='false' data-av_icon='\uf232' data-av_iconfont='entypo-fontello' title='' data-avia-related-tooltip='Compartir en Whatsapp' rel=\"noopener\"><span class='avia_hidden_link_text'>Compartir en Whatsapp<\/span><\/a><\/li><li class='av-share-link av-social-link-linkedin' ><a target=\"_blank\" aria-label=\"Compartir en LinkedIn\" href='https:\/\/linkedin.com\/shareArticle?mini=true&#038;title=Comienza%20la%20segunda%20etapa%20de%20la%20Comisi%C3%B3n%20Centenario%20de%20Coyhaique%20con%20foco%20en%20el%20seguimiento%20y%20ejecuci%C3%B3n%20de%20obras&#038;url=https:\/\/radiorevelacionfm.cl\/?p=65049' aria-hidden='false' data-av_icon='\ue8fc' data-av_iconfont='entypo-fontello' title='' data-avia-related-tooltip='Compartir en LinkedIn' rel=\"noopener\"><span class='avia_hidden_link_text'>Compartir en LinkedIn<\/span><\/a><\/li><li class='av-share-link av-social-link-mail' ><a  aria-label=\"Compartir por correo\" href='mailto:?subject=Comienza%20la%20segunda%20etapa%20de%20la%20Comisi%C3%B3n%20Centenario%20de%20Coyhaique%20con%20foco%20en%20el%20seguimiento%20y%20ejecuci%C3%B3n%20de%20obras&#038;body=https:\/\/radiorevelacionfm.cl\/?p=65049' aria-hidden='false' data-av_icon='\ue805' data-av_iconfont='entypo-fontello' title='' data-avia-related-tooltip='Compartir por correo'><span class='avia_hidden_link_text'>Compartir por correo<\/span><\/a><\/li><\/ul><\/div><\/div>\n<div  style='height:50px' class='hr hr-invisible   avia-builder-el-8  el_after_av_social_share  el_before_av_comments_list '><span class='hr-inner ' ><span class='hr-inner-style'><\/span><\/span><\/div>\n<div  class='av-buildercomment  av-blog-meta-html-info-disabled av-blog-meta-tag-disabled  '><\/div>\n","protected":false},"excerpt":{"rendered":"","protected":false},"author":1,"featured_media":65050,"comment_status":"closed","ping_status":"closed","sticky":false,"template":"","format":"standard","meta":{"footnotes":""},"categories":[38],"tags":[],"class_list":["post-65049","post","type-post","status-publish","format-standard","has-post-thumbnail","hentry","category-regional"],"jetpack_featured_media_url":"https:\/\/radiorevelacionfm.cl\/wp-content\/uploads\/2026\/03\/COMISIOiN-CENTENARIO-2-1-1.jpeg","_links":{"self":[{"href":"https:\/\/radiorevelacionfm.cl\/index.php?rest_route=\/wp\/v2\/posts\/65049","targetHints":{"allow":["GET"]}}],"collection":[{"href":"https:\/\/radiorevelacionfm.cl\/index.php?rest_route=\/wp\/v2\/posts"}],"about":[{"href":"https:\/\/radiorevelacionfm.cl\/index.php?rest_route=\/wp\/v2\/types\/post"}],"author":[{"embeddable":true,"href":"https:\/\/radiorevelacionfm.cl\/index.php?rest_route=\/wp\/v2\/users\/1"}],"replies":[{"embeddable":true,"href":"https:\/\/radiorevelacionfm.cl\/index.php?rest_route=%2Fwp%2Fv2%2Fcomments&post=65049"}],"version-history":[{"count":2,"href":"https:\/\/radiorevelacionfm.cl\/index.php?rest_route=\/wp\/v2\/posts\/65049\/revisions"}],"predecessor-version":[{"id":65053,"href":"https:\/\/radiorevelacionfm.cl\/index.php?rest_route=\/wp\/v2\/posts\/65049\/revisions\/65053"}],"wp:featuredmedia":[{"embeddable":true,"href":"https:\/\/radiorevelacionfm.cl\/index.php?rest_route=\/wp\/v2\/media\/65050"}],"wp:attachment":[{"href":"https:\/\/radiorevelacionfm.cl\/index.php?rest_route=%2Fwp%2Fv2%2Fmedia&parent=65049"}],"wp:term":[{"taxonomy":"category","embeddable":true,"href":"https:\/\/radiorevelacionfm.cl\/index.php?rest_route=%2Fwp%2Fv2%2Fcategories&post=65049"},{"taxonomy":"post_tag","embeddable":true,"href":"https:\/\/radiorevelacionfm.cl\/index.php?rest_route=%2Fwp%2Fv2%2Ftags&post=65049"}],"curies":[{"name":"wp","href":"https:\/\/api.w.org\/{rel}","templated":true}]}}