{"id":65041,"date":"2026-03-12T18:48:57","date_gmt":"2026-03-12T21:48:57","guid":{"rendered":"https:\/\/radiorevelacionfm.cl\/?p=65041"},"modified":"2026-03-12T18:48:57","modified_gmt":"2026-03-12T21:48:57","slug":"junaeb-entrega-utiles-escolares-a-14-117-estudiantes-de-la-region-de-aysen","status":"publish","type":"post","link":"https:\/\/radiorevelacionfm.cl\/?p=65041","title":{"rendered":"JUNAEB entrega \u00fatiles escolares a 14.117 estudiantes de la regi\u00f3n de Ays\u00e9n"},"content":{"rendered":"<div class=\"flex_column av_one_full  flex_column_div av-zero-column-padding first  avia-builder-el-0  el_before_av_one_full  avia-builder-el-first  \" style='border-radius:0px; '><div  class='avia-image-container  av-styling-    avia-builder-el-1  avia-builder-el-no-sibling  avia-align-center '  itemprop=\"image\" itemscope=\"itemscope\" itemtype=\"https:\/\/schema.org\/ImageObject\"  ><div class='avia-image-container-inner'><div class='avia-image-overlay-wrap'><img decoding=\"async\" class='wp-image-65042 avia-img-lazy-loading-not-65042 avia_image' src=\"https:\/\/radiorevelacionfm.cl\/wp-content\/uploads\/2026\/03\/utiles-escolares-3-1-1.jpeg\" alt='' title='\u00fatiles escolares 3 (1) (1)' height=\"600\" width=\"746\"  itemprop=\"thumbnailUrl\" srcset=\"https:\/\/radiorevelacionfm.cl\/wp-content\/uploads\/2026\/03\/utiles-escolares-3-1-1.jpeg 746w, https:\/\/radiorevelacionfm.cl\/wp-content\/uploads\/2026\/03\/utiles-escolares-3-1-1-300x241.jpeg 300w, https:\/\/radiorevelacionfm.cl\/wp-content\/uploads\/2026\/03\/utiles-escolares-3-1-1-705x567.jpeg 705w, https:\/\/radiorevelacionfm.cl\/wp-content\/uploads\/2026\/03\/utiles-escolares-3-1-1-450x362.jpeg 450w, https:\/\/radiorevelacionfm.cl\/wp-content\/uploads\/2026\/03\/utiles-escolares-3-1-1-600x483.jpeg 600w\" sizes=\"(max-width: 746px) 100vw, 746px\" \/><\/div><\/div><\/div><\/div><div class=\"flex_column av_one_full  flex_column_div av-zero-column-padding first  avia-builder-el-2  el_after_av_one_full  el_before_av_one_full  column-top-margin\" style='border-radius:0px; '><section class=\"av_textblock_section \"  itemscope=\"itemscope\" itemtype=\"https:\/\/schema.org\/BlogPosting\" itemprop=\"blogPost\" ><div class='avia_textblock  '   itemprop=\"text\" ><p style=\"text-align: center;\"><strong><span style=\"font-size: 18pt;\">JUNAEB entrega \u00fatiles escolares a 14.117 estudiantes de la regi\u00f3n de Ays\u00e9n<\/span><\/strong><\/p>\n<div id=\"gtx-trans\" style=\"position: absolute; left: -50px; top: 4.31534px;\">\n<div class=\"gtx-trans-icon\"><\/div>\n<\/div>\n<\/div><\/section><\/div><div class=\"flex_column av_one_full  flex_column_div av-zero-column-padding first  avia-builder-el-4  el_after_av_one_full  el_before_av_hr  column-top-margin\" style='border-radius:0px; '><section class=\"av_textblock_section \"  itemscope=\"itemscope\" itemtype=\"https:\/\/schema.org\/BlogPosting\" itemprop=\"blogPost\" ><div class='avia_textblock  '   itemprop=\"text\" ><p style=\"font-weight: 400; text-align: justify;\"><em>El programa distribuye sets adaptados a los niveles de educaci\u00f3n parvularia, b\u00e1sica, media y de adultos, que desde el 2026 viene con una nueva configuraci\u00f3n de productos.<\/em><\/p>\n<p style=\"font-weight: 400; text-align: justify;\">El martes 10 de Marzo, en la Escuela Nieves del Sur de Coyhaique se realiz\u00f3 una supervisi\u00f3n y acompa\u00f1amiento a la entrega del Programa de \u00datiles Escolares Junaeb (PUE), ocasi\u00f3n en que se entregaron 144 sets a los estudiantes de la escuela, un hito significativo y simb\u00f3lico para la regi\u00f3n, donde se est\u00e1n entregando set escolares para 14.117 estudiantes de distintos niveles educacionales.<\/p>\n<p style=\"font-weight: 400; text-align: justify;\">El Director Regional de Juaneb Manuel Vivar, junto con agregar que este beneficio no requiere postulaci\u00f3n y que se entregar\u00e1 al 100% de establecimientos p\u00fablicos y de forma focalizada en particulares subvencionados, indic\u00f3\u00a0\u00a0 \u201c Se han hecho todos los esfuerzos para avanzar con la entrega de manera oportuna y eficiente del Programa de \u00datiles Escolares, que pretende aliviar la carga econ\u00f3mica de las familias en estas fechas, facilitando el inicio del a\u00f1o escolar a estudiantes de las distintas localidades de la regi\u00f3n\u201d.<\/p>\n<p style=\"font-weight: 400; text-align: justify;\">El periodo de distribuci\u00f3n en la regi\u00f3n comenz\u00f3 el pasado 02 de Marzo de forma paulatina en diferentes escuelas y liceos, esperando completar este proceso en el transcurso de las pr\u00f3ximas dos semanas, con el objetivo que durante el mes de Marzo la mayor parte de los estudiantes de la regi\u00f3n hayan recibido sus \u00fatiles escolares.<\/p>\n<p style=\"font-weight: 400; text-align: justify;\">En t\u00e9rminos de la cobertura de entrega para establecimientos p\u00fablicos se considera al 100% de estudiantes pertenecientes los distintos niveles educaciones, mientras que para establecimientos particulares subvencionados solo se ha podido considerar a los estudiantes de ense\u00f1anza b\u00e1sica en esta oportunidad.<\/p>\n<p style=\"font-weight: 400; text-align: justify;\">Para el presente a\u00f1o Junaeb realiz\u00f3 una revisi\u00f3n del contenido de los sets de \u00fatiles escolares, aline\u00e1ndose con los requerimientos pedag\u00f3gicos del sistema educativo vigente, incorporando nuevos art\u00edculos, como set de geometr\u00eda para estudiantes de 2\u00b0 ciclo o cajas de masas reutilizables y estuches de marcadores para estudiantes de educaci\u00f3n parvularia.<\/p>\n<\/div><\/section><\/div><div  style='height:50px' class='hr hr-invisible   avia-builder-el-6  el_after_av_one_full  el_before_av_social_share '><span class='hr-inner ' ><span class='hr-inner-style'><\/span><\/span><\/div><\/p>\n<div  class='av-social-sharing-box  avia-builder-el-7  el_after_av_hr  el_before_av_hr  '><div class='av-share-box'><h5 class='av-share-link-description av-no-toc '>Compartir esta noticia<\/h5><ul class='av-share-box-list noLightbox'><li class='av-share-link av-social-link-facebook' ><a target=\"_blank\" aria-label=\"Compartir en Facebook\" href='https:\/\/www.facebook.com\/sharer.php?u=https:\/\/radiorevelacionfm.cl\/?p=65041&#038;t=JUNAEB%20entrega%20%C3%BAtiles%20escolares%20a%2014.117%20estudiantes%20de%20la%20regi%C3%B3n%20de%20Ays%C3%A9n' aria-hidden='false' data-av_icon='\ue8f3' data-av_iconfont='entypo-fontello' title='' data-avia-related-tooltip='Compartir en Facebook' rel=\"noopener\"><span class='avia_hidden_link_text'>Compartir en Facebook<\/span><\/a><\/li><li class='av-share-link av-social-link-twitter' ><a target=\"_blank\" aria-label=\"Compartir en Twitter\" href='https:\/\/twitter.com\/share?text=JUNAEB%20entrega%20%C3%BAtiles%20escolares%20a%2014.117%20estudiantes%20de%20la%20regi%C3%B3n%20de%20Ays%C3%A9n&#038;url=https:\/\/radiorevelacionfm.cl\/?p=65041' aria-hidden='false' data-av_icon='\ue8f1' data-av_iconfont='entypo-fontello' title='' data-avia-related-tooltip='Compartir en Twitter' rel=\"noopener\"><span class='avia_hidden_link_text'>Compartir en Twitter<\/span><\/a><\/li><li class='av-share-link av-social-link-whatsapp' ><a target=\"_blank\" aria-label=\"Compartir en Whatsapp\" href='https:\/\/api.whatsapp.com\/send?text=https:\/\/radiorevelacionfm.cl\/?p=65041' aria-hidden='false' data-av_icon='\uf232' data-av_iconfont='entypo-fontello' title='' data-avia-related-tooltip='Compartir en Whatsapp' rel=\"noopener\"><span class='avia_hidden_link_text'>Compartir en Whatsapp<\/span><\/a><\/li><li class='av-share-link av-social-link-linkedin' ><a target=\"_blank\" aria-label=\"Compartir en LinkedIn\" href='https:\/\/linkedin.com\/shareArticle?mini=true&#038;title=JUNAEB%20entrega%20%C3%BAtiles%20escolares%20a%2014.117%20estudiantes%20de%20la%20regi%C3%B3n%20de%20Ays%C3%A9n&#038;url=https:\/\/radiorevelacionfm.cl\/?p=65041' aria-hidden='false' data-av_icon='\ue8fc' data-av_iconfont='entypo-fontello' title='' data-avia-related-tooltip='Compartir en LinkedIn' rel=\"noopener\"><span class='avia_hidden_link_text'>Compartir en LinkedIn<\/span><\/a><\/li><li class='av-share-link av-social-link-mail' ><a  aria-label=\"Compartir por correo\" href='mailto:?subject=JUNAEB%20entrega%20%C3%BAtiles%20escolares%20a%2014.117%20estudiantes%20de%20la%20regi%C3%B3n%20de%20Ays%C3%A9n&#038;body=https:\/\/radiorevelacionfm.cl\/?p=65041' aria-hidden='false' data-av_icon='\ue805' data-av_iconfont='entypo-fontello' title='' data-avia-related-tooltip='Compartir por correo'><span class='avia_hidden_link_text'>Compartir por correo<\/span><\/a><\/li><\/ul><\/div><\/div>\n<div  style='height:50px' class='hr hr-invisible   avia-builder-el-8  el_after_av_social_share  el_before_av_comments_list '><span class='hr-inner ' ><span class='hr-inner-style'><\/span><\/span><\/div>\n<div  class='av-buildercomment  av-blog-meta-html-info-disabled av-blog-meta-tag-disabled  '><\/div>\n","protected":false},"excerpt":{"rendered":"","protected":false},"author":1,"featured_media":65042,"comment_status":"closed","ping_status":"closed","sticky":false,"template":"","format":"standard","meta":{"footnotes":""},"categories":[49],"tags":[],"class_list":["post-65041","post","type-post","status-publish","format-standard","has-post-thumbnail","hentry","category-educacion"],"jetpack_featured_media_url":"https:\/\/radiorevelacionfm.cl\/wp-content\/uploads\/2026\/03\/utiles-escolares-3-1-1.jpeg","_links":{"self":[{"href":"https:\/\/radiorevelacionfm.cl\/index.php?rest_route=\/wp\/v2\/posts\/65041","targetHints":{"allow":["GET"]}}],"collection":[{"href":"https:\/\/radiorevelacionfm.cl\/index.php?rest_route=\/wp\/v2\/posts"}],"about":[{"href":"https:\/\/radiorevelacionfm.cl\/index.php?rest_route=\/wp\/v2\/types\/post"}],"author":[{"embeddable":true,"href":"https:\/\/radiorevelacionfm.cl\/index.php?rest_route=\/wp\/v2\/users\/1"}],"replies":[{"embeddable":true,"href":"https:\/\/radiorevelacionfm.cl\/index.php?rest_route=%2Fwp%2Fv2%2Fcomments&post=65041"}],"version-history":[{"count":2,"href":"https:\/\/radiorevelacionfm.cl\/index.php?rest_route=\/wp\/v2\/posts\/65041\/revisions"}],"predecessor-version":[{"id":65045,"href":"https:\/\/radiorevelacionfm.cl\/index.php?rest_route=\/wp\/v2\/posts\/65041\/revisions\/65045"}],"wp:featuredmedia":[{"embeddable":true,"href":"https:\/\/radiorevelacionfm.cl\/index.php?rest_route=\/wp\/v2\/media\/65042"}],"wp:attachment":[{"href":"https:\/\/radiorevelacionfm.cl\/index.php?rest_route=%2Fwp%2Fv2%2Fmedia&parent=65041"}],"wp:term":[{"taxonomy":"category","embeddable":true,"href":"https:\/\/radiorevelacionfm.cl\/index.php?rest_route=%2Fwp%2Fv2%2Fcategories&post=65041"},{"taxonomy":"post_tag","embeddable":true,"href":"https:\/\/radiorevelacionfm.cl\/index.php?rest_route=%2Fwp%2Fv2%2Ftags&post=65041"}],"curies":[{"name":"wp","href":"https:\/\/api.w.org\/{rel}","templated":true}]}}