{"id":65038,"date":"2026-03-12T18:07:10","date_gmt":"2026-03-12T21:07:10","guid":{"rendered":"https:\/\/radiorevelacionfm.cl\/?p=65038"},"modified":"2026-03-12T18:07:10","modified_gmt":"2026-03-12T21:07:10","slug":"segundo-llamado-la-osjr-aysen-de-foji-busca-nuevos-talentos","status":"publish","type":"post","link":"https:\/\/radiorevelacionfm.cl\/?p=65038","title":{"rendered":"\u00a1Segundo Llamado! La OSJR Ays\u00e9n de FOJI busca nuevos talentos"},"content":{"rendered":"<div class=\"flex_column av_one_full  flex_column_div av-zero-column-padding first  avia-builder-el-0  el_before_av_one_full  avia-builder-el-first  \" style='border-radius:0px; '><div  class='avia-image-container  av-styling-    avia-builder-el-1  avia-builder-el-no-sibling  avia-align-center '  itemprop=\"image\" itemscope=\"itemscope\" itemtype=\"https:\/\/schema.org\/ImageObject\"  ><div class='avia-image-container-inner'><div class='avia-image-overlay-wrap'><img decoding=\"async\" class='wp-image-65039 avia-img-lazy-loading-not-65039 avia_image' src=\"https:\/\/radiorevelacionfm.cl\/wp-content\/uploads\/2026\/03\/FOJI_AYSEN-003-1-1.jpg\" alt='' title='FOJI_AYS\u00c9N-003 (1) (1)' height=\"600\" width=\"900\"  itemprop=\"thumbnailUrl\" srcset=\"https:\/\/radiorevelacionfm.cl\/wp-content\/uploads\/2026\/03\/FOJI_AYSEN-003-1-1.jpg 900w, https:\/\/radiorevelacionfm.cl\/wp-content\/uploads\/2026\/03\/FOJI_AYSEN-003-1-1-300x200.jpg 300w, https:\/\/radiorevelacionfm.cl\/wp-content\/uploads\/2026\/03\/FOJI_AYSEN-003-1-1-768x512.jpg 768w, https:\/\/radiorevelacionfm.cl\/wp-content\/uploads\/2026\/03\/FOJI_AYSEN-003-1-1-705x470.jpg 705w, https:\/\/radiorevelacionfm.cl\/wp-content\/uploads\/2026\/03\/FOJI_AYSEN-003-1-1-450x300.jpg 450w, https:\/\/radiorevelacionfm.cl\/wp-content\/uploads\/2026\/03\/FOJI_AYSEN-003-1-1-600x400.jpg 600w\" sizes=\"(max-width: 900px) 100vw, 900px\" \/><\/div><\/div><\/div><\/div><div class=\"flex_column av_one_full  flex_column_div av-zero-column-padding first  avia-builder-el-2  el_after_av_one_full  el_before_av_one_full  column-top-margin\" style='border-radius:0px; '><section class=\"av_textblock_section \"  itemscope=\"itemscope\" itemtype=\"https:\/\/schema.org\/BlogPosting\" itemprop=\"blogPost\" ><div class='avia_textblock  '   itemprop=\"text\" ><p style=\"text-align: center;\"><strong><span style=\"font-size: 18pt;\">\u00a1Segundo Llamado! La OSJR Ays\u00e9n de FOJI busca nuevos talentos<\/span><\/strong><\/p>\n<div id=\"gtx-trans\" style=\"position: absolute; left: -50px; top: 4.31534px;\">\n<div class=\"gtx-trans-icon\"><\/div>\n<\/div>\n<\/div><\/section><\/div><div class=\"flex_column av_one_full  flex_column_div av-zero-column-padding first  avia-builder-el-4  el_after_av_one_full  el_before_av_hr  column-top-margin\" style='border-radius:0px; '><section class=\"av_textblock_section \"  itemscope=\"itemscope\" itemtype=\"https:\/\/schema.org\/BlogPosting\" itemprop=\"blogPost\" ><div class='avia_textblock  '   itemprop=\"text\" ><p dir=\"ltr\" style=\"text-align: justify;\"><em>Todos los j\u00f3venes podr\u00e1n postular hasta el 07 de abril a las 23:59 horas. Al ser parte de este elenco, se tendr\u00e1 acceso a formaci\u00f3n presencial, acompa\u00f1amiento psicosocial y econ\u00f3mico, adem\u00e1s de presentarse en importantes escenarios de la regi\u00f3n.<\/em><\/p>\n<p dir=\"ltr\" style=\"text-align: justify;\">La Fundaci\u00f3n de Orquestas Juveniles e Infantiles (FOJI) realiza segundo llamado a j\u00f3venes de entre 10 y 20 a\u00f1os de la Regi\u00f3n de Ays\u00e9n para participar en la pr\u00e1ctica orquestal formativa de la Orquesta Sinf\u00f3nica Juvenil Regional Ays\u00e9n (OSJR).<\/p>\n<p dir=\"ltr\" style=\"text-align: justify;\">Adem\u00e1s del trabajo musical y la participaci\u00f3n en conciertos, los becados y becadas de FOJI podr\u00e1n acceder a acompa\u00f1amiento psicosocial, de acuerdo con las necesidades de cada beneficiario. Tambi\u00e9n recibir\u00e1n una subvenci\u00f3n mensual de $80.000 durante 10 meses, destinada a apoyar parcialmente los gastos asociados a su participaci\u00f3n en la orquesta.<\/p>\n<p dir=\"ltr\" style=\"text-align: justify;\">La modalidad de estudio ser\u00e1 presencial en la Escuela Pedro Quintana Mansilla, ubicado en Arturo Prat #139, Coyhaique. La beca iniciar\u00e1 el 1 de abril de 2026 y finalizar\u00e1 el 31 de enero de 2027. Es importante considerar que tanto el lugar de clases como el calendario podr\u00edan experimentar modificaciones.<\/p>\n<p dir=\"ltr\" style=\"text-align: justify;\"><strong>\u00bfQui\u00e9nes pueden postular?<\/strong><\/p>\n<p dir=\"ltr\" style=\"text-align: justify;\">La convocatoria est\u00e1 dirigida a ni\u00f1os, ni\u00f1as, adolescentes y j\u00f3venes nacidos entre el 1 de enero de 2006 y el 31 de diciembre de 2016. Tanto los postulantes como sus cuidadores legales deben contar con C\u00e9dula Nacional de Identidad o C\u00e9dula para Extranjeros vigente al momento del cierre del proceso. Adem\u00e1s, deben residir en la Regi\u00f3n de Ays\u00e9n. Todos los seleccionados deber\u00e1n estar cursando estudios en educaci\u00f3n b\u00e1sica, media o superior en establecimientos reconocidos por el Estado y ubicados en la misma regi\u00f3n.<\/p>\n<p dir=\"ltr\" style=\"text-align: justify;\">Asimismo, los participantes deber\u00e1n acreditar conocimientos en el instrumento al que postulan y en lectura musical. Por ello se solicita que se encuentren estudiando en una orquesta, ensamble, agrupaci\u00f3n musical, instituci\u00f3n formativa o con un profesor particular.<\/p>\n<p dir=\"ltr\" style=\"text-align: justify;\"><strong>\u00bfC\u00f3mo postular?<\/strong><\/p>\n<p dir=\"ltr\" style=\"text-align: justify;\">El segundo llamado para integrar la OSJR Ays\u00e9n finalizar\u00e1 el 07 de abril de 2026 a las 23:59 horas. Se debe completar el Formulario de Inscripci\u00f3n y adjuntar toda la documentaci\u00f3n indicada en\u00a0<a href=\"https:\/\/foji.cl\/admision-orquestas-y-elencos\/\" target=\"_blank\" rel=\"noopener\" data-saferedirecturl=\"https:\/\/www.google.com\/url?q=https:\/\/foji.cl\/admision-orquestas-y-elencos\/&amp;source=gmail&amp;ust=1773433454908000&amp;usg=AOvVaw3D_riprYugO-Y9f-3iNQVs\">las bases<\/a>.<\/p>\n<p dir=\"ltr\" style=\"text-align: justify;\">Tras enviar la postulaci\u00f3n y verificar los antecedentes, se realizar\u00e1n audiciones presenciales el 29 de marzo en la Escuela Pedro Quintana Mansilla, ubicado en Arturo Prat #139, Coyhaique. Los horarios espec\u00edficos de cada fila instrumental ser\u00e1n comunicados directamente a los postulantes.<\/p>\n<p dir=\"ltr\" style=\"text-align: justify;\">Los resultados se publicar\u00e1n en el sitio oficial de la Fundaci\u00f3n (<a href=\"http:\/\/www.foji.cl\/\" target=\"_blank\" rel=\"noopener\" data-saferedirecturl=\"https:\/\/www.google.com\/url?q=http:\/\/www.foji.cl&amp;source=gmail&amp;ust=1773433454908000&amp;usg=AOvVaw3pIGwAOulRCZjPvhLeJV3r\">www.foji.cl<\/a>). \u00c9stos ser\u00e1n inapelables, excepto ante eventuales errores formales de transcripci\u00f3n. No existe ninguna instancia adicional de revisi\u00f3n.<\/p>\n<p dir=\"ltr\" style=\"text-align: justify;\">Se podr\u00e1n enviar dudas y consultas hasta el 07 de abril de 2026 al siguiente correo electr\u00f3nico:\u00a0<a href=\"mailto:osjr.aysen@foji.cl\" target=\"_blank\" rel=\"noopener\">osjr.aysen@foji.cl<\/a>.<\/p>\n<p dir=\"ltr\" style=\"text-align: justify;\">Cupos disponibles<\/p>\n<ul>\n<li dir=\"ltr\" style=\"text-align: justify;\">\n<p dir=\"ltr\" role=\"presentation\">02 Violines<\/p>\n<\/li>\n<li dir=\"ltr\" style=\"text-align: justify;\">\n<p dir=\"ltr\" role=\"presentation\">01 Flauta Traversa<\/p>\n<\/li>\n<li dir=\"ltr\" style=\"text-align: justify;\">\n<p dir=\"ltr\" role=\"presentation\">01 Oboe<\/p>\n<\/li>\n<li dir=\"ltr\" style=\"text-align: justify;\">\n<p dir=\"ltr\" role=\"presentation\">02 Fagotes<\/p>\n<\/li>\n<li dir=\"ltr\" style=\"text-align: justify;\">\n<p dir=\"ltr\" role=\"presentation\">01 Corno Franc\u00e9s<\/p>\n<\/li>\n<li dir=\"ltr\" style=\"text-align: justify;\">\n<p dir=\"ltr\" role=\"presentation\">01 Tromb\u00f3n<\/p>\n<\/li>\n<li dir=\"ltr\">\n<p dir=\"ltr\" style=\"text-align: justify;\" role=\"presentation\">01 Tuba<\/p>\n<\/li>\n<\/ul>\n<\/div><\/section><\/div><div  style='height:50px' class='hr hr-invisible   avia-builder-el-6  el_after_av_one_full  el_before_av_social_share '><span class='hr-inner ' ><span class='hr-inner-style'><\/span><\/span><\/div><\/p>\n<div  class='av-social-sharing-box  avia-builder-el-7  el_after_av_hr  el_before_av_hr  '><div class='av-share-box'><h5 class='av-share-link-description av-no-toc '>Compartir esta noticia<\/h5><ul class='av-share-box-list noLightbox'><li class='av-share-link av-social-link-facebook' ><a target=\"_blank\" aria-label=\"Compartir en Facebook\" href='https:\/\/www.facebook.com\/sharer.php?u=https:\/\/radiorevelacionfm.cl\/?p=65038&#038;t=%C2%A1Segundo%20Llamado%21%20La%20OSJR%20Ays%C3%A9n%20de%20FOJI%20busca%20nuevos%20talentos' aria-hidden='false' data-av_icon='\ue8f3' data-av_iconfont='entypo-fontello' title='' data-avia-related-tooltip='Compartir en Facebook' rel=\"noopener\"><span class='avia_hidden_link_text'>Compartir en Facebook<\/span><\/a><\/li><li class='av-share-link av-social-link-twitter' ><a target=\"_blank\" aria-label=\"Compartir en Twitter\" href='https:\/\/twitter.com\/share?text=%C2%A1Segundo%20Llamado%21%20La%20OSJR%20Ays%C3%A9n%20de%20FOJI%20busca%20nuevos%20talentos&#038;url=https:\/\/radiorevelacionfm.cl\/?p=65038' aria-hidden='false' data-av_icon='\ue8f1' data-av_iconfont='entypo-fontello' title='' data-avia-related-tooltip='Compartir en Twitter' rel=\"noopener\"><span class='avia_hidden_link_text'>Compartir en Twitter<\/span><\/a><\/li><li class='av-share-link av-social-link-whatsapp' ><a target=\"_blank\" aria-label=\"Compartir en Whatsapp\" href='https:\/\/api.whatsapp.com\/send?text=https:\/\/radiorevelacionfm.cl\/?p=65038' aria-hidden='false' data-av_icon='\uf232' data-av_iconfont='entypo-fontello' title='' data-avia-related-tooltip='Compartir en Whatsapp' rel=\"noopener\"><span class='avia_hidden_link_text'>Compartir en Whatsapp<\/span><\/a><\/li><li class='av-share-link av-social-link-linkedin' ><a target=\"_blank\" aria-label=\"Compartir en LinkedIn\" href='https:\/\/linkedin.com\/shareArticle?mini=true&#038;title=%C2%A1Segundo%20Llamado%21%20La%20OSJR%20Ays%C3%A9n%20de%20FOJI%20busca%20nuevos%20talentos&#038;url=https:\/\/radiorevelacionfm.cl\/?p=65038' aria-hidden='false' data-av_icon='\ue8fc' data-av_iconfont='entypo-fontello' title='' data-avia-related-tooltip='Compartir en LinkedIn' rel=\"noopener\"><span class='avia_hidden_link_text'>Compartir en LinkedIn<\/span><\/a><\/li><li class='av-share-link av-social-link-mail' ><a  aria-label=\"Compartir por correo\" href='mailto:?subject=%C2%A1Segundo%20Llamado%21%20La%20OSJR%20Ays%C3%A9n%20de%20FOJI%20busca%20nuevos%20talentos&#038;body=https:\/\/radiorevelacionfm.cl\/?p=65038' aria-hidden='false' data-av_icon='\ue805' data-av_iconfont='entypo-fontello' title='' data-avia-related-tooltip='Compartir por correo'><span class='avia_hidden_link_text'>Compartir por correo<\/span><\/a><\/li><\/ul><\/div><\/div>\n<div  style='height:50px' class='hr hr-invisible   avia-builder-el-8  el_after_av_social_share  el_before_av_comments_list '><span class='hr-inner ' ><span class='hr-inner-style'><\/span><\/span><\/div>\n<div  class='av-buildercomment  av-blog-meta-html-info-disabled av-blog-meta-tag-disabled  '><\/div>\n","protected":false},"excerpt":{"rendered":"","protected":false},"author":1,"featured_media":65039,"comment_status":"closed","ping_status":"closed","sticky":false,"template":"","format":"standard","meta":{"footnotes":""},"categories":[52],"tags":[],"class_list":["post-65038","post","type-post","status-publish","format-standard","has-post-thumbnail","hentry","category-cultura"],"jetpack_featured_media_url":"https:\/\/radiorevelacionfm.cl\/wp-content\/uploads\/2026\/03\/FOJI_AYSEN-003-1-1.jpg","_links":{"self":[{"href":"https:\/\/radiorevelacionfm.cl\/index.php?rest_route=\/wp\/v2\/posts\/65038","targetHints":{"allow":["GET"]}}],"collection":[{"href":"https:\/\/radiorevelacionfm.cl\/index.php?rest_route=\/wp\/v2\/posts"}],"about":[{"href":"https:\/\/radiorevelacionfm.cl\/index.php?rest_route=\/wp\/v2\/types\/post"}],"author":[{"embeddable":true,"href":"https:\/\/radiorevelacionfm.cl\/index.php?rest_route=\/wp\/v2\/users\/1"}],"replies":[{"embeddable":true,"href":"https:\/\/radiorevelacionfm.cl\/index.php?rest_route=%2Fwp%2Fv2%2Fcomments&post=65038"}],"version-history":[{"count":2,"href":"https:\/\/radiorevelacionfm.cl\/index.php?rest_route=\/wp\/v2\/posts\/65038\/revisions"}],"predecessor-version":[{"id":65044,"href":"https:\/\/radiorevelacionfm.cl\/index.php?rest_route=\/wp\/v2\/posts\/65038\/revisions\/65044"}],"wp:featuredmedia":[{"embeddable":true,"href":"https:\/\/radiorevelacionfm.cl\/index.php?rest_route=\/wp\/v2\/media\/65039"}],"wp:attachment":[{"href":"https:\/\/radiorevelacionfm.cl\/index.php?rest_route=%2Fwp%2Fv2%2Fmedia&parent=65038"}],"wp:term":[{"taxonomy":"category","embeddable":true,"href":"https:\/\/radiorevelacionfm.cl\/index.php?rest_route=%2Fwp%2Fv2%2Fcategories&post=65038"},{"taxonomy":"post_tag","embeddable":true,"href":"https:\/\/radiorevelacionfm.cl\/index.php?rest_route=%2Fwp%2Fv2%2Ftags&post=65038"}],"curies":[{"name":"wp","href":"https:\/\/api.w.org\/{rel}","templated":true}]}}