{"id":65034,"date":"2026-03-12T17:34:30","date_gmt":"2026-03-12T20:34:30","guid":{"rendered":"https:\/\/radiorevelacionfm.cl\/?p=65034"},"modified":"2026-03-12T17:34:30","modified_gmt":"2026-03-12T20:34:30","slug":"bidema-aysen-desarrolla-diligencias-por-presunto-caso-de-maltrato-animal-en-nirehuao","status":"publish","type":"post","link":"https:\/\/radiorevelacionfm.cl\/?p=65034","title":{"rendered":"BIDEMA Ays\u00e9n desarrolla diligencias por presunto caso de maltrato animal en \u00d1irehuao"},"content":{"rendered":"<div class=\"flex_column av_one_full  flex_column_div av-zero-column-padding first  avia-builder-el-0  el_before_av_one_full  avia-builder-el-first  \" style='border-radius:0px; '><div  class='avia-image-container  av-styling-    avia-builder-el-1  avia-builder-el-no-sibling  avia-align-center '  itemprop=\"image\" itemscope=\"itemscope\" itemtype=\"https:\/\/schema.org\/ImageObject\"  ><div class='avia-image-container-inner'><div class='avia-image-overlay-wrap'><img decoding=\"async\" class='wp-image-65035 avia-img-lazy-loading-not-65035 avia_image' src=\"https:\/\/radiorevelacionfm.cl\/wp-content\/uploads\/2026\/03\/img_2488-1_optimized.jpg\" alt='' title='img_2488-(1)_optimized' height=\"600\" width=\"1066\"  itemprop=\"thumbnailUrl\" srcset=\"https:\/\/radiorevelacionfm.cl\/wp-content\/uploads\/2026\/03\/img_2488-1_optimized.jpg 1066w, https:\/\/radiorevelacionfm.cl\/wp-content\/uploads\/2026\/03\/img_2488-1_optimized-300x169.jpg 300w, https:\/\/radiorevelacionfm.cl\/wp-content\/uploads\/2026\/03\/img_2488-1_optimized-1030x580.jpg 1030w, https:\/\/radiorevelacionfm.cl\/wp-content\/uploads\/2026\/03\/img_2488-1_optimized-768x432.jpg 768w, https:\/\/radiorevelacionfm.cl\/wp-content\/uploads\/2026\/03\/img_2488-1_optimized-705x397.jpg 705w, https:\/\/radiorevelacionfm.cl\/wp-content\/uploads\/2026\/03\/img_2488-1_optimized-450x253.jpg 450w, https:\/\/radiorevelacionfm.cl\/wp-content\/uploads\/2026\/03\/img_2488-1_optimized-600x338.jpg 600w\" sizes=\"(max-width: 1066px) 100vw, 1066px\" \/><\/div><\/div><\/div><\/div><div class=\"flex_column av_one_full  flex_column_div av-zero-column-padding first  avia-builder-el-2  el_after_av_one_full  el_before_av_one_full  column-top-margin\" style='border-radius:0px; '><section class=\"av_textblock_section \"  itemscope=\"itemscope\" itemtype=\"https:\/\/schema.org\/BlogPosting\" itemprop=\"blogPost\" ><div class='avia_textblock  '   itemprop=\"text\" ><p style=\"text-align: center;\"><span style=\"font-size: 18pt;\"><strong>BIDEMA Ays\u00e9n desarrolla diligencias por presunto caso de maltrato animal en \u00d1irehuao<\/strong><\/span><\/p>\n<div id=\"gtx-trans\" style=\"position: absolute; left: -50px; top: 4.31534px;\">\n<div class=\"gtx-trans-icon\"><\/div>\n<\/div>\n<\/div><\/section><\/div><div class=\"flex_column av_one_full  flex_column_div av-zero-column-padding first  avia-builder-el-4  el_after_av_one_full  el_before_av_hr  column-top-margin\" style='border-radius:0px; '><section class=\"av_textblock_section \"  itemscope=\"itemscope\" itemtype=\"https:\/\/schema.org\/BlogPosting\" itemprop=\"blogPost\" ><div class='avia_textblock  '   itemprop=\"text\" ><p style=\"text-align: justify;\">Detectives de la Brigada Investigadora de Delitos Contra el Medio Ambiente y Patrimonio Cultural (BIDEMA) Ays\u00e9n, conforme a orden de investigar por el delito de maltrato animal emanada de la Fiscal\u00eda Local de Coyhaique, desarrollaron diversas diligencias investigativas para esclarecer el delito denunciado en Villa \u00d1irehuao, hecho que fue ampliamente viralizado por redes sociales durante los \u00faltimos d\u00edas.<\/p>\n<p style=\"text-align: justify;\">De acuerdo a lo informado por el subprefecto Marcelo Ladino Gonz\u00e1lez, jefe de la brigada especializada, este mi\u00e9rcoles el equipo investigador se traslad\u00f3 hasta la localidad \u201ccon el prop\u00f3sito de efectuar diversas actuaciones investigativas, entre ellas el examen, estudio y fijaci\u00f3n fotogr\u00e1fica del sitio del suceso, la toma de declaraciones a personas del entorno y la declaraci\u00f3n del imputado\u201d.<\/p>\n<p style=\"text-align: justify;\">En el lugar, se hallaron diez perros, siete adultos y tres cachorros en diversas condiciones de salud. Adem\u00e1s, con el apoyo de la veterinaria de la Municipalidad de Coyhaique, \u201cse realiz\u00f3 una evaluaci\u00f3n cl\u00ednica de los animales presentes en el lugar, con el fin de verificar su estado de salud y las condiciones en que se encontraban, estableciendo la profesional incumplimientos a la normativa sobre Tenencia Responsable de Mascotas y Animales de Compa\u00f1\u00eda, cuyos antecedentes ser\u00e1n puestos a disposici\u00f3n de la justicia\u201d, agreg\u00f3 el subprefecto Ladino.<\/p>\n<p style=\"text-align: justify;\">Desde la PDI indicaron que la investigaci\u00f3n se encuentra en desarrollo, \u201ccon la finalidad de ubicar todos los elementos de juicio suficientes que permitan acreditar la participaci\u00f3n de determinadas personas en el hecho denunciado, los que ser\u00e1n puestos a disposici\u00f3n del Ministerio P\u00fablico\u201d, finaliz\u00f3 el jefe de la BIDEMA Ays\u00e9n.<\/p>\n<\/div><\/section><\/div><div  style='height:50px' class='hr hr-invisible   avia-builder-el-6  el_after_av_one_full  el_before_av_social_share '><span class='hr-inner ' ><span class='hr-inner-style'><\/span><\/span><\/div><\/p>\n<div  class='av-social-sharing-box  avia-builder-el-7  el_after_av_hr  el_before_av_hr  '><div class='av-share-box'><h5 class='av-share-link-description av-no-toc '>Compartir esta noticia<\/h5><ul class='av-share-box-list noLightbox'><li class='av-share-link av-social-link-facebook' ><a target=\"_blank\" aria-label=\"Compartir en Facebook\" href='https:\/\/www.facebook.com\/sharer.php?u=https:\/\/radiorevelacionfm.cl\/?p=65034&#038;t=BIDEMA%20Ays%C3%A9n%20desarrolla%20diligencias%20por%20presunto%20caso%20de%20maltrato%20animal%20en%20%C3%91irehuao' aria-hidden='false' data-av_icon='\ue8f3' data-av_iconfont='entypo-fontello' title='' data-avia-related-tooltip='Compartir en Facebook' rel=\"noopener\"><span class='avia_hidden_link_text'>Compartir en Facebook<\/span><\/a><\/li><li class='av-share-link av-social-link-twitter' ><a target=\"_blank\" aria-label=\"Compartir en Twitter\" href='https:\/\/twitter.com\/share?text=BIDEMA%20Ays%C3%A9n%20desarrolla%20diligencias%20por%20presunto%20caso%20de%20maltrato%20animal%20en%20%C3%91irehuao&#038;url=https:\/\/radiorevelacionfm.cl\/?p=65034' aria-hidden='false' data-av_icon='\ue8f1' data-av_iconfont='entypo-fontello' title='' data-avia-related-tooltip='Compartir en Twitter' rel=\"noopener\"><span class='avia_hidden_link_text'>Compartir en Twitter<\/span><\/a><\/li><li class='av-share-link av-social-link-whatsapp' ><a target=\"_blank\" aria-label=\"Compartir en Whatsapp\" href='https:\/\/api.whatsapp.com\/send?text=https:\/\/radiorevelacionfm.cl\/?p=65034' aria-hidden='false' data-av_icon='\uf232' data-av_iconfont='entypo-fontello' title='' data-avia-related-tooltip='Compartir en Whatsapp' rel=\"noopener\"><span class='avia_hidden_link_text'>Compartir en Whatsapp<\/span><\/a><\/li><li class='av-share-link av-social-link-linkedin' ><a target=\"_blank\" aria-label=\"Compartir en LinkedIn\" href='https:\/\/linkedin.com\/shareArticle?mini=true&#038;title=BIDEMA%20Ays%C3%A9n%20desarrolla%20diligencias%20por%20presunto%20caso%20de%20maltrato%20animal%20en%20%C3%91irehuao&#038;url=https:\/\/radiorevelacionfm.cl\/?p=65034' aria-hidden='false' data-av_icon='\ue8fc' data-av_iconfont='entypo-fontello' title='' data-avia-related-tooltip='Compartir en LinkedIn' rel=\"noopener\"><span class='avia_hidden_link_text'>Compartir en LinkedIn<\/span><\/a><\/li><li class='av-share-link av-social-link-mail' ><a  aria-label=\"Compartir por correo\" href='mailto:?subject=BIDEMA%20Ays%C3%A9n%20desarrolla%20diligencias%20por%20presunto%20caso%20de%20maltrato%20animal%20en%20%C3%91irehuao&#038;body=https:\/\/radiorevelacionfm.cl\/?p=65034' aria-hidden='false' data-av_icon='\ue805' data-av_iconfont='entypo-fontello' title='' data-avia-related-tooltip='Compartir por correo'><span class='avia_hidden_link_text'>Compartir por correo<\/span><\/a><\/li><\/ul><\/div><\/div>\n<div  style='height:50px' class='hr hr-invisible   avia-builder-el-8  el_after_av_social_share  el_before_av_comments_list '><span class='hr-inner ' ><span class='hr-inner-style'><\/span><\/span><\/div>\n<div  class='av-buildercomment  av-blog-meta-html-info-disabled av-blog-meta-tag-disabled  '><\/div>\n","protected":false},"excerpt":{"rendered":"","protected":false},"author":1,"featured_media":65035,"comment_status":"closed","ping_status":"closed","sticky":false,"template":"","format":"standard","meta":{"footnotes":""},"categories":[36],"tags":[],"class_list":["post-65034","post","type-post","status-publish","format-standard","has-post-thumbnail","hentry","category-policial"],"jetpack_featured_media_url":"https:\/\/radiorevelacionfm.cl\/wp-content\/uploads\/2026\/03\/img_2488-1_optimized.jpg","_links":{"self":[{"href":"https:\/\/radiorevelacionfm.cl\/index.php?rest_route=\/wp\/v2\/posts\/65034","targetHints":{"allow":["GET"]}}],"collection":[{"href":"https:\/\/radiorevelacionfm.cl\/index.php?rest_route=\/wp\/v2\/posts"}],"about":[{"href":"https:\/\/radiorevelacionfm.cl\/index.php?rest_route=\/wp\/v2\/types\/post"}],"author":[{"embeddable":true,"href":"https:\/\/radiorevelacionfm.cl\/index.php?rest_route=\/wp\/v2\/users\/1"}],"replies":[{"embeddable":true,"href":"https:\/\/radiorevelacionfm.cl\/index.php?rest_route=%2Fwp%2Fv2%2Fcomments&post=65034"}],"version-history":[{"count":2,"href":"https:\/\/radiorevelacionfm.cl\/index.php?rest_route=\/wp\/v2\/posts\/65034\/revisions"}],"predecessor-version":[{"id":65037,"href":"https:\/\/radiorevelacionfm.cl\/index.php?rest_route=\/wp\/v2\/posts\/65034\/revisions\/65037"}],"wp:featuredmedia":[{"embeddable":true,"href":"https:\/\/radiorevelacionfm.cl\/index.php?rest_route=\/wp\/v2\/media\/65035"}],"wp:attachment":[{"href":"https:\/\/radiorevelacionfm.cl\/index.php?rest_route=%2Fwp%2Fv2%2Fmedia&parent=65034"}],"wp:term":[{"taxonomy":"category","embeddable":true,"href":"https:\/\/radiorevelacionfm.cl\/index.php?rest_route=%2Fwp%2Fv2%2Fcategories&post=65034"},{"taxonomy":"post_tag","embeddable":true,"href":"https:\/\/radiorevelacionfm.cl\/index.php?rest_route=%2Fwp%2Fv2%2Ftags&post=65034"}],"curies":[{"name":"wp","href":"https:\/\/api.w.org\/{rel}","templated":true}]}}