{"id":65030,"date":"2026-03-12T14:32:25","date_gmt":"2026-03-12T17:32:25","guid":{"rendered":"https:\/\/radiorevelacionfm.cl\/?p=65030"},"modified":"2026-03-12T14:32:25","modified_gmt":"2026-03-12T17:32:25","slug":"bordadoras-del-baker-y-alfareras-de-puerto-ibanez-protagonizan-dialogo-sobre-genero-y-patrimonio-en-aysen","status":"publish","type":"post","link":"https:\/\/radiorevelacionfm.cl\/?p=65030","title":{"rendered":"Bordadoras del Baker y alfareras de Puerto Ib\u00e1\u00f1ez protagonizan di\u00e1logo sobre g\u00e9nero y patrimonio en Ays\u00e9n"},"content":{"rendered":"<div class=\"flex_column av_one_full  flex_column_div av-zero-column-padding first  avia-builder-el-0  el_before_av_one_full  avia-builder-el-first  \" style='border-radius:0px; '><div  class='avia-image-container  av-styling-    avia-builder-el-1  avia-builder-el-no-sibling  avia-align-center '  itemprop=\"image\" itemscope=\"itemscope\" itemtype=\"https:\/\/schema.org\/ImageObject\"  ><div class='avia-image-container-inner'><div class='avia-image-overlay-wrap'><img decoding=\"async\" class='wp-image-65031 avia-img-lazy-loading-not-65031 avia_image' src=\"https:\/\/radiorevelacionfm.cl\/wp-content\/uploads\/2026\/03\/bordadoras-1-1_optimized.jpg\" alt='' title='bordadoras-1-(1)_optimized' height=\"600\" width=\"1067\"  itemprop=\"thumbnailUrl\" srcset=\"https:\/\/radiorevelacionfm.cl\/wp-content\/uploads\/2026\/03\/bordadoras-1-1_optimized.jpg 1067w, https:\/\/radiorevelacionfm.cl\/wp-content\/uploads\/2026\/03\/bordadoras-1-1_optimized-300x169.jpg 300w, https:\/\/radiorevelacionfm.cl\/wp-content\/uploads\/2026\/03\/bordadoras-1-1_optimized-1030x579.jpg 1030w, https:\/\/radiorevelacionfm.cl\/wp-content\/uploads\/2026\/03\/bordadoras-1-1_optimized-768x432.jpg 768w, https:\/\/radiorevelacionfm.cl\/wp-content\/uploads\/2026\/03\/bordadoras-1-1_optimized-705x396.jpg 705w, https:\/\/radiorevelacionfm.cl\/wp-content\/uploads\/2026\/03\/bordadoras-1-1_optimized-450x253.jpg 450w, https:\/\/radiorevelacionfm.cl\/wp-content\/uploads\/2026\/03\/bordadoras-1-1_optimized-600x337.jpg 600w\" sizes=\"(max-width: 1067px) 100vw, 1067px\" \/><\/div><\/div><\/div><\/div><div class=\"flex_column av_one_full  flex_column_div av-zero-column-padding first  avia-builder-el-2  el_after_av_one_full  el_before_av_one_full  column-top-margin\" style='border-radius:0px; '><section class=\"av_textblock_section \"  itemscope=\"itemscope\" itemtype=\"https:\/\/schema.org\/BlogPosting\" itemprop=\"blogPost\" ><div class='avia_textblock  '   itemprop=\"text\" ><p style=\"text-align: center;\"><span style=\"font-size: 18pt;\"><b>Bordadoras del Baker y alfareras de Puerto Ib\u00e1\u00f1ez protagonizan di\u00e1logo sobre g\u00e9nero y patrimonio en Ays\u00e9n<\/b><\/span><\/p>\n<div id=\"gtx-trans\" style=\"position: absolute; left: -50px; top: 4.31534px;\">\n<div class=\"gtx-trans-icon\"><\/div>\n<\/div>\n<\/div><\/section><\/div><div class=\"flex_column av_one_full  flex_column_div av-zero-column-padding first  avia-builder-el-4  el_after_av_one_full  el_before_av_hr  column-top-margin\" style='border-radius:0px; '><section class=\"av_textblock_section \"  itemscope=\"itemscope\" itemtype=\"https:\/\/schema.org\/BlogPosting\" itemprop=\"blogPost\" ><div class='avia_textblock  '   itemprop=\"text\" ><p style=\"font-weight: 400; text-align: justify;\"><em>La conversaci\u00f3n busca posicionar la experiencia femenina desde los oficios, memoria y patrimonio en la regi\u00f3n de Ays\u00e9n.<\/em><\/p>\n<p style=\"font-weight: 400; text-align: justify;\">Este viernes 13 de marzo se desarrollar\u00e1 el di\u00e1logo \u201cBordadoras y Alfareras: Conversemos sobre G\u00e9nero y Patrimonio\u201d, actividad organizada por el Servicio Nacional del Patrimonio Cultural, que busca poner en valor los oficios realizados por mujeres en la regi\u00f3n de Ays\u00e9n.<\/p>\n<p style=\"font-weight: 400; text-align: justify;\">Y es que en el marco de una nueva conmemoraci\u00f3n del D\u00eda Internacional de la Mujer, las unidades de Patrimonio Cultural Inmaterial, y G\u00e9nero, prometen una jornada de encuentro y reconocimiento a la labor de las Bordadoras del Baker y alfareras de Puerto Ib\u00e1\u00f1ez, mujeres que mantienen vivas memorias y tradiciones generacionales.<\/p>\n<p style=\"font-weight: 400; text-align: justify;\">Marisol Pizarro y Margarita Baigorr\u00eda ser\u00e1n las encargadas de representar a las Bordadoras del Baker. Para Pizarro, el trabajo que realizan evidencia una resistencia al tiempo y a la transformaci\u00f3n del oficio, el que ha permanecido por generaciones. Sentencia que \u201ces un orgullo seguir la cultura que nos dejaron nuestras abuelas y madres, ac\u00e1 en este rinc\u00f3n tan aislado. Si ellas pudieron hacerlo, cuando hasta los hilos escaseaban, nosotros llegamos con mucha honra a ser Patrimonio Cultural Inmaterial, y ahora estamos resguardadas por el Estado. Por eso, como mujer, hoy en la Patagonia, estoy muy, muy feliz\u201d agrega.<\/p>\n<p style=\"font-weight: 400; text-align: justify;\">Adem\u00e1s de las bordadoras, habr\u00e1 dos representantes de la alfarer\u00eda de Puerto Ib\u00e1\u00f1ez, Eva Carrillo y Alba Segovia, mujeres que compartir\u00e1n sobre el nacimiento, transformaci\u00f3n y legado de este oficio tan asociado con la capital de R\u00edo Ib\u00e1\u00f1ez. Y es que las alfareras tienen una relaci\u00f3n intr\u00ednseca con su territorio, pudiendo reconocer las arcillas y sus colores entre sus cerros; manteniendo una conexi\u00f3n \u00fanica con su lugar de origen.<\/p>\n<p style=\"font-weight: 400; text-align: justify;\">Carrillo, cuenta que empez\u00f3 el oficio a los 16 a\u00f1os, como \u201cuna opci\u00f3n de trabajo, ya que no pude ir al liceo\u201d, y que hoy ad portas de cumplir 50 a\u00f1os dedicada a \u00e9l, le encantar\u00eda tener una base universitaria o validada de su hacer, para llegar a nuevos p\u00fablicos con su labor. A\u00f1ade sobre su trabajo que, \u201cpara las mujeres, y para m\u00ed en especial, este oficio ha servido mucho. Tengo un oficio, aunque no est\u00e9 en una oficina, tengo mi propio taller, he estado en otros talleres tambi\u00e9n, pertenezco a algunas organizaciones de artesanas, he podido viajar tambi\u00e9n con mi cer\u00e1mica y he podido ense\u00f1ar \u00faltimamente a otras mujeres, especialmente. Tambi\u00e9n me he vinculado con ni\u00f1os en la escuela; y as\u00ed me he ido desarrollando como persona, como mujer\u201d concluye revisando su trayectoria.<\/p>\n<p style=\"font-weight: 400; text-align: justify;\">Por medio de estas experiencias el encuentro tiene como foco reflexionar sobre el patrimonio desde el trabajo y visi\u00f3n de las mujeres. Tal como lo establece Claudia Cantero, directora regional del Servicio Nacional del Patrimonio Cultural, quien agrega que, \u201ccomo Serpat queremos promover el patrimonio y la memoria de los territorios, desde un enfoque inclusivo y que visibilice a todos y todas quienes lo desarrollan; a modo de permitir una mayor apropiaci\u00f3n, orgullo y pertenencia de las culturas locales\u201d, asegura sobre el sentido de la actividad, la que cobra mayor realce con la conmemoraci\u00f3n de un nuevo 8M.<\/p>\n<p style=\"font-weight: 400; text-align: justify;\">En esa l\u00ednea y considerando la reciente incorporaci\u00f3n de las Bordadoras del Baker al Registro del Patrimonio Cultural Inmaterial, adquiere mayor importancia el desarrollo de espacios abiertos a la comunidad, para continuar con medidas que permitan el reconocimiento de otros patrimonios. A\u00f1ade que \u201ccon las Bordadoras del Baker estamos observando un reconocimiento buscado desde la misma comunidad, lo que refuerza la necesidad de poner en valor el patrimonio de nuestros territorios, sobre todo los que est\u00e1n m\u00e1s invisibilizados, y qu\u00e9 mejor que a trav\u00e9s de di\u00e1logos participativos\u201d, cierra.<\/p>\n<p style=\"font-weight: 400; text-align: justify;\">A trav\u00e9s de sus relatos y experiencias de vida, bordadoras y alfareras compartir\u00e1n c\u00f3mo estos oficios han sido una manera de sostener comunidades, memoria y formas de vida en la Patagonia. El encuentro se realizar\u00e1 este viernes 13 de marzo, a las 17:30 horas, en el auditorio de la Biblioteca Regional de Ays\u00e9n, y es abierto a todo p\u00fablico.<\/p>\n<\/div><\/section><\/div><div  style='height:50px' class='hr hr-invisible   avia-builder-el-6  el_after_av_one_full  el_before_av_social_share '><span class='hr-inner ' ><span class='hr-inner-style'><\/span><\/span><\/div><\/p>\n<div  class='av-social-sharing-box  avia-builder-el-7  el_after_av_hr  el_before_av_hr  '><div class='av-share-box'><h5 class='av-share-link-description av-no-toc '>Compartir esta noticia<\/h5><ul class='av-share-box-list noLightbox'><li class='av-share-link av-social-link-facebook' ><a target=\"_blank\" aria-label=\"Compartir en Facebook\" href='https:\/\/www.facebook.com\/sharer.php?u=https:\/\/radiorevelacionfm.cl\/?p=65030&#038;t=Bordadoras%20del%20Baker%20y%20alfareras%20de%20Puerto%20Ib%C3%A1%C3%B1ez%20protagonizan%20di%C3%A1logo%20sobre%20g%C3%A9nero%20y%20patrimonio%20en%20Ays%C3%A9n' aria-hidden='false' data-av_icon='\ue8f3' data-av_iconfont='entypo-fontello' title='' data-avia-related-tooltip='Compartir en Facebook' rel=\"noopener\"><span class='avia_hidden_link_text'>Compartir en Facebook<\/span><\/a><\/li><li class='av-share-link av-social-link-twitter' ><a target=\"_blank\" aria-label=\"Compartir en Twitter\" href='https:\/\/twitter.com\/share?text=Bordadoras%20del%20Baker%20y%20alfareras%20de%20Puerto%20Ib%C3%A1%C3%B1ez%20protagonizan%20di%C3%A1logo%20sobre%20g%C3%A9nero%20y%20patrimonio%20en%20Ays%C3%A9n&#038;url=https:\/\/radiorevelacionfm.cl\/?p=65030' aria-hidden='false' data-av_icon='\ue8f1' data-av_iconfont='entypo-fontello' title='' data-avia-related-tooltip='Compartir en Twitter' rel=\"noopener\"><span class='avia_hidden_link_text'>Compartir en Twitter<\/span><\/a><\/li><li class='av-share-link av-social-link-whatsapp' ><a target=\"_blank\" aria-label=\"Compartir en Whatsapp\" href='https:\/\/api.whatsapp.com\/send?text=https:\/\/radiorevelacionfm.cl\/?p=65030' aria-hidden='false' data-av_icon='\uf232' data-av_iconfont='entypo-fontello' title='' data-avia-related-tooltip='Compartir en Whatsapp' rel=\"noopener\"><span class='avia_hidden_link_text'>Compartir en Whatsapp<\/span><\/a><\/li><li class='av-share-link av-social-link-linkedin' ><a target=\"_blank\" aria-label=\"Compartir en LinkedIn\" href='https:\/\/linkedin.com\/shareArticle?mini=true&#038;title=Bordadoras%20del%20Baker%20y%20alfareras%20de%20Puerto%20Ib%C3%A1%C3%B1ez%20protagonizan%20di%C3%A1logo%20sobre%20g%C3%A9nero%20y%20patrimonio%20en%20Ays%C3%A9n&#038;url=https:\/\/radiorevelacionfm.cl\/?p=65030' aria-hidden='false' data-av_icon='\ue8fc' data-av_iconfont='entypo-fontello' title='' data-avia-related-tooltip='Compartir en LinkedIn' rel=\"noopener\"><span class='avia_hidden_link_text'>Compartir en LinkedIn<\/span><\/a><\/li><li class='av-share-link av-social-link-mail' ><a  aria-label=\"Compartir por correo\" href='mailto:?subject=Bordadoras%20del%20Baker%20y%20alfareras%20de%20Puerto%20Ib%C3%A1%C3%B1ez%20protagonizan%20di%C3%A1logo%20sobre%20g%C3%A9nero%20y%20patrimonio%20en%20Ays%C3%A9n&#038;body=https:\/\/radiorevelacionfm.cl\/?p=65030' aria-hidden='false' data-av_icon='\ue805' data-av_iconfont='entypo-fontello' title='' data-avia-related-tooltip='Compartir por correo'><span class='avia_hidden_link_text'>Compartir por correo<\/span><\/a><\/li><\/ul><\/div><\/div>\n<div  style='height:50px' class='hr hr-invisible   avia-builder-el-8  el_after_av_social_share  el_before_av_comments_list '><span class='hr-inner ' ><span class='hr-inner-style'><\/span><\/span><\/div>\n<div  class='av-buildercomment  av-blog-meta-html-info-disabled av-blog-meta-tag-disabled  '><\/div>\n","protected":false},"excerpt":{"rendered":"","protected":false},"author":1,"featured_media":65031,"comment_status":"closed","ping_status":"closed","sticky":false,"template":"","format":"standard","meta":{"footnotes":""},"categories":[52],"tags":[],"class_list":["post-65030","post","type-post","status-publish","format-standard","has-post-thumbnail","hentry","category-cultura"],"jetpack_featured_media_url":"https:\/\/radiorevelacionfm.cl\/wp-content\/uploads\/2026\/03\/bordadoras-1-1_optimized.jpg","_links":{"self":[{"href":"https:\/\/radiorevelacionfm.cl\/index.php?rest_route=\/wp\/v2\/posts\/65030","targetHints":{"allow":["GET"]}}],"collection":[{"href":"https:\/\/radiorevelacionfm.cl\/index.php?rest_route=\/wp\/v2\/posts"}],"about":[{"href":"https:\/\/radiorevelacionfm.cl\/index.php?rest_route=\/wp\/v2\/types\/post"}],"author":[{"embeddable":true,"href":"https:\/\/radiorevelacionfm.cl\/index.php?rest_route=\/wp\/v2\/users\/1"}],"replies":[{"embeddable":true,"href":"https:\/\/radiorevelacionfm.cl\/index.php?rest_route=%2Fwp%2Fv2%2Fcomments&post=65030"}],"version-history":[{"count":2,"href":"https:\/\/radiorevelacionfm.cl\/index.php?rest_route=\/wp\/v2\/posts\/65030\/revisions"}],"predecessor-version":[{"id":65033,"href":"https:\/\/radiorevelacionfm.cl\/index.php?rest_route=\/wp\/v2\/posts\/65030\/revisions\/65033"}],"wp:featuredmedia":[{"embeddable":true,"href":"https:\/\/radiorevelacionfm.cl\/index.php?rest_route=\/wp\/v2\/media\/65031"}],"wp:attachment":[{"href":"https:\/\/radiorevelacionfm.cl\/index.php?rest_route=%2Fwp%2Fv2%2Fmedia&parent=65030"}],"wp:term":[{"taxonomy":"category","embeddable":true,"href":"https:\/\/radiorevelacionfm.cl\/index.php?rest_route=%2Fwp%2Fv2%2Fcategories&post=65030"},{"taxonomy":"post_tag","embeddable":true,"href":"https:\/\/radiorevelacionfm.cl\/index.php?rest_route=%2Fwp%2Fv2%2Ftags&post=65030"}],"curies":[{"name":"wp","href":"https:\/\/api.w.org\/{rel}","templated":true}]}}