{"id":65025,"date":"2026-03-12T14:14:48","date_gmt":"2026-03-12T17:14:48","guid":{"rendered":"https:\/\/radiorevelacionfm.cl\/?p=65025"},"modified":"2026-03-12T14:14:48","modified_gmt":"2026-03-12T17:14:48","slug":"comite-tecnico-regional-aprueba-nuevas-bases-para-concurso-de-suelos-con-foco-en-conservacion-y-mitigacion-al-dano-producido-por-cuncunilla-en-las-praderas","status":"publish","type":"post","link":"https:\/\/radiorevelacionfm.cl\/?p=65025","title":{"rendered":"Comit\u00e9 T\u00e9cnico Regional aprueba nuevas bases para concurso de suelos con foco en conservaci\u00f3n y mitigaci\u00f3n al da\u00f1o producido por cuncunilla en las praderas."},"content":{"rendered":"<div class=\"flex_column av_one_full  flex_column_div av-zero-column-padding first  avia-builder-el-0  el_before_av_one_full  avia-builder-el-first  \" style='border-radius:0px; '><div  class='avia-image-container  av-styling-    avia-builder-el-1  avia-builder-el-no-sibling  avia-align-center '  itemprop=\"image\" itemscope=\"itemscope\" itemtype=\"https:\/\/schema.org\/ImageObject\"  ><div class='avia-image-container-inner'><div class='avia-image-overlay-wrap'><img decoding=\"async\" class='wp-image-65026 avia-img-lazy-loading-not-65026 avia_image' src=\"https:\/\/radiorevelacionfm.cl\/wp-content\/uploads\/2026\/03\/20260310_100020-1-1.jpg\" alt='' title='20260310_100020 (1) (1)' height=\"600\" width=\"1067\"  itemprop=\"thumbnailUrl\" srcset=\"https:\/\/radiorevelacionfm.cl\/wp-content\/uploads\/2026\/03\/20260310_100020-1-1.jpg 1067w, https:\/\/radiorevelacionfm.cl\/wp-content\/uploads\/2026\/03\/20260310_100020-1-1-300x169.jpg 300w, https:\/\/radiorevelacionfm.cl\/wp-content\/uploads\/2026\/03\/20260310_100020-1-1-1030x579.jpg 1030w, https:\/\/radiorevelacionfm.cl\/wp-content\/uploads\/2026\/03\/20260310_100020-1-1-768x432.jpg 768w, https:\/\/radiorevelacionfm.cl\/wp-content\/uploads\/2026\/03\/20260310_100020-1-1-705x396.jpg 705w, https:\/\/radiorevelacionfm.cl\/wp-content\/uploads\/2026\/03\/20260310_100020-1-1-450x253.jpg 450w, https:\/\/radiorevelacionfm.cl\/wp-content\/uploads\/2026\/03\/20260310_100020-1-1-600x337.jpg 600w\" sizes=\"(max-width: 1067px) 100vw, 1067px\" \/><\/div><\/div><\/div><\/div><div class=\"flex_column av_one_full  flex_column_div av-zero-column-padding first  avia-builder-el-2  el_after_av_one_full  el_before_av_one_full  column-top-margin\" style='border-radius:0px; '><section class=\"av_textblock_section \"  itemscope=\"itemscope\" itemtype=\"https:\/\/schema.org\/BlogPosting\" itemprop=\"blogPost\" ><div class='avia_textblock  '   itemprop=\"text\" ><p style=\"text-align: center;\"><span style=\"font-size: 18pt;\"><strong>Comit\u00e9 T\u00e9cnico Regional aprueba nuevas bases para concurso de suelos con foco en conservaci\u00f3n y mitigaci\u00f3n al da\u00f1o producido por cuncunilla en las praderas.<\/strong><\/span><\/p>\n<div id=\"gtx-trans\" style=\"position: absolute; left: -50px; top: 4.31534px;\">\n<div class=\"gtx-trans-icon\"><\/div>\n<\/div>\n<\/div><\/section><\/div><div class=\"flex_column av_one_full  flex_column_div av-zero-column-padding first  avia-builder-el-4  el_after_av_one_full  el_before_av_hr  column-top-margin\" style='border-radius:0px; '><section class=\"av_textblock_section \"  itemscope=\"itemscope\" itemtype=\"https:\/\/schema.org\/BlogPosting\" itemprop=\"blogPost\" ><div class='avia_textblock  '   itemprop=\"text\" ><p style=\"text-align: justify;\"><em>La instancia, presidida por la Seremi de Agricultura, defini\u00f3 los lineamientos del concurso N\u00b02 del programa silvoagroambiental, destacando una inversi\u00f3n de m\u00e1s de $1.500 millones y la incorporaci\u00f3n de nuevas pr\u00e1cticas para enfrentar problem\u00e1ticas como la cuncunilla negra y el cambio clim\u00e1tico.<\/em><\/p>\n<p style=\"text-align: justify;\">Con la participaci\u00f3n de representantes del sector p\u00fablico, privado, operadores acreditados y productores del sector silvoagropecuario, se realiz\u00f3 este martes sesi\u00f3n del Comit\u00e9 T\u00e9cnico Regional (CTR) del programa FNDR, instancia que defini\u00f3 los criterios del pr\u00f3ximo concurso de pr\u00e1cticas silvoagroambientales para la regi\u00f3n de Ays\u00e9n.<\/p>\n<p style=\"text-align: justify;\">El balance del programa arroja cifras positivas: 234 productores beneficiados, 2.194 hect\u00e1reas trabajadas y una inversi\u00f3n que alcanza los mil quinientos millones de pesos, distribuidos entre SAG e INDAP. A ello se suman las actividades de capacitaci\u00f3n impulsadas por INIA, que han llegado a 99 productores a trav\u00e9s de unidades demostrativas, predios vitrinas y d\u00edas de campo.<\/p>\n<p style=\"text-align: justify;\">Uno de los acuerdos centrales de la jornada fue la aprobaci\u00f3n de la nueva tabla de costos regional, instrumento que considera 112 labores y que, por primera vez, reconoce las diferencias territoriales con un diferencial de precios de hasta un 41% entre Coyhaique-Ays\u00e9n y el resto de las comunas.<\/p>\n<p style=\"text-align: justify;\">\u00abEste programa es muy beneficioso para los productores de la regi\u00f3n porque viene con la tabla de costo m\u00e1s asociada a la realidad de nuestra zona\u00bb, se\u00f1al\u00f3 Carolina Vald\u00e9s, asesora t\u00e9cnica del PRODESAL Coyhaique Norte. \u00abHoy nos informaron que se suman nuevas labores, espec\u00edficamente para la mitigaci\u00f3n de la cuncunilla negra, que ha afectado a varios sectores. Es importante que se flexibilice y se incorporen nuevas pr\u00e1cticas a esta tabla, considerando las problem\u00e1ticas que antes no ten\u00edamos\u00bb, agreg\u00f3.<\/p>\n<p style=\"text-align: justify;\">El \u00e9nfasis conservacionista del concurso qued\u00f3 reflejado en los criterios de selecci\u00f3n, que otorgan 600 puntos a las labores de conservaci\u00f3n de suelos y 500 puntos a la recuperaci\u00f3n de praderas, junto con puntajes adicionales por no usar fuego, por postular desde comunas distintas a Coyhaique y Ays\u00e9n, y por g\u00e9nero femenino.<\/p>\n<p style=\"text-align: justify;\">\u00abEl gobernador regional Marcelo Santana nos encomend\u00f3 dar soluci\u00f3n a las expectativas que tienen los campesinos de Ays\u00e9n para este programa de suelo, que ha cambiado los sistemas productivos de la regi\u00f3n\u00bb, explic\u00f3 Ram\u00f3n Henr\u00edquez, representante del Gobierno Regional. \u00abLa novedad es la inyecci\u00f3n de m\u00e1s de 750 millones de pesos para el control de la cuncunilla negra esta temporada. Vemos c\u00f3mo los equipos t\u00e9cnicos han contribuido a mejorar las pr\u00e1cticas y llegar a m\u00e1s productores\u00bb, precis\u00f3.<\/p>\n<p style=\"text-align: justify;\">El programa tambi\u00e9n estableci\u00f3 una asignaci\u00f3n especial de recursos con fondos 2026 para aquellos planes de manejo que quedaron aprobados sin financiamiento en la temporada anterior, y avanza en coordinaci\u00f3n con CONAF para facilitar la elaboraci\u00f3n de Planes de Manejo Forestal requeridos en labores de habilitaci\u00f3n silvopastoral.<\/p>\n<p style=\"text-align: justify;\">Di\u00f3genes Cay\u00fan, representante del Consejo Asesor, valor\u00f3 la instancia participativa. \u00abMe parece bien el concurso, por lo menos se tiene la opini\u00f3n de t\u00e9cnicos y la representaci\u00f3n campesina. Hay inter\u00e9s del gobierno regional de resolver nuestra problem\u00e1tica. No podemos desconocer la pol\u00edtica intersectorial, que ha sido el apoyo principal de este proceso\u00bb, sostuvo.<\/p>\n<p style=\"text-align: justify;\">El dirigente enfatiz\u00f3 la relevancia del programa para la ganader\u00eda regional. \u00abTenemos un reproceso de 8 a\u00f1os aproximadamente, estamos al debe especialmente con la ganader\u00eda regional y la agricultura familiar campesina, que representamos el 35% de lo que se produce en Ays\u00e9n, los crianceros de ganado. Con estas nuevas bases, ya vamos por buen camino\u00bb, concluy\u00f3.<\/p>\n<p style=\"text-align: justify;\">Las postulaciones al concurso N\u00b02 estar\u00e1n abiertas desde el 6 de abril hasta el 25 de mayo de 2026, con bonificaciones diferenciadas seg\u00fan el tipo de productor \u2014peque\u00f1o, mediano o grande\u2014 y un tope de 160 UTM por productor. Los interesados pueden recabar mayores detalles en las oficinas de INDAP y SAG de la regi\u00f3n.<\/p>\n<\/div><\/section><\/div><div  style='height:50px' class='hr hr-invisible   avia-builder-el-6  el_after_av_one_full  el_before_av_social_share '><span class='hr-inner ' ><span class='hr-inner-style'><\/span><\/span><\/div><\/p>\n<div  class='av-social-sharing-box  avia-builder-el-7  el_after_av_hr  el_before_av_hr  '><div class='av-share-box'><h5 class='av-share-link-description av-no-toc '>Compartir esta noticia<\/h5><ul class='av-share-box-list noLightbox'><li class='av-share-link av-social-link-facebook' ><a target=\"_blank\" aria-label=\"Compartir en Facebook\" href='https:\/\/www.facebook.com\/sharer.php?u=https:\/\/radiorevelacionfm.cl\/?p=65025&#038;t=Comit%C3%A9%20T%C3%A9cnico%20Regional%20aprueba%20nuevas%20bases%20para%20concurso%20de%20suelos%20con%20foco%20en%20conservaci%C3%B3n%20y%20mitigaci%C3%B3n%20al%20da%C3%B1o%20producido%20por%20cuncunilla%20en%20las%20praderas.' aria-hidden='false' data-av_icon='\ue8f3' data-av_iconfont='entypo-fontello' title='' data-avia-related-tooltip='Compartir en Facebook' rel=\"noopener\"><span class='avia_hidden_link_text'>Compartir en Facebook<\/span><\/a><\/li><li class='av-share-link av-social-link-twitter' ><a target=\"_blank\" aria-label=\"Compartir en Twitter\" href='https:\/\/twitter.com\/share?text=Comit%C3%A9%20T%C3%A9cnico%20Regional%20aprueba%20nuevas%20bases%20para%20concurso%20de%20suelos%20con%20foco%20en%20conservaci%C3%B3n%20y%20mitigaci%C3%B3n%20al%20da%C3%B1o%20producido%20por%20cuncunilla%20en%20las%20praderas.&#038;url=https:\/\/radiorevelacionfm.cl\/?p=65025' aria-hidden='false' data-av_icon='\ue8f1' data-av_iconfont='entypo-fontello' title='' data-avia-related-tooltip='Compartir en Twitter' rel=\"noopener\"><span class='avia_hidden_link_text'>Compartir en Twitter<\/span><\/a><\/li><li class='av-share-link av-social-link-whatsapp' ><a target=\"_blank\" aria-label=\"Compartir en Whatsapp\" href='https:\/\/api.whatsapp.com\/send?text=https:\/\/radiorevelacionfm.cl\/?p=65025' aria-hidden='false' data-av_icon='\uf232' data-av_iconfont='entypo-fontello' title='' data-avia-related-tooltip='Compartir en Whatsapp' rel=\"noopener\"><span class='avia_hidden_link_text'>Compartir en Whatsapp<\/span><\/a><\/li><li class='av-share-link av-social-link-linkedin' ><a target=\"_blank\" aria-label=\"Compartir en LinkedIn\" href='https:\/\/linkedin.com\/shareArticle?mini=true&#038;title=Comit%C3%A9%20T%C3%A9cnico%20Regional%20aprueba%20nuevas%20bases%20para%20concurso%20de%20suelos%20con%20foco%20en%20conservaci%C3%B3n%20y%20mitigaci%C3%B3n%20al%20da%C3%B1o%20producido%20por%20cuncunilla%20en%20las%20praderas.&#038;url=https:\/\/radiorevelacionfm.cl\/?p=65025' aria-hidden='false' data-av_icon='\ue8fc' data-av_iconfont='entypo-fontello' title='' data-avia-related-tooltip='Compartir en LinkedIn' rel=\"noopener\"><span class='avia_hidden_link_text'>Compartir en LinkedIn<\/span><\/a><\/li><li class='av-share-link av-social-link-mail' ><a  aria-label=\"Compartir por correo\" href='mailto:?subject=Comit%C3%A9%20T%C3%A9cnico%20Regional%20aprueba%20nuevas%20bases%20para%20concurso%20de%20suelos%20con%20foco%20en%20conservaci%C3%B3n%20y%20mitigaci%C3%B3n%20al%20da%C3%B1o%20producido%20por%20cuncunilla%20en%20las%20praderas.&#038;body=https:\/\/radiorevelacionfm.cl\/?p=65025' aria-hidden='false' data-av_icon='\ue805' data-av_iconfont='entypo-fontello' title='' data-avia-related-tooltip='Compartir por correo'><span class='avia_hidden_link_text'>Compartir por correo<\/span><\/a><\/li><\/ul><\/div><\/div>\n<div  style='height:50px' class='hr hr-invisible   avia-builder-el-8  el_after_av_social_share  el_before_av_comments_list '><span class='hr-inner ' ><span class='hr-inner-style'><\/span><\/span><\/div>\n<div  class='av-buildercomment  av-blog-meta-html-info-disabled av-blog-meta-tag-disabled  '><\/div>\n","protected":false},"excerpt":{"rendered":"","protected":false},"author":1,"featured_media":65026,"comment_status":"closed","ping_status":"closed","sticky":false,"template":"","format":"standard","meta":{"footnotes":""},"categories":[58],"tags":[],"class_list":["post-65025","post","type-post","status-publish","format-standard","has-post-thumbnail","hentry","category-agricultura"],"jetpack_featured_media_url":"https:\/\/radiorevelacionfm.cl\/wp-content\/uploads\/2026\/03\/20260310_100020-1-1.jpg","_links":{"self":[{"href":"https:\/\/radiorevelacionfm.cl\/index.php?rest_route=\/wp\/v2\/posts\/65025","targetHints":{"allow":["GET"]}}],"collection":[{"href":"https:\/\/radiorevelacionfm.cl\/index.php?rest_route=\/wp\/v2\/posts"}],"about":[{"href":"https:\/\/radiorevelacionfm.cl\/index.php?rest_route=\/wp\/v2\/types\/post"}],"author":[{"embeddable":true,"href":"https:\/\/radiorevelacionfm.cl\/index.php?rest_route=\/wp\/v2\/users\/1"}],"replies":[{"embeddable":true,"href":"https:\/\/radiorevelacionfm.cl\/index.php?rest_route=%2Fwp%2Fv2%2Fcomments&post=65025"}],"version-history":[{"count":2,"href":"https:\/\/radiorevelacionfm.cl\/index.php?rest_route=\/wp\/v2\/posts\/65025\/revisions"}],"predecessor-version":[{"id":65029,"href":"https:\/\/radiorevelacionfm.cl\/index.php?rest_route=\/wp\/v2\/posts\/65025\/revisions\/65029"}],"wp:featuredmedia":[{"embeddable":true,"href":"https:\/\/radiorevelacionfm.cl\/index.php?rest_route=\/wp\/v2\/media\/65026"}],"wp:attachment":[{"href":"https:\/\/radiorevelacionfm.cl\/index.php?rest_route=%2Fwp%2Fv2%2Fmedia&parent=65025"}],"wp:term":[{"taxonomy":"category","embeddable":true,"href":"https:\/\/radiorevelacionfm.cl\/index.php?rest_route=%2Fwp%2Fv2%2Fcategories&post=65025"},{"taxonomy":"post_tag","embeddable":true,"href":"https:\/\/radiorevelacionfm.cl\/index.php?rest_route=%2Fwp%2Fv2%2Ftags&post=65025"}],"curies":[{"name":"wp","href":"https:\/\/api.w.org\/{rel}","templated":true}]}}