{"id":65017,"date":"2026-03-12T12:11:13","date_gmt":"2026-03-12T15:11:13","guid":{"rendered":"https:\/\/radiorevelacionfm.cl\/?p=65017"},"modified":"2026-03-12T12:11:13","modified_gmt":"2026-03-12T15:11:13","slug":"fiscalia-regional-de-aysen-organizo-capacitacion-interinstitucional-sobre-crimen-organizado","status":"publish","type":"post","link":"https:\/\/radiorevelacionfm.cl\/?p=65017","title":{"rendered":"Fiscal\u00eda Regional de Ays\u00e9n organiz\u00f3 capacitaci\u00f3n interinstitucional sobre crimen organizado"},"content":{"rendered":"<div class=\"flex_column av_one_full  flex_column_div av-zero-column-padding first  avia-builder-el-0  el_before_av_one_full  avia-builder-el-first  \" style='border-radius:0px; '><div  class='avia-image-container  av-styling-    avia-builder-el-1  avia-builder-el-no-sibling  avia-align-center '  itemprop=\"image\" itemscope=\"itemscope\" itemtype=\"https:\/\/schema.org\/ImageObject\"  ><div class='avia-image-container-inner'><div class='avia-image-overlay-wrap'><img decoding=\"async\" class='wp-image-65018 avia-img-lazy-loading-not-65018 avia_image' src=\"https:\/\/radiorevelacionfm.cl\/wp-content\/uploads\/2026\/03\/1-2026-03-12T105144.319-1-1.jpg\" alt='' title='1 - 2026-03-12T105144.319 (1) (1)' height=\"600\" width=\"900\"  itemprop=\"thumbnailUrl\" srcset=\"https:\/\/radiorevelacionfm.cl\/wp-content\/uploads\/2026\/03\/1-2026-03-12T105144.319-1-1.jpg 900w, https:\/\/radiorevelacionfm.cl\/wp-content\/uploads\/2026\/03\/1-2026-03-12T105144.319-1-1-300x200.jpg 300w, https:\/\/radiorevelacionfm.cl\/wp-content\/uploads\/2026\/03\/1-2026-03-12T105144.319-1-1-768x512.jpg 768w, https:\/\/radiorevelacionfm.cl\/wp-content\/uploads\/2026\/03\/1-2026-03-12T105144.319-1-1-705x470.jpg 705w, https:\/\/radiorevelacionfm.cl\/wp-content\/uploads\/2026\/03\/1-2026-03-12T105144.319-1-1-450x300.jpg 450w, https:\/\/radiorevelacionfm.cl\/wp-content\/uploads\/2026\/03\/1-2026-03-12T105144.319-1-1-600x400.jpg 600w\" sizes=\"(max-width: 900px) 100vw, 900px\" \/><\/div><\/div><\/div><\/div><div class=\"flex_column av_one_full  flex_column_div av-zero-column-padding first  avia-builder-el-2  el_after_av_one_full  el_before_av_one_full  column-top-margin\" style='border-radius:0px; '><section class=\"av_textblock_section \"  itemscope=\"itemscope\" itemtype=\"https:\/\/schema.org\/BlogPosting\" itemprop=\"blogPost\" ><div class='avia_textblock  '   itemprop=\"text\" ><h2 class=\"titulo\" style=\"text-align: center;\"><strong><span style=\"font-size: 18pt;\">Fiscal\u00eda Regional de Ays\u00e9n organiz\u00f3 capacitaci\u00f3n interinstitucional sobre crimen organizado<\/span><\/strong><\/h2>\n<div id=\"gtx-trans\" style=\"position: absolute; left: -50px; top: 4.31534px;\">\n<div class=\"gtx-trans-icon\"><\/div>\n<\/div>\n<\/div><\/section><\/div><div class=\"flex_column av_one_full  flex_column_div av-zero-column-padding first  avia-builder-el-4  el_after_av_one_full  el_before_av_hr  column-top-margin\" style='border-radius:0px; '><section class=\"av_textblock_section \"  itemscope=\"itemscope\" itemtype=\"https:\/\/schema.org\/BlogPosting\" itemprop=\"blogPost\" ><div class='avia_textblock  '   itemprop=\"text\" ><p style=\"text-align: justify;\"><em>El Fiscal Regional, Hern\u00e1n Libedinsky, expres\u00f3 que enfrentar fen\u00f3menos criminales cada vez m\u00e1s complejos requiere fortalecer las herramientas investigativas y profundizar el trabajo coordinado entre las distintas instituciones del Estado.<\/em><\/p>\n<p style=\"text-align: justify;\">Con el objetivo de fortalecer las capacidades investigativas y la coordinaci\u00f3n entre las instituciones encargadas de la persecuci\u00f3n penal, la Fiscal\u00eda Regional de Ays\u00e9n organiz\u00f3 un Programa de Capacitaci\u00f3n Interinstitucional sobre Crimen Organizado, actividad orientada a actualizar conocimientos y compartir herramientas claves para enfrentar este fen\u00f3meno delictual. La actividad se efectu\u00f3 en el auditorio de la PDI en Coyhaique.<\/p>\n<p style=\"text-align: justify;\">La jornada reuni\u00f3 a funcionarias y funcionarios de Carabineros de Chile, Polic\u00eda de Investigaciones, Dipolmar de la Armada de Chile, Gendarmer\u00eda de Chile, Aduanas y Seremi de Seguridad P\u00fablica, quienes participaron en esta instancia destinada a reforzar el trabajo conjunto frente a delitos complejos.<\/p>\n<p style=\"text-align: justify;\">En la ocasi\u00f3n, el Fiscal Regional de Ays\u00e9n, Hern\u00e1n Libedinsky Moscovich, subray\u00f3 la importancia de la capacitaci\u00f3n permanente para las instituciones del sistema de justicia y de seguridad p\u00fablica. En ese contexto, enfatiz\u00f3 que enfrentar fen\u00f3menos criminales cada vez m\u00e1s complejos requiere fortalecer las herramientas investigativas y profundizar el trabajo coordinado.<\/p>\n<p style=\"text-align: justify;\">Las exposiciones estuvieron a cargo del Director de la Unidad Especializada en Crimen Organizado, Tr\u00e1fico Il\u00edcito de Drogas, Homicidios y Lavado de Activos (UCOD), Ignacio Castillo Val, junto a la Subdirectora de la misma unidad, Tania Gajardo Orellana, quienes abordaron diversas materias de inter\u00e9s para el combate al crimen organizado.<\/p>\n<p style=\"text-align: justify;\">El Fiscal Regional, Hern\u00e1n Libedinsky, destac\u00f3 que este tipo de instancias de capacitaci\u00f3n resultan fundamentales para actualizar conocimientos y fortalecer la coordinaci\u00f3n interinstitucional.<\/p>\n<\/div><\/section><\/div><div  style='height:50px' class='hr hr-invisible   avia-builder-el-6  el_after_av_one_full  el_before_av_social_share '><span class='hr-inner ' ><span class='hr-inner-style'><\/span><\/span><\/div><\/p>\n<div  class='av-social-sharing-box  avia-builder-el-7  el_after_av_hr  el_before_av_hr  '><div class='av-share-box'><h5 class='av-share-link-description av-no-toc '>Compartir esta noticia<\/h5><ul class='av-share-box-list noLightbox'><li class='av-share-link av-social-link-facebook' ><a target=\"_blank\" aria-label=\"Compartir en Facebook\" href='https:\/\/www.facebook.com\/sharer.php?u=https:\/\/radiorevelacionfm.cl\/?p=65017&#038;t=Fiscal%C3%ADa%20Regional%20de%20Ays%C3%A9n%20organiz%C3%B3%20capacitaci%C3%B3n%20interinstitucional%20sobre%20crimen%20organizado' aria-hidden='false' data-av_icon='\ue8f3' data-av_iconfont='entypo-fontello' title='' data-avia-related-tooltip='Compartir en Facebook' rel=\"noopener\"><span class='avia_hidden_link_text'>Compartir en Facebook<\/span><\/a><\/li><li class='av-share-link av-social-link-twitter' ><a target=\"_blank\" aria-label=\"Compartir en Twitter\" href='https:\/\/twitter.com\/share?text=Fiscal%C3%ADa%20Regional%20de%20Ays%C3%A9n%20organiz%C3%B3%20capacitaci%C3%B3n%20interinstitucional%20sobre%20crimen%20organizado&#038;url=https:\/\/radiorevelacionfm.cl\/?p=65017' aria-hidden='false' data-av_icon='\ue8f1' data-av_iconfont='entypo-fontello' title='' data-avia-related-tooltip='Compartir en Twitter' rel=\"noopener\"><span class='avia_hidden_link_text'>Compartir en Twitter<\/span><\/a><\/li><li class='av-share-link av-social-link-whatsapp' ><a target=\"_blank\" aria-label=\"Compartir en Whatsapp\" href='https:\/\/api.whatsapp.com\/send?text=https:\/\/radiorevelacionfm.cl\/?p=65017' aria-hidden='false' data-av_icon='\uf232' data-av_iconfont='entypo-fontello' title='' data-avia-related-tooltip='Compartir en Whatsapp' rel=\"noopener\"><span class='avia_hidden_link_text'>Compartir en Whatsapp<\/span><\/a><\/li><li class='av-share-link av-social-link-linkedin' ><a target=\"_blank\" aria-label=\"Compartir en LinkedIn\" href='https:\/\/linkedin.com\/shareArticle?mini=true&#038;title=Fiscal%C3%ADa%20Regional%20de%20Ays%C3%A9n%20organiz%C3%B3%20capacitaci%C3%B3n%20interinstitucional%20sobre%20crimen%20organizado&#038;url=https:\/\/radiorevelacionfm.cl\/?p=65017' aria-hidden='false' data-av_icon='\ue8fc' data-av_iconfont='entypo-fontello' title='' data-avia-related-tooltip='Compartir en LinkedIn' rel=\"noopener\"><span class='avia_hidden_link_text'>Compartir en LinkedIn<\/span><\/a><\/li><li class='av-share-link av-social-link-mail' ><a  aria-label=\"Compartir por correo\" href='mailto:?subject=Fiscal%C3%ADa%20Regional%20de%20Ays%C3%A9n%20organiz%C3%B3%20capacitaci%C3%B3n%20interinstitucional%20sobre%20crimen%20organizado&#038;body=https:\/\/radiorevelacionfm.cl\/?p=65017' aria-hidden='false' data-av_icon='\ue805' data-av_iconfont='entypo-fontello' title='' data-avia-related-tooltip='Compartir por correo'><span class='avia_hidden_link_text'>Compartir por correo<\/span><\/a><\/li><\/ul><\/div><\/div>\n<div  style='height:50px' class='hr hr-invisible   avia-builder-el-8  el_after_av_social_share  el_before_av_comments_list '><span class='hr-inner ' ><span class='hr-inner-style'><\/span><\/span><\/div>\n<div  class='av-buildercomment  av-blog-meta-html-info-disabled av-blog-meta-tag-disabled  '><\/div>\n","protected":false},"excerpt":{"rendered":"","protected":false},"author":1,"featured_media":65018,"comment_status":"closed","ping_status":"closed","sticky":false,"template":"","format":"standard","meta":{"footnotes":""},"categories":[55],"tags":[],"class_list":["post-65017","post","type-post","status-publish","format-standard","has-post-thumbnail","hentry","category-justicia"],"jetpack_featured_media_url":"https:\/\/radiorevelacionfm.cl\/wp-content\/uploads\/2026\/03\/1-2026-03-12T105144.319-1-1.jpg","_links":{"self":[{"href":"https:\/\/radiorevelacionfm.cl\/index.php?rest_route=\/wp\/v2\/posts\/65017","targetHints":{"allow":["GET"]}}],"collection":[{"href":"https:\/\/radiorevelacionfm.cl\/index.php?rest_route=\/wp\/v2\/posts"}],"about":[{"href":"https:\/\/radiorevelacionfm.cl\/index.php?rest_route=\/wp\/v2\/types\/post"}],"author":[{"embeddable":true,"href":"https:\/\/radiorevelacionfm.cl\/index.php?rest_route=\/wp\/v2\/users\/1"}],"replies":[{"embeddable":true,"href":"https:\/\/radiorevelacionfm.cl\/index.php?rest_route=%2Fwp%2Fv2%2Fcomments&post=65017"}],"version-history":[{"count":2,"href":"https:\/\/radiorevelacionfm.cl\/index.php?rest_route=\/wp\/v2\/posts\/65017\/revisions"}],"predecessor-version":[{"id":65021,"href":"https:\/\/radiorevelacionfm.cl\/index.php?rest_route=\/wp\/v2\/posts\/65017\/revisions\/65021"}],"wp:featuredmedia":[{"embeddable":true,"href":"https:\/\/radiorevelacionfm.cl\/index.php?rest_route=\/wp\/v2\/media\/65018"}],"wp:attachment":[{"href":"https:\/\/radiorevelacionfm.cl\/index.php?rest_route=%2Fwp%2Fv2%2Fmedia&parent=65017"}],"wp:term":[{"taxonomy":"category","embeddable":true,"href":"https:\/\/radiorevelacionfm.cl\/index.php?rest_route=%2Fwp%2Fv2%2Fcategories&post=65017"},{"taxonomy":"post_tag","embeddable":true,"href":"https:\/\/radiorevelacionfm.cl\/index.php?rest_route=%2Fwp%2Fv2%2Ftags&post=65017"}],"curies":[{"name":"wp","href":"https:\/\/api.w.org\/{rel}","templated":true}]}}