{"id":65014,"date":"2026-03-12T10:57:49","date_gmt":"2026-03-12T13:57:49","guid":{"rendered":"https:\/\/radiorevelacionfm.cl\/?p=65014"},"modified":"2026-03-12T10:57:49","modified_gmt":"2026-03-12T13:57:49","slug":"miguel-angel-calisto-asume-como-senador-por-aysen-ratificando-compromiso-con-la-vivienda-y-el-trabajo-en-terreno","status":"publish","type":"post","link":"https:\/\/radiorevelacionfm.cl\/?p=65014","title":{"rendered":"Miguel Angel Calisto asume como senador por Ays\u00e9n ratificando compromiso con la vivienda y el trabajo en terreno"},"content":{"rendered":"<div class=\"flex_column av_one_full  flex_column_div av-zero-column-padding first  avia-builder-el-0  el_before_av_one_full  avia-builder-el-first  \" style='border-radius:0px; '><div  class='avia-image-container  av-styling-    avia-builder-el-1  avia-builder-el-no-sibling  avia-align-center '  itemprop=\"image\" itemscope=\"itemscope\" itemtype=\"https:\/\/schema.org\/ImageObject\"  ><div class='avia-image-container-inner'><div class='avia-image-overlay-wrap'><img decoding=\"async\" class='wp-image-0 avia-img-lazy-loading-not-0 avia_image' src=\"http:\/\/radiorevelacionfm.cl\/wp-content\/uploads\/2020\/12\/7ee21_th2.jpg\" alt='' title=''   itemprop=\"thumbnailUrl\"  \/><\/div><\/div><\/div><\/div>\n<div class=\"flex_column av_one_full  flex_column_div av-zero-column-padding first  avia-builder-el-2  el_after_av_one_full  el_before_av_one_full  column-top-margin\" style='border-radius:0px; '><section class=\"av_textblock_section \"  itemscope=\"itemscope\" itemtype=\"https:\/\/schema.org\/BlogPosting\" itemprop=\"blogPost\" ><div class='avia_textblock  '   itemprop=\"text\" ><p style=\"text-align: center;\"><span style=\"font-size: 18pt;\"><b>Miguel Angel Calisto asume como senador por Ays\u00e9n ratificando compromiso con la vivienda y el trabajo en terreno\u00a0<\/b><\/span><\/p>\n<div id=\"gtx-trans\" style=\"position: absolute; left: -50px; top: 4.31534px;\">\n<div class=\"gtx-trans-icon\"><\/div>\n<\/div>\n<\/div><\/section><\/div><div class=\"flex_column av_one_full  flex_column_div av-zero-column-padding first  avia-builder-el-4  el_after_av_one_full  el_before_av_hr  column-top-margin\" style='border-radius:0px; '><section class=\"av_textblock_section \"  itemscope=\"itemscope\" itemtype=\"https:\/\/schema.org\/BlogPosting\" itemprop=\"blogPost\" ><div class='avia_textblock  '   itemprop=\"text\" ><p style=\"text-align: justify;\">En una ceremonia marcada por el respaldo ciudadano, Miguel \u00c1ngel Calisto asumi\u00f3 oficialmente sus funciones como Senador de la Rep\u00fablica en representaci\u00f3n de la Regi\u00f3n de Ays\u00e9n. El parlamentario, quien llega a la C\u00e1mara Alta tras obtener la primera mayor\u00eda regional y la segunda mayor\u00eda a nivel nacional, reafirm\u00f3 que su gesti\u00f3n mantendr\u00e1 el sello de cercan\u00eda y gesti\u00f3n legislativa que ha caracterizado su trayectoria p\u00fablica.<\/p>\n<p style=\"text-align: justify;\">Tras prestar el juramento de rigor y recibir la proclamaci\u00f3n del Tribunal Calificador de Elecciones (TRICEL), el legislador expres\u00f3 su gratitud por el contundente apoyo recibido en las urnas, interpret\u00e1ndolo como un mandato para profundizar el desarrollo de la Patagonia chilena.<\/p>\n<p style=\"text-align: justify;\">\u00abEstamos muy contentos, la verdad, porque hoy d\u00eda asumimos como senador de la Rep\u00fablica en representaci\u00f3n de la gente de Ays\u00e9n. Eso para nosotros es lo m\u00e1s importante, porque nuestra representaci\u00f3n est\u00e1 en el territorio. Logramos en esta elecci\u00f3n obtener la primera mayor\u00eda regional, la segunda mayor\u00eda nacional, y eso nos tiene muy contentos, y sobre todo porque se ha ratificado la voluntad popular con el juramento y tambi\u00e9n la proclamaci\u00f3n del TRICEL\u00bb, se\u00f1al\u00f3 el Senador Miguel \u00c1ngel Calisto.<\/p>\n<p style=\"text-align: justify;\">El arribo de Calisto al Senado no es un inicio desde cero, sino la consolidaci\u00f3n de un trabajo de ocho a\u00f1os como diputado, donde se posicion\u00f3 como una de las voces m\u00e1s activas en la defensa de los intereses regionales. Durante este periodo, su labor se centr\u00f3 en la descentralizaci\u00f3n, la conectividad y la seguridad, logrando articular soluciones directas para las comunidades m\u00e1s aisladas de la regi\u00f3n.<\/p>\n<p style=\"text-align: justify;\">Uno de los pilares fundamentales que el senador Calisto proyecta para este nuevo ciclo es el fortalecimiento del apoyo a los comit\u00e9s habitacionales de la Regi\u00f3n de Ays\u00e9n. Durante casi una d\u00e9cada, el parlamentario ha trabajado codo a codo con las familias ayseninas, fiscalizando proyectos y gestionando recursos ante el Ministerio de Vivienda para reducir el d\u00e9ficit habitacional en la zona.<\/p>\n<p style=\"text-align: justify;\">Al respecto, el senador enfatiz\u00f3 que\u00a0 seguir\u00e1 siendo un puente directo entre los dirigentes sociales y el Ejecutivo. \u00abAgradecido, por supuesto, del respaldo y la confianza que hemos recibido permanentemente por parte de la ciudadan\u00eda, y nos vamos a seguir manteniendo trabajando siempre en terreno, con la gente y con un trabajo legislativo serio, responsable y dedicado al desarrollo regional\u00bb, concluy\u00f3.<\/p>\n<\/div><\/section><\/div><div  style='height:50px' class='hr hr-invisible   avia-builder-el-6  el_after_av_one_full  el_before_av_social_share '><span class='hr-inner ' ><span class='hr-inner-style'><\/span><\/span><\/div><\/p>\n<div  class='av-social-sharing-box  avia-builder-el-7  el_after_av_hr  el_before_av_hr  '><div class='av-share-box'><h5 class='av-share-link-description av-no-toc '>Compartir esta noticia<\/h5><ul class='av-share-box-list noLightbox'><li class='av-share-link av-social-link-facebook' ><a target=\"_blank\" aria-label=\"Compartir en Facebook\" href='https:\/\/www.facebook.com\/sharer.php?u=https:\/\/radiorevelacionfm.cl\/?p=65014&#038;t=Miguel%20Angel%20Calisto%20asume%20como%20senador%20por%20Ays%C3%A9n%20ratificando%20compromiso%20con%20la%20vivienda%20y%20el%20trabajo%20en%20terreno' aria-hidden='false' data-av_icon='\ue8f3' data-av_iconfont='entypo-fontello' title='' data-avia-related-tooltip='Compartir en Facebook' rel=\"noopener\"><span class='avia_hidden_link_text'>Compartir en Facebook<\/span><\/a><\/li><li class='av-share-link av-social-link-twitter' ><a target=\"_blank\" aria-label=\"Compartir en Twitter\" href='https:\/\/twitter.com\/share?text=Miguel%20Angel%20Calisto%20asume%20como%20senador%20por%20Ays%C3%A9n%20ratificando%20compromiso%20con%20la%20vivienda%20y%20el%20trabajo%20en%20terreno&#038;url=https:\/\/radiorevelacionfm.cl\/?p=65014' aria-hidden='false' data-av_icon='\ue8f1' data-av_iconfont='entypo-fontello' title='' data-avia-related-tooltip='Compartir en Twitter' rel=\"noopener\"><span class='avia_hidden_link_text'>Compartir en Twitter<\/span><\/a><\/li><li class='av-share-link av-social-link-whatsapp' ><a target=\"_blank\" aria-label=\"Compartir en Whatsapp\" href='https:\/\/api.whatsapp.com\/send?text=https:\/\/radiorevelacionfm.cl\/?p=65014' aria-hidden='false' data-av_icon='\uf232' data-av_iconfont='entypo-fontello' title='' data-avia-related-tooltip='Compartir en Whatsapp' rel=\"noopener\"><span class='avia_hidden_link_text'>Compartir en Whatsapp<\/span><\/a><\/li><li class='av-share-link av-social-link-linkedin' ><a target=\"_blank\" aria-label=\"Compartir en LinkedIn\" href='https:\/\/linkedin.com\/shareArticle?mini=true&#038;title=Miguel%20Angel%20Calisto%20asume%20como%20senador%20por%20Ays%C3%A9n%20ratificando%20compromiso%20con%20la%20vivienda%20y%20el%20trabajo%20en%20terreno&#038;url=https:\/\/radiorevelacionfm.cl\/?p=65014' aria-hidden='false' data-av_icon='\ue8fc' data-av_iconfont='entypo-fontello' title='' data-avia-related-tooltip='Compartir en LinkedIn' rel=\"noopener\"><span class='avia_hidden_link_text'>Compartir en LinkedIn<\/span><\/a><\/li><li class='av-share-link av-social-link-mail' ><a  aria-label=\"Compartir por correo\" href='mailto:?subject=Miguel%20Angel%20Calisto%20asume%20como%20senador%20por%20Ays%C3%A9n%20ratificando%20compromiso%20con%20la%20vivienda%20y%20el%20trabajo%20en%20terreno&#038;body=https:\/\/radiorevelacionfm.cl\/?p=65014' aria-hidden='false' data-av_icon='\ue805' data-av_iconfont='entypo-fontello' title='' data-avia-related-tooltip='Compartir por correo'><span class='avia_hidden_link_text'>Compartir por correo<\/span><\/a><\/li><\/ul><\/div><\/div>\n<div  style='height:50px' class='hr hr-invisible   avia-builder-el-8  el_after_av_social_share  el_before_av_comments_list '><span class='hr-inner ' ><span class='hr-inner-style'><\/span><\/span><\/div>\n<div  class='av-buildercomment  av-blog-meta-html-info-disabled av-blog-meta-tag-disabled  '><\/div>\n","protected":false},"excerpt":{"rendered":"","protected":false},"author":1,"featured_media":65015,"comment_status":"closed","ping_status":"closed","sticky":false,"template":"","format":"standard","meta":{"footnotes":""},"categories":[35],"tags":[],"class_list":["post-65014","post","type-post","status-publish","format-standard","has-post-thumbnail","hentry","category-politica"],"jetpack_featured_media_url":"https:\/\/radiorevelacionfm.cl\/wp-content\/uploads\/2026\/03\/FOTO-CALISTO-ASUME-COMO-SENADOR-1-1.jpg","_links":{"self":[{"href":"https:\/\/radiorevelacionfm.cl\/index.php?rest_route=\/wp\/v2\/posts\/65014","targetHints":{"allow":["GET"]}}],"collection":[{"href":"https:\/\/radiorevelacionfm.cl\/index.php?rest_route=\/wp\/v2\/posts"}],"about":[{"href":"https:\/\/radiorevelacionfm.cl\/index.php?rest_route=\/wp\/v2\/types\/post"}],"author":[{"embeddable":true,"href":"https:\/\/radiorevelacionfm.cl\/index.php?rest_route=\/wp\/v2\/users\/1"}],"replies":[{"embeddable":true,"href":"https:\/\/radiorevelacionfm.cl\/index.php?rest_route=%2Fwp%2Fv2%2Fcomments&post=65014"}],"version-history":[{"count":2,"href":"https:\/\/radiorevelacionfm.cl\/index.php?rest_route=\/wp\/v2\/posts\/65014\/revisions"}],"predecessor-version":[{"id":65020,"href":"https:\/\/radiorevelacionfm.cl\/index.php?rest_route=\/wp\/v2\/posts\/65014\/revisions\/65020"}],"wp:featuredmedia":[{"embeddable":true,"href":"https:\/\/radiorevelacionfm.cl\/index.php?rest_route=\/wp\/v2\/media\/65015"}],"wp:attachment":[{"href":"https:\/\/radiorevelacionfm.cl\/index.php?rest_route=%2Fwp%2Fv2%2Fmedia&parent=65014"}],"wp:term":[{"taxonomy":"category","embeddable":true,"href":"https:\/\/radiorevelacionfm.cl\/index.php?rest_route=%2Fwp%2Fv2%2Fcategories&post=65014"},{"taxonomy":"post_tag","embeddable":true,"href":"https:\/\/radiorevelacionfm.cl\/index.php?rest_route=%2Fwp%2Fv2%2Ftags&post=65014"}],"curies":[{"name":"wp","href":"https:\/\/api.w.org\/{rel}","templated":true}]}}