{"id":65005,"date":"2026-03-11T20:20:32","date_gmt":"2026-03-11T23:20:32","guid":{"rendered":"https:\/\/radiorevelacionfm.cl\/?p=65005"},"modified":"2026-03-11T20:20:32","modified_gmt":"2026-03-11T23:20:32","slug":"diputada-valdebenito-asume-oficialmente-su-cargo-reafirmando-su-compromiso-con-las-necesidades-de-la-region","status":"publish","type":"post","link":"https:\/\/radiorevelacionfm.cl\/?p=65005","title":{"rendered":"Diputada Valdebenito asume oficialmente su cargo reafirmando su compromiso con las necesidades de la regi\u00f3n"},"content":{"rendered":"<div class=\"flex_column av_one_full  flex_column_div av-zero-column-padding first  avia-builder-el-0  el_before_av_one_full  avia-builder-el-first  \" style='border-radius:0px; '><div  class='avia-image-container  av-styling-    avia-builder-el-1  avia-builder-el-no-sibling  avia-align-center '  itemprop=\"image\" itemscope=\"itemscope\" itemtype=\"https:\/\/schema.org\/ImageObject\"  ><div class='avia-image-container-inner'><div class='avia-image-overlay-wrap'><img decoding=\"async\" class='wp-image-65006 avia-img-lazy-loading-not-65006 avia_image' src=\"https:\/\/radiorevelacionfm.cl\/wp-content\/uploads\/2026\/03\/Diputada-Valdebentio-1-1.jpg\" alt='' title='Diputada Valdebentio (1) (1)' height=\"600\" width=\"900\"  itemprop=\"thumbnailUrl\" srcset=\"https:\/\/radiorevelacionfm.cl\/wp-content\/uploads\/2026\/03\/Diputada-Valdebentio-1-1.jpg 900w, https:\/\/radiorevelacionfm.cl\/wp-content\/uploads\/2026\/03\/Diputada-Valdebentio-1-1-300x200.jpg 300w, https:\/\/radiorevelacionfm.cl\/wp-content\/uploads\/2026\/03\/Diputada-Valdebentio-1-1-768x512.jpg 768w, https:\/\/radiorevelacionfm.cl\/wp-content\/uploads\/2026\/03\/Diputada-Valdebentio-1-1-705x470.jpg 705w, https:\/\/radiorevelacionfm.cl\/wp-content\/uploads\/2026\/03\/Diputada-Valdebentio-1-1-450x300.jpg 450w, https:\/\/radiorevelacionfm.cl\/wp-content\/uploads\/2026\/03\/Diputada-Valdebentio-1-1-600x400.jpg 600w\" sizes=\"(max-width: 900px) 100vw, 900px\" \/><\/div><\/div><\/div><\/div><div class=\"flex_column av_one_full  flex_column_div av-zero-column-padding first  avia-builder-el-2  el_after_av_one_full  el_before_av_one_full  column-top-margin\" style='border-radius:0px; '><section class=\"av_textblock_section \"  itemscope=\"itemscope\" itemtype=\"https:\/\/schema.org\/BlogPosting\" itemprop=\"blogPost\" ><div class='avia_textblock  '   itemprop=\"text\" ><p style=\"text-align: center;\"><span style=\"font-size: 18pt;\"><strong>Diputada Valdebenito asume oficialmente su cargo reafirmando su compromiso con las necesidades de la regi\u00f3n<\/strong><\/span><\/p>\n<div id=\"gtx-trans\" style=\"position: absolute; left: -50px; top: 4.31534px;\">\n<div class=\"gtx-trans-icon\"><\/div>\n<\/div>\n<\/div><\/section><\/div><div class=\"flex_column av_one_full  flex_column_div av-zero-column-padding first  avia-builder-el-4  el_after_av_one_full  el_before_av_hr  column-top-margin\" style='border-radius:0px; '><section class=\"av_textblock_section \"  itemscope=\"itemscope\" itemtype=\"https:\/\/schema.org\/BlogPosting\" itemprop=\"blogPost\" ><div class='avia_textblock  '   itemprop=\"text\" ><p style=\"text-align: justify;\"><em>\u201cLos diagn\u00f3sticos en nuestra regi\u00f3n est\u00e1n claros\u201d, se\u00f1al\u00f3 la parlamentaria, quien tambi\u00e9n destac\u00f3 el car\u00e1cter hist\u00f3rico de la jornada, donde Jos\u00e9 Antonio Kast asumi\u00f3 como presidente de la Rep\u00fablica<\/em><\/p>\n<p style=\"text-align: justify;\">Este mi\u00e9rcoles la diputada\u00a0Alejandra Valdebenito\u00a0asumi\u00f3 oficialmente su cargo como representante de la\u00a0regi\u00f3n de Ays\u00e9n en el Congreso, en una jornada marcada adem\u00e1s por el cambio de mando presidencial en el pa\u00eds, en el que asumi\u00f3 la conducci\u00f3n del Gobierno el presidente\u00a0Jos\u00e9 Antonio Kast.<\/p>\n<p style=\"text-align: justify;\">Tras la intensa jornada, la parlamentaria destac\u00f3 el car\u00e1cter hist\u00f3rico del d\u00eda y reafirm\u00f3 su compromiso con las principales necesidades de la regi\u00f3n, subrayando que su trabajo legislativo estar\u00e1 enfocado en responder a las urgencias planteadas por las familias ayseninas. \u201cAcabo de asumir como diputada por la regi\u00f3n de Ays\u00e9n. Adem\u00e1s, es un d\u00eda hist\u00f3rico porque acaba de terminar el cambio de mando en el cual asume nuestro presidente Jos\u00e9 Antonio Kast\u201d, se\u00f1al\u00f3.<\/p>\n<p style=\"text-align: justify;\">La diputada explic\u00f3 que los diagn\u00f3sticos sobre las necesidades de la regi\u00f3n ya est\u00e1n claramente identificados, y que su labor en el Congreso estar\u00e1 centrada en impulsar soluciones concretas para mejorar la calidad de vida de sus habitantes. \u201cLos diagn\u00f3sticos en nuestra regi\u00f3n sin duda alguna ya est\u00e1n claros. Nosotros vamos a trabajar principalmente en salud, en conectividad y en desarrollo econ\u00f3mico. Esos son los principales hitos y los principales temas que nuestra gente de Ays\u00e9n nos fue transmitiendo en su minuto\u201d, afirm\u00f3.<\/p>\n<p style=\"text-align: justify;\">En esa l\u00ednea, Valdebenito enfatiz\u00f3 que buscar\u00e1 articular un trabajo coordinado con el Ejecutivo para avanzar en estas prioridades, con el objetivo de que las demandas regionales sean visibilizadas y atendidas con la urgencia que requieren. \u201cPor esta raz\u00f3n vamos a trabajar con el gobierno del presidente Jos\u00e9 Antonio Kast para que se visibilicen, pero principalmente para que se les d\u00e9 prioridad a estas urgencias sociales y a los requerimientos que tienen nuestras familias\u201d, sostuvo.<\/p>\n<p style=\"text-align: justify;\">Finalmente, la parlamentaria dedic\u00f3 palabras de agradecimiento a quienes respaldaron su candidatura y permitieron su llegada al Congreso Nacional. \u201cDesde ac\u00e1, desde el Congreso Nacional, les env\u00edo un fuerte abrazo y muchos cari\u00f1os para cada uno de ustedes, y por supuesto, mis agradecimientos, porque sin ustedes yo hoy no estar\u00eda ac\u00e1\u201d, expres\u00f3.<\/p>\n<p style=\"text-align: justify;\">Con su llegada al Parlamento, la diputada Alejandra Valdebenito inicia una nueva etapa de representaci\u00f3n pol\u00edtica para Ays\u00e9n, con el compromiso de impulsar iniciativas que fortalezcan el desarrollo regional, mejoren la conectividad en la zona y garanticen mejores condiciones de salud y oportunidades.<\/p>\n<\/div><\/section><\/div><div  style='height:50px' class='hr hr-invisible   avia-builder-el-6  el_after_av_one_full  el_before_av_social_share '><span class='hr-inner ' ><span class='hr-inner-style'><\/span><\/span><\/div><\/p>\n<div  class='av-social-sharing-box  avia-builder-el-7  el_after_av_hr  el_before_av_hr  '><div class='av-share-box'><h5 class='av-share-link-description av-no-toc '>Compartir esta noticia<\/h5><ul class='av-share-box-list noLightbox'><li class='av-share-link av-social-link-facebook' ><a target=\"_blank\" aria-label=\"Compartir en Facebook\" href='https:\/\/www.facebook.com\/sharer.php?u=https:\/\/radiorevelacionfm.cl\/?p=65005&#038;t=Diputada%20Valdebenito%20asume%20oficialmente%20su%20cargo%20reafirmando%20su%20compromiso%20con%20las%20necesidades%20de%20la%20regi%C3%B3n' aria-hidden='false' data-av_icon='\ue8f3' data-av_iconfont='entypo-fontello' title='' data-avia-related-tooltip='Compartir en Facebook' rel=\"noopener\"><span class='avia_hidden_link_text'>Compartir en Facebook<\/span><\/a><\/li><li class='av-share-link av-social-link-twitter' ><a target=\"_blank\" aria-label=\"Compartir en Twitter\" href='https:\/\/twitter.com\/share?text=Diputada%20Valdebenito%20asume%20oficialmente%20su%20cargo%20reafirmando%20su%20compromiso%20con%20las%20necesidades%20de%20la%20regi%C3%B3n&#038;url=https:\/\/radiorevelacionfm.cl\/?p=65005' aria-hidden='false' data-av_icon='\ue8f1' data-av_iconfont='entypo-fontello' title='' data-avia-related-tooltip='Compartir en Twitter' rel=\"noopener\"><span class='avia_hidden_link_text'>Compartir en Twitter<\/span><\/a><\/li><li class='av-share-link av-social-link-whatsapp' ><a target=\"_blank\" aria-label=\"Compartir en Whatsapp\" href='https:\/\/api.whatsapp.com\/send?text=https:\/\/radiorevelacionfm.cl\/?p=65005' aria-hidden='false' data-av_icon='\uf232' data-av_iconfont='entypo-fontello' title='' data-avia-related-tooltip='Compartir en Whatsapp' rel=\"noopener\"><span class='avia_hidden_link_text'>Compartir en Whatsapp<\/span><\/a><\/li><li class='av-share-link av-social-link-linkedin' ><a target=\"_blank\" aria-label=\"Compartir en LinkedIn\" href='https:\/\/linkedin.com\/shareArticle?mini=true&#038;title=Diputada%20Valdebenito%20asume%20oficialmente%20su%20cargo%20reafirmando%20su%20compromiso%20con%20las%20necesidades%20de%20la%20regi%C3%B3n&#038;url=https:\/\/radiorevelacionfm.cl\/?p=65005' aria-hidden='false' data-av_icon='\ue8fc' data-av_iconfont='entypo-fontello' title='' data-avia-related-tooltip='Compartir en LinkedIn' rel=\"noopener\"><span class='avia_hidden_link_text'>Compartir en LinkedIn<\/span><\/a><\/li><li class='av-share-link av-social-link-mail' ><a  aria-label=\"Compartir por correo\" href='mailto:?subject=Diputada%20Valdebenito%20asume%20oficialmente%20su%20cargo%20reafirmando%20su%20compromiso%20con%20las%20necesidades%20de%20la%20regi%C3%B3n&#038;body=https:\/\/radiorevelacionfm.cl\/?p=65005' aria-hidden='false' data-av_icon='\ue805' data-av_iconfont='entypo-fontello' title='' data-avia-related-tooltip='Compartir por correo'><span class='avia_hidden_link_text'>Compartir por correo<\/span><\/a><\/li><\/ul><\/div><\/div>\n<div  style='height:50px' class='hr hr-invisible   avia-builder-el-8  el_after_av_social_share  el_before_av_comments_list '><span class='hr-inner ' ><span class='hr-inner-style'><\/span><\/span><\/div>\n<div  class='av-buildercomment  av-blog-meta-html-info-disabled av-blog-meta-tag-disabled  '><\/div>\n","protected":false},"excerpt":{"rendered":"","protected":false},"author":1,"featured_media":65006,"comment_status":"closed","ping_status":"closed","sticky":false,"template":"","format":"standard","meta":{"footnotes":""},"categories":[35],"tags":[],"class_list":["post-65005","post","type-post","status-publish","format-standard","has-post-thumbnail","hentry","category-politica"],"jetpack_featured_media_url":"https:\/\/radiorevelacionfm.cl\/wp-content\/uploads\/2026\/03\/Diputada-Valdebentio-1-1.jpg","_links":{"self":[{"href":"https:\/\/radiorevelacionfm.cl\/index.php?rest_route=\/wp\/v2\/posts\/65005","targetHints":{"allow":["GET"]}}],"collection":[{"href":"https:\/\/radiorevelacionfm.cl\/index.php?rest_route=\/wp\/v2\/posts"}],"about":[{"href":"https:\/\/radiorevelacionfm.cl\/index.php?rest_route=\/wp\/v2\/types\/post"}],"author":[{"embeddable":true,"href":"https:\/\/radiorevelacionfm.cl\/index.php?rest_route=\/wp\/v2\/users\/1"}],"replies":[{"embeddable":true,"href":"https:\/\/radiorevelacionfm.cl\/index.php?rest_route=%2Fwp%2Fv2%2Fcomments&post=65005"}],"version-history":[{"count":2,"href":"https:\/\/radiorevelacionfm.cl\/index.php?rest_route=\/wp\/v2\/posts\/65005\/revisions"}],"predecessor-version":[{"id":65012,"href":"https:\/\/radiorevelacionfm.cl\/index.php?rest_route=\/wp\/v2\/posts\/65005\/revisions\/65012"}],"wp:featuredmedia":[{"embeddable":true,"href":"https:\/\/radiorevelacionfm.cl\/index.php?rest_route=\/wp\/v2\/media\/65006"}],"wp:attachment":[{"href":"https:\/\/radiorevelacionfm.cl\/index.php?rest_route=%2Fwp%2Fv2%2Fmedia&parent=65005"}],"wp:term":[{"taxonomy":"category","embeddable":true,"href":"https:\/\/radiorevelacionfm.cl\/index.php?rest_route=%2Fwp%2Fv2%2Fcategories&post=65005"},{"taxonomy":"post_tag","embeddable":true,"href":"https:\/\/radiorevelacionfm.cl\/index.php?rest_route=%2Fwp%2Fv2%2Ftags&post=65005"}],"curies":[{"name":"wp","href":"https:\/\/api.w.org\/{rel}","templated":true}]}}