{"id":65001,"date":"2026-03-11T19:24:00","date_gmt":"2026-03-11T22:24:00","guid":{"rendered":"https:\/\/radiorevelacionfm.cl\/?p=65001"},"modified":"2026-03-11T19:24:00","modified_gmt":"2026-03-11T22:24:00","slug":"ximena-ordenes-juro-como-senadora-reelecta-por-la-region-seguire-trabajando-para-que-la-voz-de-aysen-este-presente-en-las-decisiones-del-pais","status":"publish","type":"post","link":"https:\/\/radiorevelacionfm.cl\/?p=65001","title":{"rendered":"Ximena \u00d3rdenes jur\u00f3 como senadora reelecta por la regi\u00f3n: \u201cSeguir\u00e9 trabajando para que la voz de Ays\u00e9n est\u00e9 presente en las decisiones del pa\u00eds\u201d."},"content":{"rendered":"<div class=\"flex_column av_one_full  flex_column_div av-zero-column-padding first  avia-builder-el-0  el_before_av_one_full  avia-builder-el-first  \" style='border-radius:0px; '><div  class='avia-image-container  av-styling-    avia-builder-el-1  avia-builder-el-no-sibling  avia-align-center '  itemprop=\"image\" itemscope=\"itemscope\" itemtype=\"https:\/\/schema.org\/ImageObject\"  ><div class='avia-image-container-inner'><div class='avia-image-overlay-wrap'><img decoding=\"async\" class='wp-image-65002 avia-img-lazy-loading-not-65002 avia_image' src=\"https:\/\/radiorevelacionfm.cl\/wp-content\/uploads\/2026\/03\/7iv4265-1_optimized.jpg\" alt='' title='_7iv4265-(1)_optimized' height=\"600\" width=\"900\"  itemprop=\"thumbnailUrl\" srcset=\"https:\/\/radiorevelacionfm.cl\/wp-content\/uploads\/2026\/03\/7iv4265-1_optimized.jpg 900w, https:\/\/radiorevelacionfm.cl\/wp-content\/uploads\/2026\/03\/7iv4265-1_optimized-300x200.jpg 300w, https:\/\/radiorevelacionfm.cl\/wp-content\/uploads\/2026\/03\/7iv4265-1_optimized-768x512.jpg 768w, https:\/\/radiorevelacionfm.cl\/wp-content\/uploads\/2026\/03\/7iv4265-1_optimized-705x470.jpg 705w, https:\/\/radiorevelacionfm.cl\/wp-content\/uploads\/2026\/03\/7iv4265-1_optimized-450x300.jpg 450w, https:\/\/radiorevelacionfm.cl\/wp-content\/uploads\/2026\/03\/7iv4265-1_optimized-600x400.jpg 600w\" sizes=\"(max-width: 900px) 100vw, 900px\" \/><\/div><\/div><\/div><\/div><div class=\"flex_column av_one_full  flex_column_div av-zero-column-padding first  avia-builder-el-2  el_after_av_one_full  el_before_av_one_full  column-top-margin\" style='border-radius:0px; '><section class=\"av_textblock_section \"  itemscope=\"itemscope\" itemtype=\"https:\/\/schema.org\/BlogPosting\" itemprop=\"blogPost\" ><div class='avia_textblock  '   itemprop=\"text\" ><p style=\"text-align: center;\"><span style=\"font-size: 18pt;\"><strong>Ximena \u00d3rdenes jur\u00f3 como Senadora reelecta por la regi\u00f3n: \u201cSeguir\u00e9 trabajando para que la voz de Ays\u00e9n est\u00e9 presente en las decisiones del pa\u00eds\u201d.<\/strong><\/span><\/p>\n<div id=\"gtx-trans\" style=\"position: absolute; left: -50px; top: 4.31534px;\">\n<div class=\"gtx-trans-icon\"><\/div>\n<\/div>\n<\/div><\/section><\/div><div class=\"flex_column av_one_full  flex_column_div av-zero-column-padding first  avia-builder-el-4  el_after_av_one_full  el_before_av_hr  column-top-margin\" style='border-radius:0px; '><section class=\"av_textblock_section \"  itemscope=\"itemscope\" itemtype=\"https:\/\/schema.org\/BlogPosting\" itemprop=\"blogPost\" ><div class='avia_textblock  '   itemprop=\"text\" ><p style=\"text-align: justify;\">La representante aysenina en la Sala del Senado, Ximena Ordenes Neira, finaliz\u00f3 este 11 de marzo su primer periodo como senadora, jurando por ocho a\u00f1os m\u00e1s como legisladora reelecta por las diez comunas. Ordenes fue enf\u00e1tica al se\u00f1alar \u201cseguir\u00e9 trabajando, como lo he hecho durante estos a\u00f1os, para que la voz de Ays\u00e9n est\u00e9 presente en las decisiones del pa\u00eds\u201d. Durante la jornada, la parlamentaria tambi\u00e9n particip\u00f3 del cambio de mando presidencial.<\/p>\n<p style=\"text-align: justify;\">\u201cQuiero agradecer la confianza que las y los habitantes de nuestra regi\u00f3n han depositado en m\u00ed. Cada encuentro, cada conversaci\u00f3n en las distintas localidades y cada gesto de apoyo, son un recordatorio permanente del compromiso que significa representar a este territorio\u201d, sostuvo con emoci\u00f3n, a la vez que record\u00f3 que \u201cAys\u00e9n es una regi\u00f3n de identidad profunda, forjada por el esfuerzo, la resiliencia y la solidaridad de su gente. Por eso, asumir nuevamente esta tarea es un honor y una responsabilidad que se ejerce con compromiso, con trabajo constante y con respeto por quienes habitan esta tierra\u201d.<\/p>\n<p style=\"text-align: justify;\">\u201cRepresentar tambi\u00e9n implica escuchar. Escuchar con atenci\u00f3n a nuestras comunidades, comprender sus desaf\u00edos y actuar con empat\u00eda frente a las realidades que viven muchas familias en una regi\u00f3n extensa, diversa y muchas veces postergada. Para m\u00ed, representar a Ays\u00e9n es, ante todo, un compromiso con el futuro que queremos construir juntos\u201d, recalc\u00f3 la representante aysenina, reafirmando tambi\u00e9n su voluntad de \u201cseguir trabajando con responsabilidad, di\u00e1logo, transparencia y convicci\u00f3n por el presente y futuro de nuestra regi\u00f3n\u201d.<\/p>\n<p style=\"text-align: justify;\"><strong>Perfil pol\u00edtico de Ximena Ordenes<\/strong><\/p>\n<p style=\"text-align: justify;\"><strong>\u00a0<\/strong>La actual senadora de Ays\u00e9n, Ximena Ordenes, inici\u00f3 su trayectoria en el servicio p\u00fablico en 2003, al ser designada directora regional del Servicio Nacional de la Mujer -Sernam-, donde impuls\u00f3 iniciativas orientadas al fortalecimiento de la autonom\u00eda, la protecci\u00f3n y la participaci\u00f3n de las mujeres en la regi\u00f3n de Ays\u00e9n. En 2013 se present\u00f3 como candidata en las primeras elecciones por votaci\u00f3n popular de consejeros y consejeras regionales por Coyhaique. Si bien result\u00f3 electa para el cargo, fue nombrada intendenta de la Regi\u00f3n de Ays\u00e9n entre 2014 y 2015, por lo que no pudo asumir el mandato.<\/p>\n<p style=\"text-align: justify;\">Durante su periodo como intendenta fue fundamental en el Plan Especial de Desarrollo de Zonas Extremas, con el cual se materializaron grandes obras en Ays\u00e9n, como la Biblioteca, el Museo Regional y la creaci\u00f3n de la Universidad de Ays\u00e9n, contribuyendo al acceso a oportunidades educativas en la regi\u00f3n. Posteriormente fue jefa de la Divisi\u00f3n de Coordinaci\u00f3n Nacional de la Subsecretar\u00eda de Prevenci\u00f3n del Delito entre noviembre de 2015 y marzo de 2017. Tras renunciar voluntariamente al cargo, compiti\u00f3 por el cupo de senadora por la Regi\u00f3n de Ays\u00e9n, siendo electa para el per\u00edodo 2018-2026.<\/p>\n<p style=\"text-align: justify;\">Ordenes se convirti\u00f3 en la primera senadora por la Regi\u00f3n de Ays\u00e9n, marcando un hito en la representaci\u00f3n femenina del territorio en el Congreso Nacional. Desde el Senado ha promovido iniciativas vinculadas al desarrollo regional, la descentralizaci\u00f3n, la equidad territorial y el fortalecimiento de derechos sociales, en educaci\u00f3n, salud, acceso y equidad de g\u00e9nero, presidiendo comisiones tan relevantes como Desaf\u00edos del Futuro, Medio Ambiente y Bienes Nacionales, Obras P\u00fablicas y Transportes y Telecomunicaciones, pero tambi\u00e9n participando activamente en Zonas Extremas, Salud y la Comisi\u00f3n Especial Mixta de Presupuestos, integrada solo por 15 legisladores.<\/p>\n<\/div><\/section><\/div><div  style='height:50px' class='hr hr-invisible   avia-builder-el-6  el_after_av_one_full  el_before_av_social_share '><span class='hr-inner ' ><span class='hr-inner-style'><\/span><\/span><\/div><\/p>\n<div  class='av-social-sharing-box  avia-builder-el-7  el_after_av_hr  el_before_av_hr  '><div class='av-share-box'><h5 class='av-share-link-description av-no-toc '>Compartir esta noticia<\/h5><ul class='av-share-box-list noLightbox'><li class='av-share-link av-social-link-facebook' ><a target=\"_blank\" aria-label=\"Compartir en Facebook\" href='https:\/\/www.facebook.com\/sharer.php?u=https:\/\/radiorevelacionfm.cl\/?p=65001&#038;t=Ximena%20%C3%93rdenes%20jur%C3%B3%20como%20senadora%20reelecta%20por%20la%20regi%C3%B3n%3A%20%E2%80%9CSeguir%C3%A9%20trabajando%20para%20que%20la%20voz%20de%20Ays%C3%A9n%20est%C3%A9%20presente%20en%20las%20decisiones%20del%20pa%C3%ADs%E2%80%9D.' aria-hidden='false' data-av_icon='\ue8f3' data-av_iconfont='entypo-fontello' title='' data-avia-related-tooltip='Compartir en Facebook' rel=\"noopener\"><span class='avia_hidden_link_text'>Compartir en Facebook<\/span><\/a><\/li><li class='av-share-link av-social-link-twitter' ><a target=\"_blank\" aria-label=\"Compartir en Twitter\" href='https:\/\/twitter.com\/share?text=Ximena%20%C3%93rdenes%20jur%C3%B3%20como%20senadora%20reelecta%20por%20la%20regi%C3%B3n%3A%20%E2%80%9CSeguir%C3%A9%20trabajando%20para%20que%20la%20voz%20de%20Ays%C3%A9n%20est%C3%A9%20presente%20en%20las%20decisiones%20del%20pa%C3%ADs%E2%80%9D.&#038;url=https:\/\/radiorevelacionfm.cl\/?p=65001' aria-hidden='false' data-av_icon='\ue8f1' data-av_iconfont='entypo-fontello' title='' data-avia-related-tooltip='Compartir en Twitter' rel=\"noopener\"><span class='avia_hidden_link_text'>Compartir en Twitter<\/span><\/a><\/li><li class='av-share-link av-social-link-whatsapp' ><a target=\"_blank\" aria-label=\"Compartir en Whatsapp\" href='https:\/\/api.whatsapp.com\/send?text=https:\/\/radiorevelacionfm.cl\/?p=65001' aria-hidden='false' data-av_icon='\uf232' data-av_iconfont='entypo-fontello' title='' data-avia-related-tooltip='Compartir en Whatsapp' rel=\"noopener\"><span class='avia_hidden_link_text'>Compartir en Whatsapp<\/span><\/a><\/li><li class='av-share-link av-social-link-linkedin' ><a target=\"_blank\" aria-label=\"Compartir en LinkedIn\" href='https:\/\/linkedin.com\/shareArticle?mini=true&#038;title=Ximena%20%C3%93rdenes%20jur%C3%B3%20como%20senadora%20reelecta%20por%20la%20regi%C3%B3n%3A%20%E2%80%9CSeguir%C3%A9%20trabajando%20para%20que%20la%20voz%20de%20Ays%C3%A9n%20est%C3%A9%20presente%20en%20las%20decisiones%20del%20pa%C3%ADs%E2%80%9D.&#038;url=https:\/\/radiorevelacionfm.cl\/?p=65001' aria-hidden='false' data-av_icon='\ue8fc' data-av_iconfont='entypo-fontello' title='' data-avia-related-tooltip='Compartir en LinkedIn' rel=\"noopener\"><span class='avia_hidden_link_text'>Compartir en LinkedIn<\/span><\/a><\/li><li class='av-share-link av-social-link-mail' ><a  aria-label=\"Compartir por correo\" href='mailto:?subject=Ximena%20%C3%93rdenes%20jur%C3%B3%20como%20senadora%20reelecta%20por%20la%20regi%C3%B3n%3A%20%E2%80%9CSeguir%C3%A9%20trabajando%20para%20que%20la%20voz%20de%20Ays%C3%A9n%20est%C3%A9%20presente%20en%20las%20decisiones%20del%20pa%C3%ADs%E2%80%9D.&#038;body=https:\/\/radiorevelacionfm.cl\/?p=65001' aria-hidden='false' data-av_icon='\ue805' data-av_iconfont='entypo-fontello' title='' data-avia-related-tooltip='Compartir por correo'><span class='avia_hidden_link_text'>Compartir por correo<\/span><\/a><\/li><\/ul><\/div><\/div>\n<div  style='height:50px' class='hr hr-invisible   avia-builder-el-8  el_after_av_social_share  el_before_av_comments_list '><span class='hr-inner ' ><span class='hr-inner-style'><\/span><\/span><\/div>\n<div  class='av-buildercomment  av-blog-meta-html-info-disabled av-blog-meta-tag-disabled  '><\/div>\n","protected":false},"excerpt":{"rendered":"","protected":false},"author":1,"featured_media":65002,"comment_status":"closed","ping_status":"closed","sticky":false,"template":"","format":"standard","meta":{"footnotes":""},"categories":[35],"tags":[],"class_list":["post-65001","post","type-post","status-publish","format-standard","has-post-thumbnail","hentry","category-politica"],"jetpack_featured_media_url":"https:\/\/radiorevelacionfm.cl\/wp-content\/uploads\/2026\/03\/7iv4265-1_optimized.jpg","_links":{"self":[{"href":"https:\/\/radiorevelacionfm.cl\/index.php?rest_route=\/wp\/v2\/posts\/65001","targetHints":{"allow":["GET"]}}],"collection":[{"href":"https:\/\/radiorevelacionfm.cl\/index.php?rest_route=\/wp\/v2\/posts"}],"about":[{"href":"https:\/\/radiorevelacionfm.cl\/index.php?rest_route=\/wp\/v2\/types\/post"}],"author":[{"embeddable":true,"href":"https:\/\/radiorevelacionfm.cl\/index.php?rest_route=\/wp\/v2\/users\/1"}],"replies":[{"embeddable":true,"href":"https:\/\/radiorevelacionfm.cl\/index.php?rest_route=%2Fwp%2Fv2%2Fcomments&post=65001"}],"version-history":[{"count":2,"href":"https:\/\/radiorevelacionfm.cl\/index.php?rest_route=\/wp\/v2\/posts\/65001\/revisions"}],"predecessor-version":[{"id":65004,"href":"https:\/\/radiorevelacionfm.cl\/index.php?rest_route=\/wp\/v2\/posts\/65001\/revisions\/65004"}],"wp:featuredmedia":[{"embeddable":true,"href":"https:\/\/radiorevelacionfm.cl\/index.php?rest_route=\/wp\/v2\/media\/65002"}],"wp:attachment":[{"href":"https:\/\/radiorevelacionfm.cl\/index.php?rest_route=%2Fwp%2Fv2%2Fmedia&parent=65001"}],"wp:term":[{"taxonomy":"category","embeddable":true,"href":"https:\/\/radiorevelacionfm.cl\/index.php?rest_route=%2Fwp%2Fv2%2Fcategories&post=65001"},{"taxonomy":"post_tag","embeddable":true,"href":"https:\/\/radiorevelacionfm.cl\/index.php?rest_route=%2Fwp%2Fv2%2Ftags&post=65001"}],"curies":[{"name":"wp","href":"https:\/\/api.w.org\/{rel}","templated":true}]}}