{"id":64996,"date":"2026-03-11T20:14:02","date_gmt":"2026-03-11T23:14:02","guid":{"rendered":"https:\/\/radiorevelacionfm.cl\/?p=64996"},"modified":"2026-03-11T20:14:02","modified_gmt":"2026-03-11T23:14:02","slug":"convocatoria-abierta-explora-aysen-invita-a-la-comunidad-cientifica-a-sumarse-a-la-ciencia-escolar-regional","status":"publish","type":"post","link":"https:\/\/radiorevelacionfm.cl\/?p=64996","title":{"rendered":"Convocatoria abierta: Explora Ays\u00e9n invita a la comunidad cient\u00edfica a sumarse a la ciencia escolar regional"},"content":{"rendered":"<div class=\"flex_column av_one_full  flex_column_div av-zero-column-padding first  avia-builder-el-0  el_before_av_one_full  avia-builder-el-first  \" style='border-radius:0px; '><div  class='avia-image-container  av-styling-    avia-builder-el-1  avia-builder-el-no-sibling  avia-align-center '  itemprop=\"image\" itemscope=\"itemscope\" itemtype=\"https:\/\/schema.org\/ImageObject\"  ><div class='avia-image-container-inner'><div class='avia-image-overlay-wrap'><img decoding=\"async\" class='wp-image-64997 avia-img-lazy-loading-not-64997 avia_image' src=\"https:\/\/radiorevelacionfm.cl\/wp-content\/uploads\/2026\/03\/CONVOCATORIA-1.jpg\" alt='' title='CONVOCATORIA (1)' height=\"600\" width=\"938\"  itemprop=\"thumbnailUrl\" srcset=\"https:\/\/radiorevelacionfm.cl\/wp-content\/uploads\/2026\/03\/CONVOCATORIA-1.jpg 938w, https:\/\/radiorevelacionfm.cl\/wp-content\/uploads\/2026\/03\/CONVOCATORIA-1-300x192.jpg 300w, https:\/\/radiorevelacionfm.cl\/wp-content\/uploads\/2026\/03\/CONVOCATORIA-1-768x491.jpg 768w, https:\/\/radiorevelacionfm.cl\/wp-content\/uploads\/2026\/03\/CONVOCATORIA-1-705x451.jpg 705w, https:\/\/radiorevelacionfm.cl\/wp-content\/uploads\/2026\/03\/CONVOCATORIA-1-450x288.jpg 450w, https:\/\/radiorevelacionfm.cl\/wp-content\/uploads\/2026\/03\/CONVOCATORIA-1-600x384.jpg 600w\" sizes=\"(max-width: 938px) 100vw, 938px\" \/><\/div><\/div><\/div><\/div><div class=\"flex_column av_one_full  flex_column_div av-zero-column-padding first  avia-builder-el-2  el_after_av_one_full  el_before_av_one_full  column-top-margin\" style='border-radius:0px; '><section class=\"av_textblock_section \"  itemscope=\"itemscope\" itemtype=\"https:\/\/schema.org\/BlogPosting\" itemprop=\"blogPost\" ><div class='avia_textblock  '   itemprop=\"text\" ><p style=\"text-align: center;\"><span style=\"font-size: 18pt;\"><strong>Convocatoria abierta: Explora Ays\u00e9n invita a la comunidad cient\u00edfica a sumarse a la ciencia escolar regional<\/strong><\/span><\/p>\n<div id=\"gtx-trans\" style=\"position: absolute; left: -50px; top: 4.31534px;\">\n<div class=\"gtx-trans-icon\"><\/div>\n<\/div>\n<\/div><\/section><\/div><div class=\"flex_column av_one_full  flex_column_div av-zero-column-padding first  avia-builder-el-4  el_after_av_one_full  el_before_av_hr  column-top-margin\" style='border-radius:0px; '><section class=\"av_textblock_section \"  itemscope=\"itemscope\" itemtype=\"https:\/\/schema.org\/BlogPosting\" itemprop=\"blogPost\" ><div class='avia_textblock  '   itemprop=\"text\" ><p style=\"text-align: justify;\"><em>Hasta el 20 de marzo, investigadoras e investigadores pueden postular para ser asesores cient\u00edficos del Programa de Investigaci\u00f3n e Innovaci\u00f3n Escolar, y contribuir a fortalecer el v\u00ednculo entre la comunidad cient\u00edfica y escolar de la regi\u00f3n de Ays\u00e9n. <\/em><\/p>\n<p style=\"text-align: justify;\">Investigaci\u00f3n e Innovaci\u00f3n Escolar (IIE) es una iniciativa que fomenta el desarrollo de competencias para la investigaci\u00f3n e innovaci\u00f3n en la comunidad educativa, con \u00e9nfasis en preguntas y necesidades que surgen desde su entorno y vida cotidiana, promoviendo as\u00ed la apropiaci\u00f3n de las ciencias como pr\u00e1ctica cultural.<\/p>\n<p style=\"text-align: justify;\">El Programa es impulsado por el Proyecto Explora Ays\u00e9n del Ministerio de Ciencia, Tecnolog\u00eda, Conocimiento e Innovaci\u00f3n, y ejecutado por el Campus Patagonia de la Universidad Austral de Chile.<\/p>\n<p style=\"text-align: justify;\"><strong>Asesor\u00edas cient\u00edficas: un espacio para aprender e inspirarse <\/strong><\/p>\n<p style=\"text-align: justify;\"><strong>\u00a0<\/strong>Las asesor\u00edas cient\u00edficas del Programa IIE buscan acompa\u00f1ar y guiar a los equipos escolares durante el desarrollo de sus proyectos de investigaci\u00f3n e innovaci\u00f3n, ofreciendo un espacio cooperativo para desarrollar sus habilidades cient\u00edficas a trav\u00e9s del pensamiento cr\u00edtico.<\/p>\n<p style=\"text-align: justify;\">\u201cEl intercambio de experiencias con cient\u00edficas, cient\u00edficos y especialistas es una experiencia enriquecedora para los equipos, ya que permite definir y robustecer sus ideas de proyectos, pero lo m\u00e1s valioso, es que permite ir definiendo vocaciones cient\u00edficas a temprana edad. A quienes participan se les abre un mundo de posibilidades al conocer de primera fuente el quehacer de quienes se desempe\u00f1an en el entorno CTCI\u201d, se\u00f1al\u00f3 Viviana Pizarro, directora del Proyecto Explora Ays\u00e9n.<\/p>\n<p style=\"text-align: justify;\">En estos espacios, los equipos podr\u00e1n intercambiar experiencias con sus asesoras y asesores, resolver inquietudes, recibir retroalimentaci\u00f3n, ampliar t\u00e9cnicas e inspirarse en profesionales del \u00e1rea. \u201cEs importante destacar que no solo los equipos se nutren del conocimiento especializado, sino tambi\u00e9n las y los asesores se enriquecen en este intercambio con ideas innovadoras y miradas sin sesgos\u201d, destac\u00f3 la directora del Proyecto.<\/p>\n<p style=\"text-align: justify;\">Las y los investigadores seleccionados acompa\u00f1ar\u00e1n a los equipos escolares durante todo el desarrollo de IIE 2026, participando en instancias como talleres introductorios sobre el plan de asesor\u00edas; sesiones de asesor\u00eda presencial o remoto con los equipos; salidas cient\u00edficas; el Congreso Regional 2026, adem\u00e1s de encuentros peri\u00f3dicos con el equipo Explora Ays\u00e9n.<\/p>\n<p style=\"text-align: justify;\"><strong>\u00bfC\u00f3mo postular? <\/strong><\/p>\n<p style=\"text-align: justify;\">La convocatoria est\u00e1 abierta a profesionales vinculados a la ciencia, tecnolog\u00eda, conocimiento e innovaci\u00f3n (CTCI) provenientes de universidades, centros de investigaci\u00f3n, instituciones p\u00fablicas y\/o privadas y ONG, adem\u00e1s de profesionales independientes que deseen asesorar a equipos en el dise\u00f1o y\/o desarrollo de sus proyectos.<\/p>\n<p style=\"text-align: justify;\">Las personas interesadas podr\u00e1n postular hasta el 20 de marzo a trav\u00e9s del formulario de inscripci\u00f3n disponible en <a href=\"http:\/\/explora.cl\/aysen\">explora.cl\/aysen<\/a>. Para consultas, pueden escribir a exploraysen@uach.cl o llamar a (67) 2 526956.<\/p>\n<\/div><\/section><\/div><div  style='height:50px' class='hr hr-invisible   avia-builder-el-6  el_after_av_one_full  el_before_av_social_share '><span class='hr-inner ' ><span class='hr-inner-style'><\/span><\/span><\/div><\/p>\n<div  class='av-social-sharing-box  avia-builder-el-7  el_after_av_hr  el_before_av_hr  '><div class='av-share-box'><h5 class='av-share-link-description av-no-toc '>Compartir esta noticia<\/h5><ul class='av-share-box-list noLightbox'><li class='av-share-link av-social-link-facebook' ><a target=\"_blank\" aria-label=\"Compartir en Facebook\" href='https:\/\/www.facebook.com\/sharer.php?u=https:\/\/radiorevelacionfm.cl\/?p=64996&#038;t=Convocatoria%20abierta%3A%20Explora%20Ays%C3%A9n%20invita%20a%20la%20comunidad%20cient%C3%ADfica%20a%20sumarse%20a%20la%20ciencia%20escolar%20regional' aria-hidden='false' data-av_icon='\ue8f3' data-av_iconfont='entypo-fontello' title='' data-avia-related-tooltip='Compartir en Facebook' rel=\"noopener\"><span class='avia_hidden_link_text'>Compartir en Facebook<\/span><\/a><\/li><li class='av-share-link av-social-link-twitter' ><a target=\"_blank\" aria-label=\"Compartir en Twitter\" href='https:\/\/twitter.com\/share?text=Convocatoria%20abierta%3A%20Explora%20Ays%C3%A9n%20invita%20a%20la%20comunidad%20cient%C3%ADfica%20a%20sumarse%20a%20la%20ciencia%20escolar%20regional&#038;url=https:\/\/radiorevelacionfm.cl\/?p=64996' aria-hidden='false' data-av_icon='\ue8f1' data-av_iconfont='entypo-fontello' title='' data-avia-related-tooltip='Compartir en Twitter' rel=\"noopener\"><span class='avia_hidden_link_text'>Compartir en Twitter<\/span><\/a><\/li><li class='av-share-link av-social-link-whatsapp' ><a target=\"_blank\" aria-label=\"Compartir en Whatsapp\" href='https:\/\/api.whatsapp.com\/send?text=https:\/\/radiorevelacionfm.cl\/?p=64996' aria-hidden='false' data-av_icon='\uf232' data-av_iconfont='entypo-fontello' title='' data-avia-related-tooltip='Compartir en Whatsapp' rel=\"noopener\"><span class='avia_hidden_link_text'>Compartir en Whatsapp<\/span><\/a><\/li><li class='av-share-link av-social-link-linkedin' ><a target=\"_blank\" aria-label=\"Compartir en LinkedIn\" href='https:\/\/linkedin.com\/shareArticle?mini=true&#038;title=Convocatoria%20abierta%3A%20Explora%20Ays%C3%A9n%20invita%20a%20la%20comunidad%20cient%C3%ADfica%20a%20sumarse%20a%20la%20ciencia%20escolar%20regional&#038;url=https:\/\/radiorevelacionfm.cl\/?p=64996' aria-hidden='false' data-av_icon='\ue8fc' data-av_iconfont='entypo-fontello' title='' data-avia-related-tooltip='Compartir en LinkedIn' rel=\"noopener\"><span class='avia_hidden_link_text'>Compartir en LinkedIn<\/span><\/a><\/li><li class='av-share-link av-social-link-mail' ><a  aria-label=\"Compartir por correo\" href='mailto:?subject=Convocatoria%20abierta%3A%20Explora%20Ays%C3%A9n%20invita%20a%20la%20comunidad%20cient%C3%ADfica%20a%20sumarse%20a%20la%20ciencia%20escolar%20regional&#038;body=https:\/\/radiorevelacionfm.cl\/?p=64996' aria-hidden='false' data-av_icon='\ue805' data-av_iconfont='entypo-fontello' title='' data-avia-related-tooltip='Compartir por correo'><span class='avia_hidden_link_text'>Compartir por correo<\/span><\/a><\/li><\/ul><\/div><\/div>\n<div  style='height:50px' class='hr hr-invisible   avia-builder-el-8  el_after_av_social_share  el_before_av_comments_list '><span class='hr-inner ' ><span class='hr-inner-style'><\/span><\/span><\/div>\n<div  class='av-buildercomment  av-blog-meta-html-info-disabled av-blog-meta-tag-disabled  '><\/div>\n","protected":false},"excerpt":{"rendered":"","protected":false},"author":1,"featured_media":64997,"comment_status":"closed","ping_status":"closed","sticky":false,"template":"","format":"standard","meta":{"footnotes":""},"categories":[49],"tags":[],"class_list":["post-64996","post","type-post","status-publish","format-standard","has-post-thumbnail","hentry","category-educacion"],"jetpack_featured_media_url":"https:\/\/radiorevelacionfm.cl\/wp-content\/uploads\/2026\/03\/CONVOCATORIA-1.jpg","_links":{"self":[{"href":"https:\/\/radiorevelacionfm.cl\/index.php?rest_route=\/wp\/v2\/posts\/64996","targetHints":{"allow":["GET"]}}],"collection":[{"href":"https:\/\/radiorevelacionfm.cl\/index.php?rest_route=\/wp\/v2\/posts"}],"about":[{"href":"https:\/\/radiorevelacionfm.cl\/index.php?rest_route=\/wp\/v2\/types\/post"}],"author":[{"embeddable":true,"href":"https:\/\/radiorevelacionfm.cl\/index.php?rest_route=\/wp\/v2\/users\/1"}],"replies":[{"embeddable":true,"href":"https:\/\/radiorevelacionfm.cl\/index.php?rest_route=%2Fwp%2Fv2%2Fcomments&post=64996"}],"version-history":[{"count":2,"href":"https:\/\/radiorevelacionfm.cl\/index.php?rest_route=\/wp\/v2\/posts\/64996\/revisions"}],"predecessor-version":[{"id":65011,"href":"https:\/\/radiorevelacionfm.cl\/index.php?rest_route=\/wp\/v2\/posts\/64996\/revisions\/65011"}],"wp:featuredmedia":[{"embeddable":true,"href":"https:\/\/radiorevelacionfm.cl\/index.php?rest_route=\/wp\/v2\/media\/64997"}],"wp:attachment":[{"href":"https:\/\/radiorevelacionfm.cl\/index.php?rest_route=%2Fwp%2Fv2%2Fmedia&parent=64996"}],"wp:term":[{"taxonomy":"category","embeddable":true,"href":"https:\/\/radiorevelacionfm.cl\/index.php?rest_route=%2Fwp%2Fv2%2Fcategories&post=64996"},{"taxonomy":"post_tag","embeddable":true,"href":"https:\/\/radiorevelacionfm.cl\/index.php?rest_route=%2Fwp%2Fv2%2Ftags&post=64996"}],"curies":[{"name":"wp","href":"https:\/\/api.w.org\/{rel}","templated":true}]}}