{"id":64990,"date":"2026-03-11T18:28:09","date_gmt":"2026-03-11T21:28:09","guid":{"rendered":"https:\/\/radiorevelacionfm.cl\/?p=64990"},"modified":"2026-03-11T18:28:09","modified_gmt":"2026-03-11T21:28:09","slug":"indap-y-municipalidad-de-chile-chico-fortalecen-la-agricultura-familiar-campesina-con-firma-de-convenio-prodesal","status":"publish","type":"post","link":"https:\/\/radiorevelacionfm.cl\/?p=64990","title":{"rendered":"INDAP y Municipalidad de Chile Chico fortalecen la agricultura familiar campesina con firma de convenio PRODESAL"},"content":{"rendered":"<div class=\"flex_column av_one_full  flex_column_div av-zero-column-padding first  avia-builder-el-0  el_before_av_one_full  avia-builder-el-first  \" style='border-radius:0px; '><div  class='avia-image-container  av-styling-    avia-builder-el-1  avia-builder-el-no-sibling  avia-align-center '  itemprop=\"image\" itemscope=\"itemscope\" itemtype=\"https:\/\/schema.org\/ImageObject\"  ><div class='avia-image-container-inner'><div class='avia-image-overlay-wrap'><img decoding=\"async\" class='wp-image-64991 avia-img-lazy-loading-not-64991 avia_image' src=\"https:\/\/radiorevelacionfm.cl\/wp-content\/uploads\/2026\/03\/Chile-Chico-3-1-1.jpeg\" alt='' title='Chile Chico (3) (1) (1)' height=\"600\" width=\"800\"  itemprop=\"thumbnailUrl\" srcset=\"https:\/\/radiorevelacionfm.cl\/wp-content\/uploads\/2026\/03\/Chile-Chico-3-1-1.jpeg 800w, https:\/\/radiorevelacionfm.cl\/wp-content\/uploads\/2026\/03\/Chile-Chico-3-1-1-300x225.jpeg 300w, https:\/\/radiorevelacionfm.cl\/wp-content\/uploads\/2026\/03\/Chile-Chico-3-1-1-768x576.jpeg 768w, https:\/\/radiorevelacionfm.cl\/wp-content\/uploads\/2026\/03\/Chile-Chico-3-1-1-705x529.jpeg 705w, https:\/\/radiorevelacionfm.cl\/wp-content\/uploads\/2026\/03\/Chile-Chico-3-1-1-450x338.jpeg 450w, https:\/\/radiorevelacionfm.cl\/wp-content\/uploads\/2026\/03\/Chile-Chico-3-1-1-600x450.jpeg 600w\" sizes=\"(max-width: 800px) 100vw, 800px\" \/><\/div><\/div><\/div><\/div><div class=\"flex_column av_one_full  flex_column_div av-zero-column-padding first  avia-builder-el-2  el_after_av_one_full  el_before_av_one_full  column-top-margin\" style='border-radius:0px; '><section class=\"av_textblock_section \"  itemscope=\"itemscope\" itemtype=\"https:\/\/schema.org\/BlogPosting\" itemprop=\"blogPost\" ><div class='avia_textblock  '   itemprop=\"text\" ><p style=\"text-align: center;\"><span style=\"font-size: 18pt;\"><strong>INDAP y Municipalidad de Chile Chico fortalecen la agricultura familiar campesina con firma de convenio PRODESAL<\/strong><\/span><\/p>\n<div id=\"gtx-trans\" style=\"position: absolute; left: -50px; top: 4.31534px;\">\n<div class=\"gtx-trans-icon\"><\/div>\n<\/div>\n<\/div><\/section><\/div><div class=\"flex_column av_one_full  flex_column_div av-zero-column-padding first  avia-builder-el-4  el_after_av_one_full  el_before_av_hr  column-top-margin\" style='border-radius:0px; '><section class=\"av_textblock_section \"  itemscope=\"itemscope\" itemtype=\"https:\/\/schema.org\/BlogPosting\" itemprop=\"blogPost\" ><div class='avia_textblock  '   itemprop=\"text\" ><p style=\"text-align: justify;\"><i>En la comuna de Chile Chico se llev\u00f3 a cabo la firma del Convenio para la ejecuci\u00f3n del Programa de Desarrollo Local, PRODESAL, con el fin de apoyar la agricultura de la comuna.<\/i><u><\/u><u><\/u><\/p>\n<p style=\"text-align: justify;\">El PRODESAL es una iniciativa de INDAP y las municipalidades, que busca brindar asesor\u00eda t\u00e9cnica, capacitaciones y subsidios con el objetivo de aumentar sus ingresos, mejorar sistemas productivos y fortalecer sus emprendimientos rurales. Se enfoca en mejorar la calidad de vida y promover pr\u00e1cticas sustentables, con atenci\u00f3n personalizada mediante equipos t\u00e9cnicos locales.<u><\/u><u><\/u><\/p>\n<p style=\"text-align: justify;\">La firma del convenio se realiz\u00f3 en las dependencias del \u00e1rea de INDAP en Chile Chico, con la presencia de la Directora Regional de INDAP, Yessica Lagos, el Alcalde Ariel Keim, y la Concejala Gloria Becerra.<u><\/u><u><\/u><\/p>\n<p style=\"text-align: justify;\">Para la Directora Regional de INDAP, este convenio es el reflejo del compromiso con la agricultura familiar campesina e ind\u00edgena: \u201cEl trabajo y apoyo sostenido a nuestras y nuestros usuarios se produce por convenios que involucran a diferentes instituciones y abordan de manera transversal las necesidades. El trabajo con el municipio de Chile Chico permite fortalecer la agricultura familiar campesina e ind\u00edgena, generando un trabajo conjunto, acompa\u00f1amiento y asesor\u00eda t\u00e9cnica hacia nuestras familias campesinas\u201d.<u><\/u><u><\/u><\/p>\n<p style=\"text-align: justify;\">INDAP aportar\u00e1 el primer a\u00f1o de ejecuci\u00f3n del proyecto m\u00e1s de 82 millones de pesos, para cofinanciar la ejecuci\u00f3n del componente de asesor\u00eda t\u00e9cnica del programa que consiste en el servicio de asesor\u00eda t\u00e9cnica y mesa de coordinaci\u00f3n a m\u00e1s de 100 usuarios. Asimismo, el municipio contribuir\u00e1 el primer a\u00f1o con m\u00e1s de 16 millones de pesos para cofinanciar la ejecuci\u00f3n del programa.<u><\/u><u><\/u><\/p>\n<p style=\"text-align: justify;\">La concejala de Chile Chico, Gloria Becerra, se\u00f1al\u00f3 que \u201cestoy feliz de que la ilustre Municipalidad de Chile Chico, en conjunto con el INDAP, hayan firmado este convenio (\u2026) Creo que es una herramienta clave para fortalecer la econom\u00eda rural, para mejorar la calidad de vida y promover pr\u00e1cticas sostenibles, que, para los productores de la comuna significa tambi\u00e9n un acompa\u00f1amiento t\u00e9cnico, con acceso m\u00e1s cercano, con acceso tambi\u00e9n a recursos y a otras oportunidades de comercializaci\u00f3n.\u00a0 El programa PRODESAL fortalece a nuestros peque\u00f1os productores, campesinos, agricultores, porque aumentan sus ingresos familiares\u201d, agreg\u00f3.<u><\/u><u><\/u><\/p>\n<p style=\"text-align: justify;\">Finalmente, el Alcalde de Chile Chico, Ariel Keim, afirm\u00f3 que: \u201cUno de los grandes avances que hemos mantenido en apoyo al agro y a nuestros vecinos que viven del campo ha sido el convenio que hemos firmado con INDAP para poder retomar el trabajo territorial de los funcionarios PRODESAL. Una tremenda red de apoyo que hoy d\u00eda est\u00e1 plenamente vigente y disponible para buscar mejores alternativas, buscar una red de apoyo efectiva en terreno y que sin duda permite tambi\u00e9n facilitar el d\u00eda a d\u00eda de cada uno de nuestros vecinos que viven principalmente del campo, en la zona m\u00e1s alejada. Hoy d\u00eda tenemos funcionarios 100% dedicados al terreno, cercanos a nuestros campesinos y eso, claro que gracias a esta asociatividad y el apoyo que hemos recibido tambi\u00e9n de parte de INDAP para poder contar con este convenio que permite devolver un tremendo beneficio como lo es los funcionarios PRODESAL municipales que est\u00e1n hoy d\u00eda presentes en la comuna de Chile Chico\u201d.<\/p>\n<\/div><\/section><\/div><div  style='height:50px' class='hr hr-invisible   avia-builder-el-6  el_after_av_one_full  el_before_av_social_share '><span class='hr-inner ' ><span class='hr-inner-style'><\/span><\/span><\/div><\/p>\n<div  class='av-social-sharing-box  avia-builder-el-7  el_after_av_hr  el_before_av_hr  '><div class='av-share-box'><h5 class='av-share-link-description av-no-toc '>Compartir esta noticia<\/h5><ul class='av-share-box-list noLightbox'><li class='av-share-link av-social-link-facebook' ><a target=\"_blank\" aria-label=\"Compartir en Facebook\" href='https:\/\/www.facebook.com\/sharer.php?u=https:\/\/radiorevelacionfm.cl\/?p=64990&#038;t=INDAP%20y%20Municipalidad%20de%20Chile%20Chico%20fortalecen%20la%20agricultura%20familiar%20campesina%20con%20firma%20de%20convenio%20PRODESAL' aria-hidden='false' data-av_icon='\ue8f3' data-av_iconfont='entypo-fontello' title='' data-avia-related-tooltip='Compartir en Facebook' rel=\"noopener\"><span class='avia_hidden_link_text'>Compartir en Facebook<\/span><\/a><\/li><li class='av-share-link av-social-link-twitter' ><a target=\"_blank\" aria-label=\"Compartir en Twitter\" href='https:\/\/twitter.com\/share?text=INDAP%20y%20Municipalidad%20de%20Chile%20Chico%20fortalecen%20la%20agricultura%20familiar%20campesina%20con%20firma%20de%20convenio%20PRODESAL&#038;url=https:\/\/radiorevelacionfm.cl\/?p=64990' aria-hidden='false' data-av_icon='\ue8f1' data-av_iconfont='entypo-fontello' title='' data-avia-related-tooltip='Compartir en Twitter' rel=\"noopener\"><span class='avia_hidden_link_text'>Compartir en Twitter<\/span><\/a><\/li><li class='av-share-link av-social-link-whatsapp' ><a target=\"_blank\" aria-label=\"Compartir en Whatsapp\" href='https:\/\/api.whatsapp.com\/send?text=https:\/\/radiorevelacionfm.cl\/?p=64990' aria-hidden='false' data-av_icon='\uf232' data-av_iconfont='entypo-fontello' title='' data-avia-related-tooltip='Compartir en Whatsapp' rel=\"noopener\"><span class='avia_hidden_link_text'>Compartir en Whatsapp<\/span><\/a><\/li><li class='av-share-link av-social-link-linkedin' ><a target=\"_blank\" aria-label=\"Compartir en LinkedIn\" href='https:\/\/linkedin.com\/shareArticle?mini=true&#038;title=INDAP%20y%20Municipalidad%20de%20Chile%20Chico%20fortalecen%20la%20agricultura%20familiar%20campesina%20con%20firma%20de%20convenio%20PRODESAL&#038;url=https:\/\/radiorevelacionfm.cl\/?p=64990' aria-hidden='false' data-av_icon='\ue8fc' data-av_iconfont='entypo-fontello' title='' data-avia-related-tooltip='Compartir en LinkedIn' rel=\"noopener\"><span class='avia_hidden_link_text'>Compartir en LinkedIn<\/span><\/a><\/li><li class='av-share-link av-social-link-mail' ><a  aria-label=\"Compartir por correo\" href='mailto:?subject=INDAP%20y%20Municipalidad%20de%20Chile%20Chico%20fortalecen%20la%20agricultura%20familiar%20campesina%20con%20firma%20de%20convenio%20PRODESAL&#038;body=https:\/\/radiorevelacionfm.cl\/?p=64990' aria-hidden='false' data-av_icon='\ue805' data-av_iconfont='entypo-fontello' title='' data-avia-related-tooltip='Compartir por correo'><span class='avia_hidden_link_text'>Compartir por correo<\/span><\/a><\/li><\/ul><\/div><\/div>\n<div  style='height:50px' class='hr hr-invisible   avia-builder-el-8  el_after_av_social_share  el_before_av_comments_list '><span class='hr-inner ' ><span class='hr-inner-style'><\/span><\/span><\/div>\n<div  class='av-buildercomment  av-blog-meta-html-info-disabled av-blog-meta-tag-disabled  '><\/div>\n","protected":false},"excerpt":{"rendered":"","protected":false},"author":1,"featured_media":64991,"comment_status":"closed","ping_status":"closed","sticky":false,"template":"","format":"standard","meta":{"footnotes":""},"categories":[58],"tags":[],"class_list":["post-64990","post","type-post","status-publish","format-standard","has-post-thumbnail","hentry","category-agricultura"],"jetpack_featured_media_url":"https:\/\/radiorevelacionfm.cl\/wp-content\/uploads\/2026\/03\/Chile-Chico-3-1-1.jpeg","_links":{"self":[{"href":"https:\/\/radiorevelacionfm.cl\/index.php?rest_route=\/wp\/v2\/posts\/64990","targetHints":{"allow":["GET"]}}],"collection":[{"href":"https:\/\/radiorevelacionfm.cl\/index.php?rest_route=\/wp\/v2\/posts"}],"about":[{"href":"https:\/\/radiorevelacionfm.cl\/index.php?rest_route=\/wp\/v2\/types\/post"}],"author":[{"embeddable":true,"href":"https:\/\/radiorevelacionfm.cl\/index.php?rest_route=\/wp\/v2\/users\/1"}],"replies":[{"embeddable":true,"href":"https:\/\/radiorevelacionfm.cl\/index.php?rest_route=%2Fwp%2Fv2%2Fcomments&post=64990"}],"version-history":[{"count":2,"href":"https:\/\/radiorevelacionfm.cl\/index.php?rest_route=\/wp\/v2\/posts\/64990\/revisions"}],"predecessor-version":[{"id":64999,"href":"https:\/\/radiorevelacionfm.cl\/index.php?rest_route=\/wp\/v2\/posts\/64990\/revisions\/64999"}],"wp:featuredmedia":[{"embeddable":true,"href":"https:\/\/radiorevelacionfm.cl\/index.php?rest_route=\/wp\/v2\/media\/64991"}],"wp:attachment":[{"href":"https:\/\/radiorevelacionfm.cl\/index.php?rest_route=%2Fwp%2Fv2%2Fmedia&parent=64990"}],"wp:term":[{"taxonomy":"category","embeddable":true,"href":"https:\/\/radiorevelacionfm.cl\/index.php?rest_route=%2Fwp%2Fv2%2Fcategories&post=64990"},{"taxonomy":"post_tag","embeddable":true,"href":"https:\/\/radiorevelacionfm.cl\/index.php?rest_route=%2Fwp%2Fv2%2Ftags&post=64990"}],"curies":[{"name":"wp","href":"https:\/\/api.w.org\/{rel}","templated":true}]}}