{"id":64986,"date":"2026-03-11T17:51:22","date_gmt":"2026-03-11T20:51:22","guid":{"rendered":"https:\/\/radiorevelacionfm.cl\/?p=64986"},"modified":"2026-03-11T17:51:22","modified_gmt":"2026-03-11T20:51:22","slug":"edelaysen-ejecutara-plan-de-mejoras-para-fortalecer-el-servicio-electrico-entre-villa-ortega-y-manihuales","status":"publish","type":"post","link":"https:\/\/radiorevelacionfm.cl\/?p=64986","title":{"rendered":"Edelaysen ejecutar\u00e1 plan de mejoras para fortalecer el servicio el\u00e9ctrico entre Villa Ortega y Ma\u00f1ihuales"},"content":{"rendered":"<div class=\"flex_column av_one_full  flex_column_div av-zero-column-padding first  avia-builder-el-0  el_before_av_one_full  avia-builder-el-first  \" style='border-radius:0px; '><div  class='avia-image-container  av-styling-    avia-builder-el-1  avia-builder-el-no-sibling  avia-align-center '  itemprop=\"image\" itemscope=\"itemscope\" itemtype=\"https:\/\/schema.org\/ImageObject\"  ><div class='avia-image-container-inner'><div class='avia-image-overlay-wrap'><img decoding=\"async\" class='wp-image-64987 avia-img-lazy-loading-not-64987 avia_image' src=\"https:\/\/radiorevelacionfm.cl\/wp-content\/uploads\/2026\/03\/Desconexioin-programada-1-1.jpg\" alt='' title='Desconexio\u00ecn programada (1) (1)' height=\"600\" width=\"812\"  itemprop=\"thumbnailUrl\" srcset=\"https:\/\/radiorevelacionfm.cl\/wp-content\/uploads\/2026\/03\/Desconexioin-programada-1-1.jpg 812w, https:\/\/radiorevelacionfm.cl\/wp-content\/uploads\/2026\/03\/Desconexioin-programada-1-1-300x222.jpg 300w, https:\/\/radiorevelacionfm.cl\/wp-content\/uploads\/2026\/03\/Desconexioin-programada-1-1-768x567.jpg 768w, https:\/\/radiorevelacionfm.cl\/wp-content\/uploads\/2026\/03\/Desconexioin-programada-1-1-705x521.jpg 705w, https:\/\/radiorevelacionfm.cl\/wp-content\/uploads\/2026\/03\/Desconexioin-programada-1-1-450x333.jpg 450w, https:\/\/radiorevelacionfm.cl\/wp-content\/uploads\/2026\/03\/Desconexioin-programada-1-1-600x443.jpg 600w\" sizes=\"(max-width: 812px) 100vw, 812px\" \/><\/div><\/div><\/div><\/div><div class=\"flex_column av_one_full  flex_column_div av-zero-column-padding first  avia-builder-el-2  el_after_av_one_full  el_before_av_one_full  column-top-margin\" style='border-radius:0px; '><section class=\"av_textblock_section \"  itemscope=\"itemscope\" itemtype=\"https:\/\/schema.org\/BlogPosting\" itemprop=\"blogPost\" ><div class='avia_textblock  '   itemprop=\"text\" ><p style=\"text-align: center;\"><span style=\"font-size: 18pt;\"><strong>Edelaysen ejecutar\u00e1 plan de mejoras para fortalecer el servicio el\u00e9ctrico entre Villa Ortega y Ma\u00f1ihuales<\/strong><\/span><\/p>\n<div id=\"gtx-trans\" style=\"position: absolute; left: -50px; top: 4.31534px;\">\n<div class=\"gtx-trans-icon\"><\/div>\n<\/div>\n<\/div><\/section><\/div><div class=\"flex_column av_one_full  flex_column_div av-zero-column-padding first  avia-builder-el-4  el_after_av_one_full  el_before_av_hr  column-top-margin\" style='border-radius:0px; '><section class=\"av_textblock_section \"  itemscope=\"itemscope\" itemtype=\"https:\/\/schema.org\/BlogPosting\" itemprop=\"blogPost\" ><div class='avia_textblock  '   itemprop=\"text\" ><p style=\"text-align: justify;\"><em>El s\u00e1bado 14 de marzo, entre las 10:00 y las 16:00 horas, se realizar\u00e1n faenas programadas que requerir\u00e1n interrupci\u00f3n del suministro entre salida norte de Villa Ortega y Cruce Cabezas. En Villa Ma\u00f1ihuales Edelaysen dispondr\u00e1 de generaci\u00f3n de respaldo durante los trabajos.<\/em><\/p>\n<p style=\"text-align: justify;\">Con el prop\u00f3sito de reforzar la continuidad y calidad del suministro en la zona, Edelaysen ejecutar\u00e1 un plan especial de mantenimiento y mejoras operacionales en el tramo que abastece a las localidades de Villa Ortega y Ma\u00f1ihuales, como parte de su programaci\u00f3n de trabajos en terreno para fortalecer la red el\u00e9ctrica.<\/p>\n<p style=\"text-align: justify;\">En ese sentido, las faenas se desarrollar\u00e1n en cuatro zonas de trabajo y contemplan la intervenci\u00f3n de alrededor de 40 postes y equipos, con el despliegue de personal de mantenimiento y operaciones, supervisi\u00f3n en terreno y apoyo de prevenci\u00f3n de riesgos, resguardando la seguridad tanto del personal como de la comunidad durante toda la jornada.<\/p>\n<p style=\"text-align: justify;\">En concreto, el operativo considera acciones como la modificaci\u00f3n de estructuras, instalaci\u00f3n de desviadores de vuelo y reemplazo de postes de madera, entre otras mejoras orientadas a robustecer el desempe\u00f1o de la red y su operaci\u00f3n.<\/p>\n<p style=\"text-align: justify;\">Para ejecutar estos trabajos de manera segura, ser\u00e1 necesaria una desconexi\u00f3n programada para clientes ubicados entre salida norte de Villa Ortega y Cruce Cabezas, en el horario mencionado. En paralelo, los clientes de Villa Ma\u00f1ihuales contar\u00e1n con generaci\u00f3n de respaldo local, por lo que solo podr\u00edan percibir micro cortes al inicio y t\u00e9rmino de las maniobras, asociados a las acciones de operaci\u00f3n que permiten realizar las labores en condiciones controladas.<\/p>\n<p style=\"text-align: justify;\">En este contexto, Juan Cifra, jefe de Distribuci\u00f3n de Edelaysen se\u00f1al\u00f3 que \u201ceste plan de trabajo apunta a fortalecer la red en el sector, desplegando equipos y recursos en terreno para ejecutar mejoras relevantes. Todo en beneficio de la calidad de servicio de nuestros vecinos. Por otra parte, en Villa Ma\u00f1ihuales, mantendremos el suministro con respaldo de generaci\u00f3n, considerando \u00fanicamente micro cortes al inicio y t\u00e9rmino de las maniobras propios de una operaci\u00f3n segura\u201d.<\/p>\n<p style=\"text-align: justify;\">Ante consultas o requerimientos, Edelaysen recuerda que est\u00e1n disponibles sus canales de contacto, incluyendo su l\u00ednea gratuita 800 600 803 y las opciones digitales \u201cEstoy sin luz \/ Reportar corte\u201d en su sitio web y en su Aplicaci\u00f3n M\u00f3vil Edelaysen, que permiten informar y hacer seguimiento del estado del suministro.<\/p>\n<\/div><\/section><\/div><div  style='height:50px' class='hr hr-invisible   avia-builder-el-6  el_after_av_one_full  el_before_av_social_share '><span class='hr-inner ' ><span class='hr-inner-style'><\/span><\/span><\/div><\/p>\n<div  class='av-social-sharing-box  avia-builder-el-7  el_after_av_hr  el_before_av_hr  '><div class='av-share-box'><h5 class='av-share-link-description av-no-toc '>Compartir esta noticia<\/h5><ul class='av-share-box-list noLightbox'><li class='av-share-link av-social-link-facebook' ><a target=\"_blank\" aria-label=\"Compartir en Facebook\" href='https:\/\/www.facebook.com\/sharer.php?u=https:\/\/radiorevelacionfm.cl\/?p=64986&#038;t=Edelaysen%20ejecutar%C3%A1%20plan%20de%20mejoras%20para%20fortalecer%20el%20servicio%20el%C3%A9ctrico%20entre%20Villa%20Ortega%20y%20Ma%C3%B1ihuales' aria-hidden='false' data-av_icon='\ue8f3' data-av_iconfont='entypo-fontello' title='' data-avia-related-tooltip='Compartir en Facebook' rel=\"noopener\"><span class='avia_hidden_link_text'>Compartir en Facebook<\/span><\/a><\/li><li class='av-share-link av-social-link-twitter' ><a target=\"_blank\" aria-label=\"Compartir en Twitter\" href='https:\/\/twitter.com\/share?text=Edelaysen%20ejecutar%C3%A1%20plan%20de%20mejoras%20para%20fortalecer%20el%20servicio%20el%C3%A9ctrico%20entre%20Villa%20Ortega%20y%20Ma%C3%B1ihuales&#038;url=https:\/\/radiorevelacionfm.cl\/?p=64986' aria-hidden='false' data-av_icon='\ue8f1' data-av_iconfont='entypo-fontello' title='' data-avia-related-tooltip='Compartir en Twitter' rel=\"noopener\"><span class='avia_hidden_link_text'>Compartir en Twitter<\/span><\/a><\/li><li class='av-share-link av-social-link-whatsapp' ><a target=\"_blank\" aria-label=\"Compartir en Whatsapp\" href='https:\/\/api.whatsapp.com\/send?text=https:\/\/radiorevelacionfm.cl\/?p=64986' aria-hidden='false' data-av_icon='\uf232' data-av_iconfont='entypo-fontello' title='' data-avia-related-tooltip='Compartir en Whatsapp' rel=\"noopener\"><span class='avia_hidden_link_text'>Compartir en Whatsapp<\/span><\/a><\/li><li class='av-share-link av-social-link-linkedin' ><a target=\"_blank\" aria-label=\"Compartir en LinkedIn\" href='https:\/\/linkedin.com\/shareArticle?mini=true&#038;title=Edelaysen%20ejecutar%C3%A1%20plan%20de%20mejoras%20para%20fortalecer%20el%20servicio%20el%C3%A9ctrico%20entre%20Villa%20Ortega%20y%20Ma%C3%B1ihuales&#038;url=https:\/\/radiorevelacionfm.cl\/?p=64986' aria-hidden='false' data-av_icon='\ue8fc' data-av_iconfont='entypo-fontello' title='' data-avia-related-tooltip='Compartir en LinkedIn' rel=\"noopener\"><span class='avia_hidden_link_text'>Compartir en LinkedIn<\/span><\/a><\/li><li class='av-share-link av-social-link-mail' ><a  aria-label=\"Compartir por correo\" href='mailto:?subject=Edelaysen%20ejecutar%C3%A1%20plan%20de%20mejoras%20para%20fortalecer%20el%20servicio%20el%C3%A9ctrico%20entre%20Villa%20Ortega%20y%20Ma%C3%B1ihuales&#038;body=https:\/\/radiorevelacionfm.cl\/?p=64986' aria-hidden='false' data-av_icon='\ue805' data-av_iconfont='entypo-fontello' title='' data-avia-related-tooltip='Compartir por correo'><span class='avia_hidden_link_text'>Compartir por correo<\/span><\/a><\/li><\/ul><\/div><\/div>\n<div  style='height:50px' class='hr hr-invisible   avia-builder-el-8  el_after_av_social_share  el_before_av_comments_list '><span class='hr-inner ' ><span class='hr-inner-style'><\/span><\/span><\/div>\n<div  class='av-buildercomment  av-blog-meta-html-info-disabled av-blog-meta-tag-disabled  '><\/div>\n","protected":false},"excerpt":{"rendered":"","protected":false},"author":1,"featured_media":64987,"comment_status":"closed","ping_status":"closed","sticky":false,"template":"","format":"standard","meta":{"footnotes":""},"categories":[38],"tags":[],"class_list":["post-64986","post","type-post","status-publish","format-standard","has-post-thumbnail","hentry","category-regional"],"jetpack_featured_media_url":"https:\/\/radiorevelacionfm.cl\/wp-content\/uploads\/2026\/03\/Desconexioin-programada-1-1.jpg","_links":{"self":[{"href":"https:\/\/radiorevelacionfm.cl\/index.php?rest_route=\/wp\/v2\/posts\/64986","targetHints":{"allow":["GET"]}}],"collection":[{"href":"https:\/\/radiorevelacionfm.cl\/index.php?rest_route=\/wp\/v2\/posts"}],"about":[{"href":"https:\/\/radiorevelacionfm.cl\/index.php?rest_route=\/wp\/v2\/types\/post"}],"author":[{"embeddable":true,"href":"https:\/\/radiorevelacionfm.cl\/index.php?rest_route=\/wp\/v2\/users\/1"}],"replies":[{"embeddable":true,"href":"https:\/\/radiorevelacionfm.cl\/index.php?rest_route=%2Fwp%2Fv2%2Fcomments&post=64986"}],"version-history":[{"count":2,"href":"https:\/\/radiorevelacionfm.cl\/index.php?rest_route=\/wp\/v2\/posts\/64986\/revisions"}],"predecessor-version":[{"id":64989,"href":"https:\/\/radiorevelacionfm.cl\/index.php?rest_route=\/wp\/v2\/posts\/64986\/revisions\/64989"}],"wp:featuredmedia":[{"embeddable":true,"href":"https:\/\/radiorevelacionfm.cl\/index.php?rest_route=\/wp\/v2\/media\/64987"}],"wp:attachment":[{"href":"https:\/\/radiorevelacionfm.cl\/index.php?rest_route=%2Fwp%2Fv2%2Fmedia&parent=64986"}],"wp:term":[{"taxonomy":"category","embeddable":true,"href":"https:\/\/radiorevelacionfm.cl\/index.php?rest_route=%2Fwp%2Fv2%2Fcategories&post=64986"},{"taxonomy":"post_tag","embeddable":true,"href":"https:\/\/radiorevelacionfm.cl\/index.php?rest_route=%2Fwp%2Fv2%2Ftags&post=64986"}],"curies":[{"name":"wp","href":"https:\/\/api.w.org\/{rel}","templated":true}]}}