{"id":64980,"date":"2026-03-11T09:47:55","date_gmt":"2026-03-11T12:47:55","guid":{"rendered":"https:\/\/radiorevelacionfm.cl\/?p=64980"},"modified":"2026-03-11T09:47:55","modified_gmt":"2026-03-11T12:47:55","slug":"operativo-quirurgico-de-hombro-beneficia-a-9-pacientes-en-lista-de-espera-en-aysen","status":"publish","type":"post","link":"https:\/\/radiorevelacionfm.cl\/?p=64980","title":{"rendered":"Operativo quir\u00fargico de hombro beneficia a 9 pacientes en lista de espera en Ays\u00e9n"},"content":{"rendered":"<div class=\"flex_column av_one_full  flex_column_div av-zero-column-padding first  avia-builder-el-0  el_before_av_one_full  avia-builder-el-first  \" style='border-radius:0px; '><div  class='avia-image-container  av-styling-    avia-builder-el-1  avia-builder-el-no-sibling  avia-align-center '  itemprop=\"image\" itemscope=\"itemscope\" itemtype=\"https:\/\/schema.org\/ImageObject\"  ><div class='avia-image-container-inner'><div class='avia-image-overlay-wrap'><img decoding=\"async\" class='wp-image-64981 avia-img-lazy-loading-not-64981 avia_image' src=\"https:\/\/radiorevelacionfm.cl\/wp-content\/uploads\/2026\/03\/hombro-san-jose-hpa-003-1_optimized.jpg\" alt='' title='hombro-san-jose-hpa-003-(1)_optimized' height=\"600\" width=\"900\"  itemprop=\"thumbnailUrl\" srcset=\"https:\/\/radiorevelacionfm.cl\/wp-content\/uploads\/2026\/03\/hombro-san-jose-hpa-003-1_optimized.jpg 900w, https:\/\/radiorevelacionfm.cl\/wp-content\/uploads\/2026\/03\/hombro-san-jose-hpa-003-1_optimized-300x200.jpg 300w, https:\/\/radiorevelacionfm.cl\/wp-content\/uploads\/2026\/03\/hombro-san-jose-hpa-003-1_optimized-768x512.jpg 768w, https:\/\/radiorevelacionfm.cl\/wp-content\/uploads\/2026\/03\/hombro-san-jose-hpa-003-1_optimized-705x470.jpg 705w, https:\/\/radiorevelacionfm.cl\/wp-content\/uploads\/2026\/03\/hombro-san-jose-hpa-003-1_optimized-450x300.jpg 450w, https:\/\/radiorevelacionfm.cl\/wp-content\/uploads\/2026\/03\/hombro-san-jose-hpa-003-1_optimized-600x400.jpg 600w\" sizes=\"(max-width: 900px) 100vw, 900px\" \/><\/div><\/div><\/div><\/div><div class=\"flex_column av_one_full  flex_column_div av-zero-column-padding first  avia-builder-el-2  el_after_av_one_full  el_before_av_one_full  column-top-margin\" style='border-radius:0px; '><section class=\"av_textblock_section \"  itemscope=\"itemscope\" itemtype=\"https:\/\/schema.org\/BlogPosting\" itemprop=\"blogPost\" ><div class='avia_textblock  '   itemprop=\"text\" ><p style=\"text-align: center;\"><strong><span style=\"font-size: 18pt;\">Operativo quir\u00fargico de hombro beneficia a 9 pacientes en lista de espera en Ays\u00e9n<\/span><\/strong><\/p>\n<div id=\"gtx-trans\" style=\"position: absolute; left: -50px; top: 4.31534px;\">\n<div class=\"gtx-trans-icon\"><\/div>\n<\/div>\n<\/div><\/section><\/div><div class=\"flex_column av_one_full  flex_column_div av-zero-column-padding first  avia-builder-el-4  el_after_av_one_full  el_before_av_hr  column-top-margin\" style='border-radius:0px; '><section class=\"av_textblock_section \"  itemscope=\"itemscope\" itemtype=\"https:\/\/schema.org\/BlogPosting\" itemprop=\"blogPost\" ><div class='avia_textblock  '   itemprop=\"text\" ><ul>\n<li style=\"text-align: justify;\"><em>La iniciativa impulsada por el Servicio de Salud Ays\u00e9n, a trav\u00e9s del Hospital de Puerto Ays\u00e9n y en coordinaci\u00f3n con el Hospital San Jos\u00e9 de Santiago, permiti\u00f3 realizar cirug\u00edas de pr\u00f3tesis reversa de hombro, una prestaci\u00f3n que hasta ahora requer\u00eda derivar a los pacientes fuera de la regi\u00f3n.<\/em><\/li>\n<\/ul>\n<p style=\"text-align: justify;\">Los d\u00edas 6 y 7 de marzo se desarroll\u00f3 en el Hospital de Puerto Ays\u00e9n un operativo m\u00e9dico de alta complejidad enfocado en patolog\u00edas de hombro, instancia que permiti\u00f3 intervenir a pacientes de la regi\u00f3n que llevaban a\u00f1os en lista de espera, algunos de ellos por m\u00e1s de siete a\u00f1os.<\/p>\n<p style=\"text-align: justify;\">Hern\u00e1n Barrientos Hern\u00e1ndez, Director del Hospital de Puerto Ays\u00e9n, valor\u00f3 el impacto de la alianza: \u00abEste operativo permite acercar cirug\u00edas complejas a la comunidad de Ays\u00e9n, especialmente a personas que llevaban mucho tiempo esperando. Adem\u00e1s, evita traslados innecesarios fuera de la regi\u00f3n y consolida la mediana complejidad de nuestro hospital. Quiero agradecer y destacar el trabajo mancomunado entre el Hospital San Jos\u00e9 de Santiago y el Servicio de Salud Ays\u00e9n, demostrando que las instituciones p\u00fablicas tambi\u00e9n podemos colaborar para resolver problemas de salud m\u00e1s complejos en lugares aislados como Puerto Ays\u00e9n\u201d.<\/p>\n<p style=\"text-align: justify;\">El operativo contempl\u00f3 intervenciones quir\u00fargicas como cirug\u00edas artrosc\u00f3picas de manguito rotador y pr\u00f3tesis reversa de hombro, un procedimiento de alta complejidad que hasta ahora requer\u00eda derivar a los pacientes fuera de la regi\u00f3n.<\/p>\n<p style=\"text-align: justify;\">El Dr. Jos\u00e9 Tom\u00e1s P\u00e9rez, traumat\u00f3logo y jefe de la Unidad de Traumatolog\u00eda del Hospital de Puerto Ays\u00e9n, fue el impulsor de la iniciativa. Todo parti\u00f3 al reconocer en la consulta las brechas en la atenci\u00f3n de patolog\u00edas complejas de hombro. \u00abPudimos realizar cirug\u00edas de pr\u00f3tesis reversa en la regi\u00f3n, lo cual nos llena de orgullo y nos da alegr\u00eda al poder entregar una respuesta a pacientes que no ten\u00edan una alternativa dentro de la regi\u00f3n\u00bb, se\u00f1al\u00f3.<\/p>\n<p style=\"text-align: justify;\">Viviana Sep\u00falveda, M\u00e9dico Cirujano y Jefa del Subdepartamento de Gesti\u00f3n de Procesos Cl\u00ednicos, destac\u00f3 el impacto directo en las listas de espera: <em>\u00ab<\/em>Estamos generando una alianza estrat\u00e9gica con el Hospital San Jos\u00e9 que ha permitido operar a pacientes que estaban en lista de espera para pr\u00f3tesis de hombro y atender otras patolog\u00edas quir\u00fargicas. Estamos muy contentos y esperamos que esto pueda continuar a trav\u00e9s del tiempo<em>\u201d.<\/em><\/p>\n<p style=\"text-align: justify;\">La Dra. Susan Sulzer Grassau, traumat\u00f3loga cirujana y Jefa del Equipo de Cirug\u00eda de Hombro del Hospital San Jos\u00e9, encabez\u00f3 el grupo de especialistas visitantes. Entre los pacientes atendidos hab\u00eda personas con artrosis avanzada, rotura de tendones del manguito rotador y limitaciones funcionales severas arrastradas por a\u00f1os. \u00abA trav\u00e9s de cirug\u00edas de pr\u00f3tesis y reparaci\u00f3n de tendones, nuestra idea es corregir estos s\u00edntomas, mejorar la funci\u00f3n y, con ello, la calidad de vida de las personas de la regi\u00f3n\u00bb, explic\u00f3.<\/p>\n<p style=\"text-align: justify;\">El Dr. Jos\u00e9 Tom\u00e1s Rojas, subespecialista de hombro y codo del Hospital San Jos\u00e9, subray\u00f3 el doble prop\u00f3sito del operativo: resolver los casos m\u00e1s complejos y dejar capacidades instaladas en el equipo local. \u00abAl momento de nosotros venir, tambi\u00e9n entregamos cierta formaci\u00f3n al equipo m\u00e9dico para que en el futuro puedan desarrollarlas sin la necesidad de que nosotros vengamos\u00bb.<\/p>\n<p style=\"text-align: justify;\">La iniciativa permiti\u00f3 que especialistas de la Regi\u00f3n Metropolitana se trasladaran a la Patagonia para trabajar junto a los equipos locales, evitando que los pacientes debieran desplazarse fuera de la regi\u00f3n para acceder a este tipo de cirug\u00edas.<\/p>\n<p style=\"text-align: justify;\"><strong>\u00a0<\/strong><\/p>\n<\/div><\/section><\/div><div  style='height:50px' class='hr hr-invisible   avia-builder-el-6  el_after_av_one_full  el_before_av_social_share '><span class='hr-inner ' ><span class='hr-inner-style'><\/span><\/span><\/div><\/p>\n<div  class='av-social-sharing-box  avia-builder-el-7  el_after_av_hr  el_before_av_hr  '><div class='av-share-box'><h5 class='av-share-link-description av-no-toc '>Compartir esta noticia<\/h5><ul class='av-share-box-list noLightbox'><li class='av-share-link av-social-link-facebook' ><a target=\"_blank\" aria-label=\"Compartir en Facebook\" href='https:\/\/www.facebook.com\/sharer.php?u=https:\/\/radiorevelacionfm.cl\/?p=64980&#038;t=Operativo%20quir%C3%BArgico%20de%20hombro%20beneficia%20a%209%20pacientes%20en%20lista%20de%20espera%20en%20Ays%C3%A9n' aria-hidden='false' data-av_icon='\ue8f3' data-av_iconfont='entypo-fontello' title='' data-avia-related-tooltip='Compartir en Facebook' rel=\"noopener\"><span class='avia_hidden_link_text'>Compartir en Facebook<\/span><\/a><\/li><li class='av-share-link av-social-link-twitter' ><a target=\"_blank\" aria-label=\"Compartir en Twitter\" href='https:\/\/twitter.com\/share?text=Operativo%20quir%C3%BArgico%20de%20hombro%20beneficia%20a%209%20pacientes%20en%20lista%20de%20espera%20en%20Ays%C3%A9n&#038;url=https:\/\/radiorevelacionfm.cl\/?p=64980' aria-hidden='false' data-av_icon='\ue8f1' data-av_iconfont='entypo-fontello' title='' data-avia-related-tooltip='Compartir en Twitter' rel=\"noopener\"><span class='avia_hidden_link_text'>Compartir en Twitter<\/span><\/a><\/li><li class='av-share-link av-social-link-whatsapp' ><a target=\"_blank\" aria-label=\"Compartir en Whatsapp\" href='https:\/\/api.whatsapp.com\/send?text=https:\/\/radiorevelacionfm.cl\/?p=64980' aria-hidden='false' data-av_icon='\uf232' data-av_iconfont='entypo-fontello' title='' data-avia-related-tooltip='Compartir en Whatsapp' rel=\"noopener\"><span class='avia_hidden_link_text'>Compartir en Whatsapp<\/span><\/a><\/li><li class='av-share-link av-social-link-linkedin' ><a target=\"_blank\" aria-label=\"Compartir en LinkedIn\" href='https:\/\/linkedin.com\/shareArticle?mini=true&#038;title=Operativo%20quir%C3%BArgico%20de%20hombro%20beneficia%20a%209%20pacientes%20en%20lista%20de%20espera%20en%20Ays%C3%A9n&#038;url=https:\/\/radiorevelacionfm.cl\/?p=64980' aria-hidden='false' data-av_icon='\ue8fc' data-av_iconfont='entypo-fontello' title='' data-avia-related-tooltip='Compartir en LinkedIn' rel=\"noopener\"><span class='avia_hidden_link_text'>Compartir en LinkedIn<\/span><\/a><\/li><li class='av-share-link av-social-link-mail' ><a  aria-label=\"Compartir por correo\" href='mailto:?subject=Operativo%20quir%C3%BArgico%20de%20hombro%20beneficia%20a%209%20pacientes%20en%20lista%20de%20espera%20en%20Ays%C3%A9n&#038;body=https:\/\/radiorevelacionfm.cl\/?p=64980' aria-hidden='false' data-av_icon='\ue805' data-av_iconfont='entypo-fontello' title='' data-avia-related-tooltip='Compartir por correo'><span class='avia_hidden_link_text'>Compartir por correo<\/span><\/a><\/li><\/ul><\/div><\/div>\n<div  style='height:50px' class='hr hr-invisible   avia-builder-el-8  el_after_av_social_share  el_before_av_comments_list '><span class='hr-inner ' ><span class='hr-inner-style'><\/span><\/span><\/div>\n<div  class='av-buildercomment  av-blog-meta-html-info-disabled av-blog-meta-tag-disabled  '><\/div>\n","protected":false},"excerpt":{"rendered":"","protected":false},"author":1,"featured_media":64981,"comment_status":"closed","ping_status":"closed","sticky":false,"template":"","format":"standard","meta":{"footnotes":""},"categories":[46],"tags":[],"class_list":["post-64980","post","type-post","status-publish","format-standard","has-post-thumbnail","hentry","category-salud"],"jetpack_featured_media_url":"https:\/\/radiorevelacionfm.cl\/wp-content\/uploads\/2026\/03\/hombro-san-jose-hpa-003-1_optimized.jpg","_links":{"self":[{"href":"https:\/\/radiorevelacionfm.cl\/index.php?rest_route=\/wp\/v2\/posts\/64980","targetHints":{"allow":["GET"]}}],"collection":[{"href":"https:\/\/radiorevelacionfm.cl\/index.php?rest_route=\/wp\/v2\/posts"}],"about":[{"href":"https:\/\/radiorevelacionfm.cl\/index.php?rest_route=\/wp\/v2\/types\/post"}],"author":[{"embeddable":true,"href":"https:\/\/radiorevelacionfm.cl\/index.php?rest_route=\/wp\/v2\/users\/1"}],"replies":[{"embeddable":true,"href":"https:\/\/radiorevelacionfm.cl\/index.php?rest_route=%2Fwp%2Fv2%2Fcomments&post=64980"}],"version-history":[{"count":2,"href":"https:\/\/radiorevelacionfm.cl\/index.php?rest_route=\/wp\/v2\/posts\/64980\/revisions"}],"predecessor-version":[{"id":64984,"href":"https:\/\/radiorevelacionfm.cl\/index.php?rest_route=\/wp\/v2\/posts\/64980\/revisions\/64984"}],"wp:featuredmedia":[{"embeddable":true,"href":"https:\/\/radiorevelacionfm.cl\/index.php?rest_route=\/wp\/v2\/media\/64981"}],"wp:attachment":[{"href":"https:\/\/radiorevelacionfm.cl\/index.php?rest_route=%2Fwp%2Fv2%2Fmedia&parent=64980"}],"wp:term":[{"taxonomy":"category","embeddable":true,"href":"https:\/\/radiorevelacionfm.cl\/index.php?rest_route=%2Fwp%2Fv2%2Fcategories&post=64980"},{"taxonomy":"post_tag","embeddable":true,"href":"https:\/\/radiorevelacionfm.cl\/index.php?rest_route=%2Fwp%2Fv2%2Ftags&post=64980"}],"curies":[{"name":"wp","href":"https:\/\/api.w.org\/{rel}","templated":true}]}}