{"id":64977,"date":"2026-03-10T21:02:14","date_gmt":"2026-03-11T00:02:14","guid":{"rendered":"https:\/\/radiorevelacionfm.cl\/?p=64977"},"modified":"2026-03-10T21:02:14","modified_gmt":"2026-03-11T00:02:14","slug":"punos-de-hierro-en-el-litoral-de-aysen-mas-de-200-personas-vibraron-con-velada-boxeril-en-islas-huichas","status":"publish","type":"post","link":"https:\/\/radiorevelacionfm.cl\/?p=64977","title":{"rendered":"Pu\u00f1os de hierro en el litoral de Ays\u00e9n: M\u00e1s de 200 personas vibraron con velada boxeril en Islas Huichas"},"content":{"rendered":"<div class=\"flex_column av_one_full  flex_column_div av-zero-column-padding first  avia-builder-el-0  el_before_av_one_full  avia-builder-el-first  \" style='border-radius:0px; '><div  class='avia-image-container  av-styling-    avia-builder-el-1  avia-builder-el-no-sibling  avia-align-center '  itemprop=\"image\" itemscope=\"itemscope\" itemtype=\"https:\/\/schema.org\/ImageObject\"  ><div class='avia-image-container-inner'><div class='avia-image-overlay-wrap'><img decoding=\"async\" class='wp-image-64978 avia-img-lazy-loading-not-64978 avia_image' src=\"https:\/\/radiorevelacionfm.cl\/wp-content\/uploads\/2026\/03\/IMG_4578-1-1.jpg\" alt='' title='IMG_4578 (1) (1)' height=\"600\" width=\"900\"  itemprop=\"thumbnailUrl\" srcset=\"https:\/\/radiorevelacionfm.cl\/wp-content\/uploads\/2026\/03\/IMG_4578-1-1.jpg 900w, https:\/\/radiorevelacionfm.cl\/wp-content\/uploads\/2026\/03\/IMG_4578-1-1-300x200.jpg 300w, https:\/\/radiorevelacionfm.cl\/wp-content\/uploads\/2026\/03\/IMG_4578-1-1-768x512.jpg 768w, https:\/\/radiorevelacionfm.cl\/wp-content\/uploads\/2026\/03\/IMG_4578-1-1-705x470.jpg 705w, https:\/\/radiorevelacionfm.cl\/wp-content\/uploads\/2026\/03\/IMG_4578-1-1-450x300.jpg 450w, https:\/\/radiorevelacionfm.cl\/wp-content\/uploads\/2026\/03\/IMG_4578-1-1-600x400.jpg 600w\" sizes=\"(max-width: 900px) 100vw, 900px\" \/><\/div><\/div><\/div><\/div><div class=\"flex_column av_one_full  flex_column_div av-zero-column-padding first  avia-builder-el-2  el_after_av_one_full  el_before_av_one_full  column-top-margin\" style='border-radius:0px; '><section class=\"av_textblock_section \"  itemscope=\"itemscope\" itemtype=\"https:\/\/schema.org\/BlogPosting\" itemprop=\"blogPost\" ><div class='avia_textblock  '   itemprop=\"text\" ><p style=\"text-align: center;\"><strong><span style=\"font-size: 18pt;\">Pu\u00f1os de hierro en el litoral de Ays\u00e9n: M\u00e1s de 200 personas vibraron con velada boxeril en Islas Huichas<\/span><\/strong><\/p>\n<div id=\"gtx-trans\" style=\"position: absolute; left: -50px; top: 4.31534px;\">\n<div class=\"gtx-trans-icon\"><\/div>\n<\/div>\n<\/div><\/section><\/div><div class=\"flex_column av_one_full  flex_column_div av-zero-column-padding first  avia-builder-el-4  el_after_av_one_full  el_before_av_hr  column-top-margin\" style='border-radius:0px; '><section class=\"av_textblock_section \"  itemscope=\"itemscope\" itemtype=\"https:\/\/schema.org\/BlogPosting\" itemprop=\"blogPost\" ><div class='avia_textblock  '   itemprop=\"text\" ><p style=\"text-align: justify;\">La instancia, enmarcada en el cierre del aniversario de Islas Huichas, reuni\u00f3 a deportistas de toda la regi\u00f3n, incluyendo a adolescentes y mujeres que se midieron en el ring. En total, fueron once combates \u2014dos de ellos femeninos\u2014 que hicieron vibrar a la comunidad de <strong>Puerto Aguirre, Caleta Andrade y Estero Copa<\/strong>.<\/p>\n<p style=\"text-align: justify;\">El director ejecutivo de la Corporaci\u00f3n de Deportes de Ays\u00e9n, <strong>Jorge Villegas<\/strong>, manifest\u00f3 que \u201cestamos contentos de haber terminado las actividades deportivas enmarcadas en el aniversario de Islas Huichas\u201d, enfatizando que \u201cllegaron alrededor de 200 personas a disfrutar de este espect\u00e1culo\u201d.<\/p>\n<p style=\"text-align: justify;\">Asimismo, sostuvo que, como Corporaci\u00f3n de Deportes, se sigue desarrollando el trabajo impulsado por el alcalde <strong>Luis Mart\u00ednez Gallardo<\/strong>, de \u201cfortalecer todas las disciplinas deportivas, no solamente el f\u00fatbol y el b\u00e1squetbol que se han generado durante este \u00faltimo tiempo, sino ir formalizando nuevas disciplinas deportivas y fortaleciendo no solo este tipo de eventos, sino generando espacios deportivos para que se puedan practicar\u201d.<\/p>\n<p style=\"text-align: justify;\">Por su parte <strong>Camilo Silva<\/strong>, boxeador profesional de la regi\u00f3n y quien arbitr\u00f3 los combates, expres\u00f3 su gratitud con la velada boxeril. \u201cEstamos muy contentos de poder retomar la senda de los combates, m\u00e1s a\u00fan en Islas Huichas, que sabemos que es extremo y cuesta llegar\u201d, dijo.<\/p>\n<p style=\"text-align: justify;\">Adem\u00e1s, agradeci\u00f3 al alcalde de la comuna de Ays\u00e9n, Luis Mart\u00ednez, y al director ejecutivo de la corporaci\u00f3n, Jorge Villegas, por considerarlos en el evento. \u201cSeguimos haciendo las cosas bien, en regla, as\u00ed que vamos a seguir trabajando para, ojal\u00e1, llevar el boxeo a todos los rincones de la regi\u00f3n\u201d, afirm\u00f3.<\/p>\n<p style=\"text-align: justify;\">La jornada cont\u00f3 con el respaldo t\u00e9cnico de la <strong>Asociaci\u00f3n de Boxeo de Coyhaique<\/strong>, cuyos jueces se encargaron de fiscalizar los combates competitivos. Su presidente, <strong>\u00c1ngel G\u00f3mez<\/strong>, enfatiz\u00f3 que \u201cnosotros estamos llanos a cooperar, a estar en pos del deporte y que esto vaya fluyendo y vaya creciendo m\u00e1s\u201d, para as\u00ed llegar a los rincones de la Patagonia.<\/p>\n<p style=\"text-align: justify;\">El evento tuvo un alto flujo de asistentes y, entre sus combates, hubo dos protagonizados por j\u00f3venes. Una de ellas, <strong>Lorena Vel\u00e1squez<\/strong>, relat\u00f3 que lleva tiempo practicando la disciplina y que la instancia le fue \u00fatil para mostrar su t\u00e9cnica. \u201cBac\u00e1n que se sigan haciendo este tipo de veladas, sobre todo el boxeo femenino\u201d, se\u00f1al\u00f3, manifestando que siente orgullo de que se est\u00e9 alentando a las mujeres a practicar el deporte, ya que \u201ces muy lindo\u201d.<\/p>\n<\/div><\/section><\/div><div  style='height:50px' class='hr hr-invisible   avia-builder-el-6  el_after_av_one_full  el_before_av_social_share '><span class='hr-inner ' ><span class='hr-inner-style'><\/span><\/span><\/div><\/p>\n<div  class='av-social-sharing-box  avia-builder-el-7  el_after_av_hr  el_before_av_hr  '><div class='av-share-box'><h5 class='av-share-link-description av-no-toc '>Compartir esta noticia<\/h5><ul class='av-share-box-list noLightbox'><li class='av-share-link av-social-link-facebook' ><a target=\"_blank\" aria-label=\"Compartir en Facebook\" href='https:\/\/www.facebook.com\/sharer.php?u=https:\/\/radiorevelacionfm.cl\/?p=64977&#038;t=Pu%C3%B1os%20de%20hierro%20en%20el%20litoral%20de%20Ays%C3%A9n%3A%20M%C3%A1s%20de%20200%20personas%20vibraron%20con%20velada%20boxeril%20en%20Islas%20Huichas' aria-hidden='false' data-av_icon='\ue8f3' data-av_iconfont='entypo-fontello' title='' data-avia-related-tooltip='Compartir en Facebook' rel=\"noopener\"><span class='avia_hidden_link_text'>Compartir en Facebook<\/span><\/a><\/li><li class='av-share-link av-social-link-twitter' ><a target=\"_blank\" aria-label=\"Compartir en Twitter\" href='https:\/\/twitter.com\/share?text=Pu%C3%B1os%20de%20hierro%20en%20el%20litoral%20de%20Ays%C3%A9n%3A%20M%C3%A1s%20de%20200%20personas%20vibraron%20con%20velada%20boxeril%20en%20Islas%20Huichas&#038;url=https:\/\/radiorevelacionfm.cl\/?p=64977' aria-hidden='false' data-av_icon='\ue8f1' data-av_iconfont='entypo-fontello' title='' data-avia-related-tooltip='Compartir en Twitter' rel=\"noopener\"><span class='avia_hidden_link_text'>Compartir en Twitter<\/span><\/a><\/li><li class='av-share-link av-social-link-whatsapp' ><a target=\"_blank\" aria-label=\"Compartir en Whatsapp\" href='https:\/\/api.whatsapp.com\/send?text=https:\/\/radiorevelacionfm.cl\/?p=64977' aria-hidden='false' data-av_icon='\uf232' data-av_iconfont='entypo-fontello' title='' data-avia-related-tooltip='Compartir en Whatsapp' rel=\"noopener\"><span class='avia_hidden_link_text'>Compartir en Whatsapp<\/span><\/a><\/li><li class='av-share-link av-social-link-linkedin' ><a target=\"_blank\" aria-label=\"Compartir en LinkedIn\" href='https:\/\/linkedin.com\/shareArticle?mini=true&#038;title=Pu%C3%B1os%20de%20hierro%20en%20el%20litoral%20de%20Ays%C3%A9n%3A%20M%C3%A1s%20de%20200%20personas%20vibraron%20con%20velada%20boxeril%20en%20Islas%20Huichas&#038;url=https:\/\/radiorevelacionfm.cl\/?p=64977' aria-hidden='false' data-av_icon='\ue8fc' data-av_iconfont='entypo-fontello' title='' data-avia-related-tooltip='Compartir en LinkedIn' rel=\"noopener\"><span class='avia_hidden_link_text'>Compartir en LinkedIn<\/span><\/a><\/li><li class='av-share-link av-social-link-mail' ><a  aria-label=\"Compartir por correo\" href='mailto:?subject=Pu%C3%B1os%20de%20hierro%20en%20el%20litoral%20de%20Ays%C3%A9n%3A%20M%C3%A1s%20de%20200%20personas%20vibraron%20con%20velada%20boxeril%20en%20Islas%20Huichas&#038;body=https:\/\/radiorevelacionfm.cl\/?p=64977' aria-hidden='false' data-av_icon='\ue805' data-av_iconfont='entypo-fontello' title='' data-avia-related-tooltip='Compartir por correo'><span class='avia_hidden_link_text'>Compartir por correo<\/span><\/a><\/li><\/ul><\/div><\/div>\n<div  style='height:50px' class='hr hr-invisible   avia-builder-el-8  el_after_av_social_share  el_before_av_comments_list '><span class='hr-inner ' ><span class='hr-inner-style'><\/span><\/span><\/div>\n<div  class='av-buildercomment  av-blog-meta-html-info-disabled av-blog-meta-tag-disabled  '><\/div>\n","protected":false},"excerpt":{"rendered":"","protected":false},"author":1,"featured_media":64978,"comment_status":"closed","ping_status":"closed","sticky":false,"template":"","format":"standard","meta":{"footnotes":""},"categories":[40],"tags":[],"class_list":["post-64977","post","type-post","status-publish","format-standard","has-post-thumbnail","hentry","category-deportes"],"jetpack_featured_media_url":"https:\/\/radiorevelacionfm.cl\/wp-content\/uploads\/2026\/03\/IMG_4578-1-1.jpg","_links":{"self":[{"href":"https:\/\/radiorevelacionfm.cl\/index.php?rest_route=\/wp\/v2\/posts\/64977","targetHints":{"allow":["GET"]}}],"collection":[{"href":"https:\/\/radiorevelacionfm.cl\/index.php?rest_route=\/wp\/v2\/posts"}],"about":[{"href":"https:\/\/radiorevelacionfm.cl\/index.php?rest_route=\/wp\/v2\/types\/post"}],"author":[{"embeddable":true,"href":"https:\/\/radiorevelacionfm.cl\/index.php?rest_route=\/wp\/v2\/users\/1"}],"replies":[{"embeddable":true,"href":"https:\/\/radiorevelacionfm.cl\/index.php?rest_route=%2Fwp%2Fv2%2Fcomments&post=64977"}],"version-history":[{"count":2,"href":"https:\/\/radiorevelacionfm.cl\/index.php?rest_route=\/wp\/v2\/posts\/64977\/revisions"}],"predecessor-version":[{"id":64983,"href":"https:\/\/radiorevelacionfm.cl\/index.php?rest_route=\/wp\/v2\/posts\/64977\/revisions\/64983"}],"wp:featuredmedia":[{"embeddable":true,"href":"https:\/\/radiorevelacionfm.cl\/index.php?rest_route=\/wp\/v2\/media\/64978"}],"wp:attachment":[{"href":"https:\/\/radiorevelacionfm.cl\/index.php?rest_route=%2Fwp%2Fv2%2Fmedia&parent=64977"}],"wp:term":[{"taxonomy":"category","embeddable":true,"href":"https:\/\/radiorevelacionfm.cl\/index.php?rest_route=%2Fwp%2Fv2%2Fcategories&post=64977"},{"taxonomy":"post_tag","embeddable":true,"href":"https:\/\/radiorevelacionfm.cl\/index.php?rest_route=%2Fwp%2Fv2%2Ftags&post=64977"}],"curies":[{"name":"wp","href":"https:\/\/api.w.org\/{rel}","templated":true}]}}