{"id":64973,"date":"2026-03-10T19:00:46","date_gmt":"2026-03-10T22:00:46","guid":{"rendered":"https:\/\/radiorevelacionfm.cl\/?p=64973"},"modified":"2026-03-10T19:00:46","modified_gmt":"2026-03-10T22:00:46","slug":"gobierno-conmemora-su-ultimo-8m-en-cochrane-y-culmina-su-gestion-presentando-avances-en-igualdad-de-genero","status":"publish","type":"post","link":"https:\/\/radiorevelacionfm.cl\/?p=64973","title":{"rendered":"Gobierno conmemora su \u00faltimo 8M en Cochrane y culmina su gesti\u00f3n presentando avances en igualdad de g\u00e9nero"},"content":{"rendered":"<div class=\"flex_column av_one_full  flex_column_div av-zero-column-padding first  avia-builder-el-0  el_before_av_one_full  avia-builder-el-first  \" style='border-radius:0px; '><div  class='avia-image-container  av-styling-    avia-builder-el-1  avia-builder-el-no-sibling  avia-align-center '  itemprop=\"image\" itemscope=\"itemscope\" itemtype=\"https:\/\/schema.org\/ImageObject\"  ><div class='avia-image-container-inner'><div class='avia-image-overlay-wrap'><img decoding=\"async\" class='wp-image-64974 avia-img-lazy-loading-not-64974 avia_image' src=\"https:\/\/radiorevelacionfm.cl\/wp-content\/uploads\/2026\/03\/img_0474-1_optimized-1.jpg\" alt='' title='img_0474-(1)_optimized (1)' height=\"600\" width=\"800\"  itemprop=\"thumbnailUrl\" srcset=\"https:\/\/radiorevelacionfm.cl\/wp-content\/uploads\/2026\/03\/img_0474-1_optimized-1.jpg 800w, https:\/\/radiorevelacionfm.cl\/wp-content\/uploads\/2026\/03\/img_0474-1_optimized-1-300x225.jpg 300w, https:\/\/radiorevelacionfm.cl\/wp-content\/uploads\/2026\/03\/img_0474-1_optimized-1-768x576.jpg 768w, https:\/\/radiorevelacionfm.cl\/wp-content\/uploads\/2026\/03\/img_0474-1_optimized-1-705x529.jpg 705w, https:\/\/radiorevelacionfm.cl\/wp-content\/uploads\/2026\/03\/img_0474-1_optimized-1-450x338.jpg 450w, https:\/\/radiorevelacionfm.cl\/wp-content\/uploads\/2026\/03\/img_0474-1_optimized-1-600x450.jpg 600w\" sizes=\"(max-width: 800px) 100vw, 800px\" \/><\/div><\/div><\/div><\/div><div class=\"flex_column av_one_full  flex_column_div av-zero-column-padding first  avia-builder-el-2  el_after_av_one_full  el_before_av_one_full  column-top-margin\" style='border-radius:0px; '><section class=\"av_textblock_section \"  itemscope=\"itemscope\" itemtype=\"https:\/\/schema.org\/BlogPosting\" itemprop=\"blogPost\" ><div class='avia_textblock  '   itemprop=\"text\" ><p style=\"text-align: center;\"><strong><span style=\"font-size: 18pt;\">Gobierno conmemora su \u00faltimo 8M en Cochrane y culmina su gesti\u00f3n presentando avances en igualdad de g\u00e9nero<\/span><\/strong><\/p>\n<div id=\"gtx-trans\" style=\"position: absolute; left: -50px; top: 4.31534px;\">\n<div class=\"gtx-trans-icon\"><\/div>\n<\/div>\n<\/div><\/section><\/div><div class=\"flex_column av_one_full  flex_column_div av-zero-column-padding first  avia-builder-el-4  el_after_av_one_full  el_before_av_hr  column-top-margin\" style='border-radius:0px; '><section class=\"av_textblock_section \"  itemscope=\"itemscope\" itemtype=\"https:\/\/schema.org\/BlogPosting\" itemprop=\"blogPost\" ><div class='avia_textblock  '   itemprop=\"text\" ><p style=\"text-align: justify;\"><em>La seremi de la Mujer y la Equidad de G\u00e9nero destac\u00f3 los resultados de la agenda impulsada durante estos cuatro a\u00f1os en los ejes de violencia de g\u00e9nero, autonom\u00eda econ\u00f3mica y derechos sexuales y reproductivos, subrayando el impacto que estas pol\u00edticas p\u00fablicas han tenido en la vida de miles de mujeres. <\/em><\/p>\n<p style=\"text-align: justify;\">Con una ceremonia realizada en el Sal\u00f3n Azul del Centro Cultural de Cochrane, la seremi de la Mujer y la Equidad de G\u00e9nero, Isidora Gacit\u00faa Goles, encabez\u00f3 lo que fue la \u00faltima conmemoraci\u00f3n del 8 de marzo, D\u00eda Internacional de la Mujer, bajo el Gobierno del Presidente Gabriel Boric, antes del cambio de mando del pr\u00f3ximo 11 de marzo.<\/p>\n<p style=\"text-align: justify;\">La jornada cont\u00f3 con la presencia de autoridades regionales, provinciales y locales, con alta participaci\u00f3n de la comunidad y las mujeres de Cochrane, quienes pudieron conocer los avances que ha impulsado la cartera de G\u00e9nero en estos \u00faltimos a\u00f1os, y deleitarse con n\u00fameros art\u00edsticos como el de Macarena Angulo, quien ambient\u00f3 la instancia con su trabajo y su m\u00fasica.<\/p>\n<p style=\"text-align: justify;\">\u201cEn esta conmemoraci\u00f3n del 8 de marzo, D\u00eda Internacional de la Mujer Trabajadora, tambi\u00e9n es momento de reconocer avances concretos. Durante el Gobierno del Presidente Gabriel Boric Font impulsamos una agenda decidida para ampliar los derechos de las mujeres en Chile. Sacamos adelante la Ley de Responsabilidad Parental y Pago Efectivo de Pensiones de Alimentos, conocida como \u201cLey Papito Coraz\u00f3n\u201d, que ha permitido recuperar miles de millones de pesos para ni\u00f1as, ni\u00f1os y sus madres\u201d, se\u00f1al\u00f3 la seremi de la Mujer y la Equidad de G\u00e9nero.<\/p>\n<p style=\"text-align: justify;\">En esta misma l\u00ednea, la autoridad tambi\u00e9n destac\u00f3 la promulgaci\u00f3n de la Ley Integral para prevenir y erradicar la violencia contra las mujeres, la Ley Antonia que tipifica el suicidio femicida, y la Ley de Reparaci\u00f3n para hijas e hijos de v\u00edctimas de femicidio.<\/p>\n<p style=\"text-align: justify;\">\u201cSon cambios reales que mejoran la vida de las mujeres y sus familias. Como seremi y mujer ha sido un orgullo ser parte de este Gobierno, seguiremos trabajando, desde el espacio que estemos, para defender nuestros derechos y no retroceder en todo lo alcanzado\u201d, concluy\u00f3 Isidora Gacit\u00faa Goles.<\/p>\n<p style=\"text-align: justify;\">Finalmente, Marianela Pe\u00f1a, habitante de la comuna de Cochrane que asisti\u00f3 a la ceremonia, agradeci\u00f3 al SernamEG y al Ministerio por \u201cllegar al territorio y comenzar a hacer reuniones, donde nos dieron a conocer a las mujeres nuestros derechos y las nuevas leyes que empezaron a salir. La misma comunidad ha ido creciendo y se ha fortalecido, y adem\u00e1s las mujeres se han comenzado a apoyar entre ellas. Adem\u00e1s, darle las gracias a este Gobierno, que nos dio la posibilidad de poder hablar. Dar a conocer que hay regiones que tienen localidades que son muy alejadas, donde cuesta mucho que llegue la ayuda y la informaci\u00f3n. Gracias tambi\u00e9n a la seremi y a la delegada presidencial esto ha podido hacerse en Cochrane, en O\u2019Higgins, en Tortel, y eso hay que destacarlo.<\/p>\n<\/div><\/section><\/div><div  style='height:50px' class='hr hr-invisible   avia-builder-el-6  el_after_av_one_full  el_before_av_social_share '><span class='hr-inner ' ><span class='hr-inner-style'><\/span><\/span><\/div><\/p>\n<div  class='av-social-sharing-box  avia-builder-el-7  el_after_av_hr  el_before_av_hr  '><div class='av-share-box'><h5 class='av-share-link-description av-no-toc '>Compartir esta noticia<\/h5><ul class='av-share-box-list noLightbox'><li class='av-share-link av-social-link-facebook' ><a target=\"_blank\" aria-label=\"Compartir en Facebook\" href='https:\/\/www.facebook.com\/sharer.php?u=https:\/\/radiorevelacionfm.cl\/?p=64973&#038;t=Gobierno%20conmemora%20su%20%C3%BAltimo%208M%20en%20Cochrane%20y%20culmina%20su%20gesti%C3%B3n%20presentando%20avances%20en%20igualdad%20de%20g%C3%A9nero' aria-hidden='false' data-av_icon='\ue8f3' data-av_iconfont='entypo-fontello' title='' data-avia-related-tooltip='Compartir en Facebook' rel=\"noopener\"><span class='avia_hidden_link_text'>Compartir en Facebook<\/span><\/a><\/li><li class='av-share-link av-social-link-twitter' ><a target=\"_blank\" aria-label=\"Compartir en Twitter\" href='https:\/\/twitter.com\/share?text=Gobierno%20conmemora%20su%20%C3%BAltimo%208M%20en%20Cochrane%20y%20culmina%20su%20gesti%C3%B3n%20presentando%20avances%20en%20igualdad%20de%20g%C3%A9nero&#038;url=https:\/\/radiorevelacionfm.cl\/?p=64973' aria-hidden='false' data-av_icon='\ue8f1' data-av_iconfont='entypo-fontello' title='' data-avia-related-tooltip='Compartir en Twitter' rel=\"noopener\"><span class='avia_hidden_link_text'>Compartir en Twitter<\/span><\/a><\/li><li class='av-share-link av-social-link-whatsapp' ><a target=\"_blank\" aria-label=\"Compartir en Whatsapp\" href='https:\/\/api.whatsapp.com\/send?text=https:\/\/radiorevelacionfm.cl\/?p=64973' aria-hidden='false' data-av_icon='\uf232' data-av_iconfont='entypo-fontello' title='' data-avia-related-tooltip='Compartir en Whatsapp' rel=\"noopener\"><span class='avia_hidden_link_text'>Compartir en Whatsapp<\/span><\/a><\/li><li class='av-share-link av-social-link-linkedin' ><a target=\"_blank\" aria-label=\"Compartir en LinkedIn\" href='https:\/\/linkedin.com\/shareArticle?mini=true&#038;title=Gobierno%20conmemora%20su%20%C3%BAltimo%208M%20en%20Cochrane%20y%20culmina%20su%20gesti%C3%B3n%20presentando%20avances%20en%20igualdad%20de%20g%C3%A9nero&#038;url=https:\/\/radiorevelacionfm.cl\/?p=64973' aria-hidden='false' data-av_icon='\ue8fc' data-av_iconfont='entypo-fontello' title='' data-avia-related-tooltip='Compartir en LinkedIn' rel=\"noopener\"><span class='avia_hidden_link_text'>Compartir en LinkedIn<\/span><\/a><\/li><li class='av-share-link av-social-link-mail' ><a  aria-label=\"Compartir por correo\" href='mailto:?subject=Gobierno%20conmemora%20su%20%C3%BAltimo%208M%20en%20Cochrane%20y%20culmina%20su%20gesti%C3%B3n%20presentando%20avances%20en%20igualdad%20de%20g%C3%A9nero&#038;body=https:\/\/radiorevelacionfm.cl\/?p=64973' aria-hidden='false' data-av_icon='\ue805' data-av_iconfont='entypo-fontello' title='' data-avia-related-tooltip='Compartir por correo'><span class='avia_hidden_link_text'>Compartir por correo<\/span><\/a><\/li><\/ul><\/div><\/div>\n<div  style='height:50px' class='hr hr-invisible   avia-builder-el-8  el_after_av_social_share  el_before_av_comments_list '><span class='hr-inner ' ><span class='hr-inner-style'><\/span><\/span><\/div>\n<div  class='av-buildercomment  av-blog-meta-html-info-disabled av-blog-meta-tag-disabled  '><\/div>\n","protected":false},"excerpt":{"rendered":"","protected":false},"author":1,"featured_media":64974,"comment_status":"closed","ping_status":"closed","sticky":false,"template":"","format":"standard","meta":{"footnotes":""},"categories":[38],"tags":[],"class_list":["post-64973","post","type-post","status-publish","format-standard","has-post-thumbnail","hentry","category-regional"],"jetpack_featured_media_url":"https:\/\/radiorevelacionfm.cl\/wp-content\/uploads\/2026\/03\/img_0474-1_optimized-1.jpg","_links":{"self":[{"href":"https:\/\/radiorevelacionfm.cl\/index.php?rest_route=\/wp\/v2\/posts\/64973","targetHints":{"allow":["GET"]}}],"collection":[{"href":"https:\/\/radiorevelacionfm.cl\/index.php?rest_route=\/wp\/v2\/posts"}],"about":[{"href":"https:\/\/radiorevelacionfm.cl\/index.php?rest_route=\/wp\/v2\/types\/post"}],"author":[{"embeddable":true,"href":"https:\/\/radiorevelacionfm.cl\/index.php?rest_route=\/wp\/v2\/users\/1"}],"replies":[{"embeddable":true,"href":"https:\/\/radiorevelacionfm.cl\/index.php?rest_route=%2Fwp%2Fv2%2Fcomments&post=64973"}],"version-history":[{"count":2,"href":"https:\/\/radiorevelacionfm.cl\/index.php?rest_route=\/wp\/v2\/posts\/64973\/revisions"}],"predecessor-version":[{"id":64976,"href":"https:\/\/radiorevelacionfm.cl\/index.php?rest_route=\/wp\/v2\/posts\/64973\/revisions\/64976"}],"wp:featuredmedia":[{"embeddable":true,"href":"https:\/\/radiorevelacionfm.cl\/index.php?rest_route=\/wp\/v2\/media\/64974"}],"wp:attachment":[{"href":"https:\/\/radiorevelacionfm.cl\/index.php?rest_route=%2Fwp%2Fv2%2Fmedia&parent=64973"}],"wp:term":[{"taxonomy":"category","embeddable":true,"href":"https:\/\/radiorevelacionfm.cl\/index.php?rest_route=%2Fwp%2Fv2%2Fcategories&post=64973"},{"taxonomy":"post_tag","embeddable":true,"href":"https:\/\/radiorevelacionfm.cl\/index.php?rest_route=%2Fwp%2Fv2%2Ftags&post=64973"}],"curies":[{"name":"wp","href":"https:\/\/api.w.org\/{rel}","templated":true}]}}