{"id":64969,"date":"2026-03-10T17:04:41","date_gmt":"2026-03-10T20:04:41","guid":{"rendered":"https:\/\/radiorevelacionfm.cl\/?p=64969"},"modified":"2026-03-10T17:04:41","modified_gmt":"2026-03-10T20:04:41","slug":"sag-aysen-llama-a-reforzar-medidas-de-bioseguridad-en-aves-de-traspatio","status":"publish","type":"post","link":"https:\/\/radiorevelacionfm.cl\/?p=64969","title":{"rendered":"SAG Ays\u00e9n llama a reforzar medidas de bioseguridad en aves de traspatio"},"content":{"rendered":"<div class=\"flex_column av_one_full  flex_column_div av-zero-column-padding first  avia-builder-el-0  el_before_av_one_full  avia-builder-el-first  \" style='border-radius:0px; '><div  class='avia-image-container  av-styling-    avia-builder-el-1  avia-builder-el-no-sibling  avia-align-center '  itemprop=\"image\" itemscope=\"itemscope\" itemtype=\"https:\/\/schema.org\/ImageObject\"  ><div class='avia-image-container-inner'><div class='avia-image-overlay-wrap'><img decoding=\"async\" class='wp-image-64970 avia-img-lazy-loading-not-64970 avia_image' src=\"https:\/\/radiorevelacionfm.cl\/wp-content\/uploads\/2026\/03\/ia-2-1_optimized-1-1.jpg\" alt='' title='ia-2-(1)_optimized (1) (1)' height=\"600\" width=\"800\"  itemprop=\"thumbnailUrl\" srcset=\"https:\/\/radiorevelacionfm.cl\/wp-content\/uploads\/2026\/03\/ia-2-1_optimized-1-1.jpg 800w, https:\/\/radiorevelacionfm.cl\/wp-content\/uploads\/2026\/03\/ia-2-1_optimized-1-1-300x225.jpg 300w, https:\/\/radiorevelacionfm.cl\/wp-content\/uploads\/2026\/03\/ia-2-1_optimized-1-1-768x576.jpg 768w, https:\/\/radiorevelacionfm.cl\/wp-content\/uploads\/2026\/03\/ia-2-1_optimized-1-1-705x529.jpg 705w, https:\/\/radiorevelacionfm.cl\/wp-content\/uploads\/2026\/03\/ia-2-1_optimized-1-1-450x338.jpg 450w, https:\/\/radiorevelacionfm.cl\/wp-content\/uploads\/2026\/03\/ia-2-1_optimized-1-1-600x450.jpg 600w\" sizes=\"(max-width: 800px) 100vw, 800px\" \/><\/div><\/div><\/div><\/div><div class=\"flex_column av_one_full  flex_column_div av-zero-column-padding first  avia-builder-el-2  el_after_av_one_full  el_before_av_one_full  column-top-margin\" style='border-radius:0px; '><section class=\"av_textblock_section \"  itemscope=\"itemscope\" itemtype=\"https:\/\/schema.org\/BlogPosting\" itemprop=\"blogPost\" ><div class='avia_textblock  '   itemprop=\"text\" ><p style=\"text-align: center;\"><strong><span style=\"font-size: 18pt;\">SAG Ays\u00e9n llama a reforzar medidas de bioseguridad en aves de traspatio<\/span><\/strong><\/p>\n<div id=\"gtx-trans\" style=\"position: absolute; left: -50px; top: 4.31534px;\">\n<div class=\"gtx-trans-icon\"><\/div>\n<\/div>\n<\/div><\/section><\/div><div class=\"flex_column av_one_full  flex_column_div av-zero-column-padding first  avia-builder-el-4  el_after_av_one_full  el_before_av_hr  column-top-margin\" style='border-radius:0px; '><section class=\"av_textblock_section \"  itemscope=\"itemscope\" itemtype=\"https:\/\/schema.org\/BlogPosting\" itemprop=\"blogPost\" ><div class='avia_textblock  '   itemprop=\"text\" ><p style=\"text-align: justify;\">El Servicio Agr\u00edcola y Ganadero inform\u00f3 la detecci\u00f3n del primer caso de influenza aviar altamente pat\u00f3gena (H5N1) en aves de traspatio en la Regi\u00f3n de Valpara\u00edso. El hallazgo se produjo tras una denuncia por mortalidad de aves dom\u00e9sticas, lo que permiti\u00f3 activar los protocolos sanitarios establecidos para el control de esta enfermedad.<\/p>\n<p style=\"text-align: justify;\">Esta detecci\u00f3n ocurre luego que, durante la presente semana, tambi\u00e9n se confirmara la presencia de influenza aviar en aves silvestres en la misma regi\u00f3n. Frente a esta situaci\u00f3n, el SAG ha intensificado la vigilancia junto con reforzar las medidas preventivas en distintas zonas del pa\u00eds, considerando especialmente la migraci\u00f3n de aves silvestres durante esta \u00e9poca del a\u00f1o.<\/p>\n<p style=\"text-align: justify;\">El d\u00eda viernes se reuni\u00f3 la mesa t\u00e9cnica sobre Influenza Aviar, instancia encabezada por el Servicio Nacional de Prevenci\u00f3n y Respuesta ante Desastres (SENAPRED). En esta mesa participan el Ministerio de Agricultura, a trav\u00e9s del SAG; el Ministerio de Salud; el Servicio Nacional de Pesca y Acuicultura (SERNAPESCA); la Corporaci\u00f3n Nacional Forestal (CONAF), junto a otros servicios p\u00fablicos.<\/p>\n<p style=\"text-align: justify;\">El director regional del SAG Ays\u00e9n, Julio Cerda Cordero, inform\u00f3 que \u201chasta ahora no se han registrado casos en la regi\u00f3n. No obstante, es muy importante mantener medidas de bioseguridad en las aves de traspatio, ya que esto reduce el riesgo de contagio desde aves silvestres y ayuda a proteger tanto a los animales como a las personas\u201d.<\/p>\n<p style=\"text-align: justify;\"><strong>Llamado a reforzar medidas de bioseguridad<\/strong><\/p>\n<p style=\"text-align: justify;\">El SAG llama a todas y todos los tenedores de aves \u2014peque\u00f1os, medianos y grandes\u2014 a reforzar las medidas de bioseguridad, considerando que el virus se encuentra presente en aves silvestres en el pa\u00eds, lo que aumenta el riesgo de contacto con aves productivas o destinadas al autoconsumo.<\/p>\n<p style=\"text-align: justify;\">Asimismo, se solicita la colaboraci\u00f3n de la ciudadan\u00eda. En caso de detectar mortalidad de aves silvestres o dom\u00e9sticas, no deben ser manipuladas y dar aviso inmediato al SAG.<\/p>\n<p style=\"text-align: justify;\">Las denuncias pueden realizarse a trav\u00e9s del Centro de Atenci\u00f3n Usuaria, llamando al tel\u00e9fono 22 345 1100, o escribiendo al correo electr\u00f3nico\u00a0<a href=\"mailto:oficina.informaciones@sag.gob.cl\" target=\"_blank\" rel=\"noopener\">oficina.informaciones@sag.gob.<wbr \/>cl<\/a>.<\/p>\n<p style=\"text-align: justify;\">La notificaci\u00f3n oportuna permite realizar una detecci\u00f3n temprana y activar r\u00e1pidamente las medidas sanitarias correspondientes para prevenir la propagaci\u00f3n de la enfermedad en el territorio nacional.<\/p>\n<\/div><\/section><\/div><div  style='height:50px' class='hr hr-invisible   avia-builder-el-6  el_after_av_one_full  el_before_av_social_share '><span class='hr-inner ' ><span class='hr-inner-style'><\/span><\/span><\/div><\/p>\n<div  class='av-social-sharing-box  avia-builder-el-7  el_after_av_hr  el_before_av_hr  '><div class='av-share-box'><h5 class='av-share-link-description av-no-toc '>Compartir esta noticia<\/h5><ul class='av-share-box-list noLightbox'><li class='av-share-link av-social-link-facebook' ><a target=\"_blank\" aria-label=\"Compartir en Facebook\" href='https:\/\/www.facebook.com\/sharer.php?u=https:\/\/radiorevelacionfm.cl\/?p=64969&#038;t=SAG%20Ays%C3%A9n%20llama%20a%20reforzar%20medidas%20de%20bioseguridad%20en%20aves%20de%20traspatio' aria-hidden='false' data-av_icon='\ue8f3' data-av_iconfont='entypo-fontello' title='' data-avia-related-tooltip='Compartir en Facebook' rel=\"noopener\"><span class='avia_hidden_link_text'>Compartir en Facebook<\/span><\/a><\/li><li class='av-share-link av-social-link-twitter' ><a target=\"_blank\" aria-label=\"Compartir en Twitter\" href='https:\/\/twitter.com\/share?text=SAG%20Ays%C3%A9n%20llama%20a%20reforzar%20medidas%20de%20bioseguridad%20en%20aves%20de%20traspatio&#038;url=https:\/\/radiorevelacionfm.cl\/?p=64969' aria-hidden='false' data-av_icon='\ue8f1' data-av_iconfont='entypo-fontello' title='' data-avia-related-tooltip='Compartir en Twitter' rel=\"noopener\"><span class='avia_hidden_link_text'>Compartir en Twitter<\/span><\/a><\/li><li class='av-share-link av-social-link-whatsapp' ><a target=\"_blank\" aria-label=\"Compartir en Whatsapp\" href='https:\/\/api.whatsapp.com\/send?text=https:\/\/radiorevelacionfm.cl\/?p=64969' aria-hidden='false' data-av_icon='\uf232' data-av_iconfont='entypo-fontello' title='' data-avia-related-tooltip='Compartir en Whatsapp' rel=\"noopener\"><span class='avia_hidden_link_text'>Compartir en Whatsapp<\/span><\/a><\/li><li class='av-share-link av-social-link-linkedin' ><a target=\"_blank\" aria-label=\"Compartir en LinkedIn\" href='https:\/\/linkedin.com\/shareArticle?mini=true&#038;title=SAG%20Ays%C3%A9n%20llama%20a%20reforzar%20medidas%20de%20bioseguridad%20en%20aves%20de%20traspatio&#038;url=https:\/\/radiorevelacionfm.cl\/?p=64969' aria-hidden='false' data-av_icon='\ue8fc' data-av_iconfont='entypo-fontello' title='' data-avia-related-tooltip='Compartir en LinkedIn' rel=\"noopener\"><span class='avia_hidden_link_text'>Compartir en LinkedIn<\/span><\/a><\/li><li class='av-share-link av-social-link-mail' ><a  aria-label=\"Compartir por correo\" href='mailto:?subject=SAG%20Ays%C3%A9n%20llama%20a%20reforzar%20medidas%20de%20bioseguridad%20en%20aves%20de%20traspatio&#038;body=https:\/\/radiorevelacionfm.cl\/?p=64969' aria-hidden='false' data-av_icon='\ue805' data-av_iconfont='entypo-fontello' title='' data-avia-related-tooltip='Compartir por correo'><span class='avia_hidden_link_text'>Compartir por correo<\/span><\/a><\/li><\/ul><\/div><\/div>\n<div  style='height:50px' class='hr hr-invisible   avia-builder-el-8  el_after_av_social_share  el_before_av_comments_list '><span class='hr-inner ' ><span class='hr-inner-style'><\/span><\/span><\/div>\n<div  class='av-buildercomment  av-blog-meta-html-info-disabled av-blog-meta-tag-disabled  '><\/div>\n","protected":false},"excerpt":{"rendered":"","protected":false},"author":1,"featured_media":64970,"comment_status":"closed","ping_status":"closed","sticky":false,"template":"","format":"standard","meta":{"footnotes":""},"categories":[38],"tags":[],"class_list":["post-64969","post","type-post","status-publish","format-standard","has-post-thumbnail","hentry","category-regional"],"jetpack_featured_media_url":"https:\/\/radiorevelacionfm.cl\/wp-content\/uploads\/2026\/03\/ia-2-1_optimized-1-1.jpg","_links":{"self":[{"href":"https:\/\/radiorevelacionfm.cl\/index.php?rest_route=\/wp\/v2\/posts\/64969","targetHints":{"allow":["GET"]}}],"collection":[{"href":"https:\/\/radiorevelacionfm.cl\/index.php?rest_route=\/wp\/v2\/posts"}],"about":[{"href":"https:\/\/radiorevelacionfm.cl\/index.php?rest_route=\/wp\/v2\/types\/post"}],"author":[{"embeddable":true,"href":"https:\/\/radiorevelacionfm.cl\/index.php?rest_route=\/wp\/v2\/users\/1"}],"replies":[{"embeddable":true,"href":"https:\/\/radiorevelacionfm.cl\/index.php?rest_route=%2Fwp%2Fv2%2Fcomments&post=64969"}],"version-history":[{"count":2,"href":"https:\/\/radiorevelacionfm.cl\/index.php?rest_route=\/wp\/v2\/posts\/64969\/revisions"}],"predecessor-version":[{"id":64972,"href":"https:\/\/radiorevelacionfm.cl\/index.php?rest_route=\/wp\/v2\/posts\/64969\/revisions\/64972"}],"wp:featuredmedia":[{"embeddable":true,"href":"https:\/\/radiorevelacionfm.cl\/index.php?rest_route=\/wp\/v2\/media\/64970"}],"wp:attachment":[{"href":"https:\/\/radiorevelacionfm.cl\/index.php?rest_route=%2Fwp%2Fv2%2Fmedia&parent=64969"}],"wp:term":[{"taxonomy":"category","embeddable":true,"href":"https:\/\/radiorevelacionfm.cl\/index.php?rest_route=%2Fwp%2Fv2%2Fcategories&post=64969"},{"taxonomy":"post_tag","embeddable":true,"href":"https:\/\/radiorevelacionfm.cl\/index.php?rest_route=%2Fwp%2Fv2%2Ftags&post=64969"}],"curies":[{"name":"wp","href":"https:\/\/api.w.org\/{rel}","templated":true}]}}