{"id":64961,"date":"2026-03-10T15:03:55","date_gmt":"2026-03-10T18:03:55","guid":{"rendered":"https:\/\/radiorevelacionfm.cl\/?p=64961"},"modified":"2026-03-10T15:03:55","modified_gmt":"2026-03-10T18:03:55","slug":"corte-de-coyhaique-ordena-renovar-contrata-de-docente-de-liceo-de-melinka","status":"publish","type":"post","link":"https:\/\/radiorevelacionfm.cl\/?p=64961","title":{"rendered":"Corte de Coyhaique ordena renovar contrata de docente de Liceo de Melinka"},"content":{"rendered":"<div class=\"flex_column av_one_full  flex_column_div av-zero-column-padding first  avia-builder-el-0  el_before_av_one_full  avia-builder-el-first  \" style='border-radius:0px; '><div  class='avia-image-container  av-styling-    avia-builder-el-1  avia-builder-el-no-sibling  avia-align-center '  itemprop=\"image\" itemscope=\"itemscope\" itemtype=\"https:\/\/schema.org\/ImageObject\"  ><div class='avia-image-container-inner'><div class='avia-image-overlay-wrap'><img decoding=\"async\" class='wp-image-54105 avia-img-lazy-loading-not-54105 avia_image' src=\"https:\/\/radiorevelacionfm.cl\/wp-content\/uploads\/2025\/05\/corte-dji_0133-1-1_optimized-1_optimized-1.jpg\" alt='' title='corte-dji_0133-(1)-(1)_optimized-(1)_optimized (1)' height=\"600\" width=\"1067\"  itemprop=\"thumbnailUrl\" srcset=\"https:\/\/radiorevelacionfm.cl\/wp-content\/uploads\/2025\/05\/corte-dji_0133-1-1_optimized-1_optimized-1.jpg 1067w, https:\/\/radiorevelacionfm.cl\/wp-content\/uploads\/2025\/05\/corte-dji_0133-1-1_optimized-1_optimized-1-300x169.jpg 300w, https:\/\/radiorevelacionfm.cl\/wp-content\/uploads\/2025\/05\/corte-dji_0133-1-1_optimized-1_optimized-1-1030x579.jpg 1030w, https:\/\/radiorevelacionfm.cl\/wp-content\/uploads\/2025\/05\/corte-dji_0133-1-1_optimized-1_optimized-1-768x432.jpg 768w, https:\/\/radiorevelacionfm.cl\/wp-content\/uploads\/2025\/05\/corte-dji_0133-1-1_optimized-1_optimized-1-705x396.jpg 705w, https:\/\/radiorevelacionfm.cl\/wp-content\/uploads\/2025\/05\/corte-dji_0133-1-1_optimized-1_optimized-1-450x253.jpg 450w, https:\/\/radiorevelacionfm.cl\/wp-content\/uploads\/2025\/05\/corte-dji_0133-1-1_optimized-1_optimized-1-600x337.jpg 600w\" sizes=\"(max-width: 1067px) 100vw, 1067px\" \/><\/div><\/div><\/div><\/div><div class=\"flex_column av_one_full  flex_column_div av-zero-column-padding first  avia-builder-el-2  el_after_av_one_full  el_before_av_one_full  column-top-margin\" style='border-radius:0px; '><section class=\"av_textblock_section \"  itemscope=\"itemscope\" itemtype=\"https:\/\/schema.org\/BlogPosting\" itemprop=\"blogPost\" ><div class='avia_textblock  '   itemprop=\"text\" ><p style=\"text-align: center;\"><span style=\"font-size: 18pt;\"><b>Corte de Coyhaique ordena renovar contrata de docente de Liceo de Melinka<\/b><\/span><\/p>\n<div id=\"gtx-trans\" style=\"position: absolute; left: -50px; top: 4.31534px;\">\n<div class=\"gtx-trans-icon\"><\/div>\n<\/div>\n<\/div><\/section><\/div><div class=\"flex_column av_one_full  flex_column_div av-zero-column-padding first  avia-builder-el-4  el_after_av_one_full  el_before_av_hr  column-top-margin\" style='border-radius:0px; '><section class=\"av_textblock_section \"  itemscope=\"itemscope\" itemtype=\"https:\/\/schema.org\/BlogPosting\" itemprop=\"blogPost\" ><div class='avia_textblock  '   itemprop=\"text\" ><p style=\"font-weight: 400; text-align: justify;\">La Corte de Apelaciones de Coyhaique acogi\u00f3 el recurso de protecci\u00f3n interpuesto por docente del Liceo de Melinka y le orden\u00f3 al Servicio Local de Educaci\u00f3n P\u00fablica (SLEP) de Ays\u00e9n proceder a la renovaci\u00f3n de la contrata para el a\u00f1o escolar 2026, el reintegro inmediato de la recurrente a sus funciones y el pago de las remuneraciones devengadas durante el tiempo que estuvo separada de su trabajo.<\/p>\n<p style=\"font-weight: 400; text-align: justify;\">En fallo un\u00e1nime (causa rol 22-2026), la Primera Sala del tribunal de alzada \u2013integrada por los ministros Natalia Rencoret Oliva, Pedro Castro Espinoza, Luis Aedo Mora y Jos\u00e9 Ignacio Mora Trujillo\u2013 estableci\u00f3 que la resoluci\u00f3n de no renovar la contrata de la recurrente vulner\u00f3 garant\u00edas constitucionales de igualdad ante la ley y el derecho de propiedad.<\/p>\n<p style=\"font-weight: 400; text-align: justify;\">\u201cQue, de este modo, la actuaci\u00f3n de la recurrida, parcialmente corregida seg\u00fan su propio reconocimiento, se erige en la actualidad en la subsistencia al menos de una omisi\u00f3n arbitraria, por faltar el acto complementario, que compromete dictar mas no demuestra pronunciado, infringiendo con ello el derecho a la igualdad ante la ley que favorece a la recurrente, consagrado en el art\u00edculo 19 N\u00b02 de la Constituci\u00f3n Pol\u00edtica de la Rep\u00fablica, traduci\u00e9ndose en una discriminaci\u00f3n arbitraria en comparaci\u00f3n a otros empleados, que desempe\u00f1\u00e1ndose en cargos bajo la modalidad de contrata, permanecen en ellos en la municipalidad recurrida, sin perjuicio que el deber de motivaci\u00f3n del acto administrativo debe emplearse para todas las personas que se encuentren en la misma situaci\u00f3n y en el presente caso ello no se cumple\u201d, sostiene el fallo.<\/p>\n<p style=\"font-weight: 400; text-align: justify;\">\u201c(\u2026) igualmente se ha vulnerado el derecho de propiedad, estatuido en el art\u00edculo 19 N\u00b024 del nuestra Carta Magna, desde que se priva de manera ileg\u00edtima a la recurrente de las remuneraciones a las que ten\u00eda derecho a percibir durante su desempe\u00f1o laboral\u201d, a\u00f1ade.<\/p>\n<p style=\"font-weight: 400; text-align: justify;\">Por tanto, se resuelve que: \u201c<strong>SE ACOGE<\/strong>, sin costas, el recurso de protecci\u00f3n deducido por Maira Lissett Barr\u00eda Carimoney en contra del Servicio Local de Educaci\u00f3n P\u00fablica de Ays\u00e9n, representado por su director ejecutivo Sebasti\u00e1n Gonz\u00e1lez Rogers, orden\u00e1ndose el reintegro inmediato de la recurrente a sus funciones y el pago de las remuneraciones devengadas durante el tiempo que hubiere estado separada de su cargo, debiendo adem\u00e1s la recurrida disponer la inmediata renovaci\u00f3n de su contrata por todo el a\u00f1o 2026\u201d.<\/p>\n<\/div><\/section><\/div><div  style='height:50px' class='hr hr-invisible   avia-builder-el-6  el_after_av_one_full  el_before_av_social_share '><span class='hr-inner ' ><span class='hr-inner-style'><\/span><\/span><\/div><\/p>\n<div  class='av-social-sharing-box  avia-builder-el-7  el_after_av_hr  el_before_av_hr  '><div class='av-share-box'><h5 class='av-share-link-description av-no-toc '>Compartir esta noticia<\/h5><ul class='av-share-box-list noLightbox'><li class='av-share-link av-social-link-facebook' ><a target=\"_blank\" aria-label=\"Compartir en Facebook\" href='https:\/\/www.facebook.com\/sharer.php?u=https:\/\/radiorevelacionfm.cl\/?p=64961&#038;t=Corte%20de%20Coyhaique%20ordena%20renovar%20contrata%20de%20docente%20de%20Liceo%20de%20Melinka' aria-hidden='false' data-av_icon='\ue8f3' data-av_iconfont='entypo-fontello' title='' data-avia-related-tooltip='Compartir en Facebook' rel=\"noopener\"><span class='avia_hidden_link_text'>Compartir en Facebook<\/span><\/a><\/li><li class='av-share-link av-social-link-twitter' ><a target=\"_blank\" aria-label=\"Compartir en Twitter\" href='https:\/\/twitter.com\/share?text=Corte%20de%20Coyhaique%20ordena%20renovar%20contrata%20de%20docente%20de%20Liceo%20de%20Melinka&#038;url=https:\/\/radiorevelacionfm.cl\/?p=64961' aria-hidden='false' data-av_icon='\ue8f1' data-av_iconfont='entypo-fontello' title='' data-avia-related-tooltip='Compartir en Twitter' rel=\"noopener\"><span class='avia_hidden_link_text'>Compartir en Twitter<\/span><\/a><\/li><li class='av-share-link av-social-link-whatsapp' ><a target=\"_blank\" aria-label=\"Compartir en Whatsapp\" href='https:\/\/api.whatsapp.com\/send?text=https:\/\/radiorevelacionfm.cl\/?p=64961' aria-hidden='false' data-av_icon='\uf232' data-av_iconfont='entypo-fontello' title='' data-avia-related-tooltip='Compartir en Whatsapp' rel=\"noopener\"><span class='avia_hidden_link_text'>Compartir en Whatsapp<\/span><\/a><\/li><li class='av-share-link av-social-link-linkedin' ><a target=\"_blank\" aria-label=\"Compartir en LinkedIn\" href='https:\/\/linkedin.com\/shareArticle?mini=true&#038;title=Corte%20de%20Coyhaique%20ordena%20renovar%20contrata%20de%20docente%20de%20Liceo%20de%20Melinka&#038;url=https:\/\/radiorevelacionfm.cl\/?p=64961' aria-hidden='false' data-av_icon='\ue8fc' data-av_iconfont='entypo-fontello' title='' data-avia-related-tooltip='Compartir en LinkedIn' rel=\"noopener\"><span class='avia_hidden_link_text'>Compartir en LinkedIn<\/span><\/a><\/li><li class='av-share-link av-social-link-mail' ><a  aria-label=\"Compartir por correo\" href='mailto:?subject=Corte%20de%20Coyhaique%20ordena%20renovar%20contrata%20de%20docente%20de%20Liceo%20de%20Melinka&#038;body=https:\/\/radiorevelacionfm.cl\/?p=64961' aria-hidden='false' data-av_icon='\ue805' data-av_iconfont='entypo-fontello' title='' data-avia-related-tooltip='Compartir por correo'><span class='avia_hidden_link_text'>Compartir por correo<\/span><\/a><\/li><\/ul><\/div><\/div>\n<div  style='height:50px' class='hr hr-invisible   avia-builder-el-8  el_after_av_social_share  el_before_av_comments_list '><span class='hr-inner ' ><span class='hr-inner-style'><\/span><\/span><\/div>\n<div  class='av-buildercomment  av-blog-meta-html-info-disabled av-blog-meta-tag-disabled  '><\/div>\n","protected":false},"excerpt":{"rendered":"","protected":false},"author":1,"featured_media":54105,"comment_status":"closed","ping_status":"closed","sticky":false,"template":"","format":"standard","meta":{"footnotes":""},"categories":[55],"tags":[],"class_list":["post-64961","post","type-post","status-publish","format-standard","has-post-thumbnail","hentry","category-justicia"],"jetpack_featured_media_url":"https:\/\/radiorevelacionfm.cl\/wp-content\/uploads\/2025\/05\/corte-dji_0133-1-1_optimized-1_optimized-1.jpg","_links":{"self":[{"href":"https:\/\/radiorevelacionfm.cl\/index.php?rest_route=\/wp\/v2\/posts\/64961","targetHints":{"allow":["GET"]}}],"collection":[{"href":"https:\/\/radiorevelacionfm.cl\/index.php?rest_route=\/wp\/v2\/posts"}],"about":[{"href":"https:\/\/radiorevelacionfm.cl\/index.php?rest_route=\/wp\/v2\/types\/post"}],"author":[{"embeddable":true,"href":"https:\/\/radiorevelacionfm.cl\/index.php?rest_route=\/wp\/v2\/users\/1"}],"replies":[{"embeddable":true,"href":"https:\/\/radiorevelacionfm.cl\/index.php?rest_route=%2Fwp%2Fv2%2Fcomments&post=64961"}],"version-history":[{"count":2,"href":"https:\/\/radiorevelacionfm.cl\/index.php?rest_route=\/wp\/v2\/posts\/64961\/revisions"}],"predecessor-version":[{"id":64964,"href":"https:\/\/radiorevelacionfm.cl\/index.php?rest_route=\/wp\/v2\/posts\/64961\/revisions\/64964"}],"wp:featuredmedia":[{"embeddable":true,"href":"https:\/\/radiorevelacionfm.cl\/index.php?rest_route=\/wp\/v2\/media\/54105"}],"wp:attachment":[{"href":"https:\/\/radiorevelacionfm.cl\/index.php?rest_route=%2Fwp%2Fv2%2Fmedia&parent=64961"}],"wp:term":[{"taxonomy":"category","embeddable":true,"href":"https:\/\/radiorevelacionfm.cl\/index.php?rest_route=%2Fwp%2Fv2%2Fcategories&post=64961"},{"taxonomy":"post_tag","embeddable":true,"href":"https:\/\/radiorevelacionfm.cl\/index.php?rest_route=%2Fwp%2Fv2%2Ftags&post=64961"}],"curies":[{"name":"wp","href":"https:\/\/api.w.org\/{rel}","templated":true}]}}