{"id":6496,"date":"2021-07-21T14:57:00","date_gmt":"2021-07-21T17:57:00","guid":{"rendered":"https:\/\/radiorevelacionfm.cl\/?p=6496"},"modified":"2021-07-21T14:57:00","modified_gmt":"2021-07-21T17:57:00","slug":"ximena-ordenes-y-aprobacion-del-matrimonio-igualitario-no-es-ningun-acto-de-reparacion-es-un-acto-de-dignidad","status":"publish","type":"post","link":"https:\/\/radiorevelacionfm.cl\/?p=6496","title":{"rendered":"Ximena \u00d3rdenes y aprobaci\u00f3n del matrimonio igualitario: \u00abNo es ning\u00fan acto de reparaci\u00f3n, es un acto de dignidad\u00bb"},"content":{"rendered":"<div class=\"flex_column av_one_full  flex_column_div av-zero-column-padding first  avia-builder-el-0  el_before_av_one_full  avia-builder-el-first  \" style='border-radius:0px; '><div  class='avia-image-container  av-styling-    avia-builder-el-1  avia-builder-el-no-sibling  avia-align-center '  itemprop=\"image\" itemscope=\"itemscope\" itemtype=\"https:\/\/schema.org\/ImageObject\"  ><div class='avia-image-container-inner'><div class='avia-image-overlay-wrap'><img decoding=\"async\" class='wp-image-4463 avia-img-lazy-loading-not-4463 avia_image' src=\"https:\/\/radiorevelacionfm.cl\/wp-content\/uploads\/2021\/05\/SENADORA-ORDENES2-1.jpg\" alt='' title='SENADORA ORDENES2 (1)' height=\"600\" width=\"1002\"  itemprop=\"thumbnailUrl\" srcset=\"https:\/\/radiorevelacionfm.cl\/wp-content\/uploads\/2021\/05\/SENADORA-ORDENES2-1.jpg 1002w, https:\/\/radiorevelacionfm.cl\/wp-content\/uploads\/2021\/05\/SENADORA-ORDENES2-1-300x180.jpg 300w, https:\/\/radiorevelacionfm.cl\/wp-content\/uploads\/2021\/05\/SENADORA-ORDENES2-1-768x460.jpg 768w, https:\/\/radiorevelacionfm.cl\/wp-content\/uploads\/2021\/05\/SENADORA-ORDENES2-1-705x422.jpg 705w, https:\/\/radiorevelacionfm.cl\/wp-content\/uploads\/2021\/05\/SENADORA-ORDENES2-1-600x359.jpg 600w\" sizes=\"(max-width: 1002px) 100vw, 1002px\" \/><\/div><\/div><\/div><\/div><div class=\"flex_column av_one_full  flex_column_div av-zero-column-padding first  avia-builder-el-2  el_after_av_one_full  el_before_av_one_full  column-top-margin\" style='border-radius:0px; '><section class=\"av_textblock_section \"  itemscope=\"itemscope\" itemtype=\"https:\/\/schema.org\/BlogPosting\" itemprop=\"blogPost\" ><div class='avia_textblock  '   itemprop=\"text\" ><p style=\"text-align: center;\"><strong><span style=\"font-size: 18pt;\">Ximena \u00d3rdenes y aprobaci\u00f3n del matrimonio igualitario: \u00abNo es ning\u00fan acto de reparaci\u00f3n, es un acto de dignidad\u00bb<\/span><\/strong><\/p>\n<div id=\"gtx-trans\" style=\"position: absolute; left: -50px; top: 4.31534px;\">\n<div class=\"gtx-trans-icon\"><\/div>\n<\/div>\n<\/div><\/section><\/div><div class=\"flex_column av_one_full  flex_column_div av-zero-column-padding first  avia-builder-el-4  el_after_av_one_full  el_before_av_hr  column-top-margin\" style='border-radius:0px; '><section class=\"av_textblock_section \"  itemscope=\"itemscope\" itemtype=\"https:\/\/schema.org\/BlogPosting\" itemprop=\"blogPost\" ><div class='avia_textblock  '   itemprop=\"text\" ><p class=\"v1MsoNormal\" style=\"text-align: justify;\"><span lang=\"ES\">La parlamentaria celebr\u00f3 la aprobaci\u00f3n por el Senado del proyecto. \u00abHoy se termina con ciertos dogmatismos y posiciones conservadoras que solo imponen criterios intolerantes sobre otros\u00bb, sostuvo.<\/span><\/p>\n<p class=\"v1MsoNormal\" style=\"text-align: justify;\">En una hist\u00f3rica votaci\u00f3n el Senado aprob\u00f3 el proyecto que establece el Matrimonio Igualitario. Ahora el proyecto pas\u00f3 a la C\u00e1mara de Diputadas y Diputados para continuar con su tramitaci\u00f3n, la cual cuenta con urgencia por parte del Ejecutivo.<\/p>\n<p class=\"v1MsoNormal\" style=\"text-align: justify;\">Durante la discusi\u00f3n la senadora Ximena \u00d3rdenes Neira indic\u00f3: \u00abEs una jornada relevante. Actualmente, 30 pa\u00edses reconocen el matrimonio igualitario y Chile ser\u00e1 el pr\u00f3ximo\u00bb, y agreg\u00f3: \u00abEn pleno siglo XXI no hay nada que justifique este tipo de discriminaciones\u00bb.<\/p>\n<p class=\"v1MsoNormal\" style=\"text-align: justify;\">Asimismo, sostuvo que el proyecto aprobado por el Senado \u00abno es ning\u00fan acto de vanguardia, a mi juicio es un acto de dignidad, de reparaci\u00f3n y civilizatorio\u00bb.<\/p>\n<p class=\"v1MsoNormal\" style=\"text-align: justify;\">Tambi\u00e9n la senadora Ximena \u00d3rdenes subray\u00f3 que insistir en que el matrimonio tiene como finalidad la procreaci\u00f3n es un argumento sin sentido. \u00abA muchos se les olvida que el a\u00f1o 2004 se derog\u00f3 la impotencia perpetua e incurable como incapacidad de contraer matrimonio (&#8230;), por lo mismo no podemos seguir buscando excusas para dilatar este debate\u00bb.<\/p>\n<p class=\"v1MsoNormal\" style=\"text-align: justify;\">Finalmente, la parlamentaria por la regi\u00f3n de Ays\u00e9n destac\u00f3 que este proyecto \u00abes inclusiva porque no impide, ni restringe derechos de todos aquellos que se oponen. Estamos presentes en un hecho hist\u00f3rico\u00bb, puntualiz\u00f3.<\/p>\n<div style=\"text-align: justify;\"><\/div>\n<\/div><\/section><\/div><div  style='height:50px' class='hr hr-invisible   avia-builder-el-6  el_after_av_one_full  el_before_av_social_share '><span class='hr-inner ' ><span class='hr-inner-style'><\/span><\/span><\/div><\/p>\n<div  class='av-social-sharing-box  avia-builder-el-7  el_after_av_hr  el_before_av_hr  '><div class='av-share-box'><h5 class='av-share-link-description av-no-toc '>Compartir esta noticia<\/h5><ul class='av-share-box-list noLightbox'><li class='av-share-link av-social-link-facebook' ><a target=\"_blank\" aria-label=\"Compartir en Facebook\" href='https:\/\/www.facebook.com\/sharer.php?u=https:\/\/radiorevelacionfm.cl\/?p=6496&#038;t=Ximena%20%C3%93rdenes%20y%20aprobaci%C3%B3n%20del%20matrimonio%20igualitario%3A%20%C2%ABNo%20es%20ning%C3%BAn%20acto%20de%20reparaci%C3%B3n%2C%20es%20un%20acto%20de%20dignidad%C2%BB' aria-hidden='false' data-av_icon='\ue8f3' data-av_iconfont='entypo-fontello' title='' data-avia-related-tooltip='Compartir en Facebook' rel=\"noopener\"><span class='avia_hidden_link_text'>Compartir en Facebook<\/span><\/a><\/li><li class='av-share-link av-social-link-twitter' ><a target=\"_blank\" aria-label=\"Compartir en Twitter\" href='https:\/\/twitter.com\/share?text=Ximena%20%C3%93rdenes%20y%20aprobaci%C3%B3n%20del%20matrimonio%20igualitario%3A%20%C2%ABNo%20es%20ning%C3%BAn%20acto%20de%20reparaci%C3%B3n%2C%20es%20un%20acto%20de%20dignidad%C2%BB&#038;url=https:\/\/radiorevelacionfm.cl\/?p=6496' aria-hidden='false' data-av_icon='\ue8f1' data-av_iconfont='entypo-fontello' title='' data-avia-related-tooltip='Compartir en Twitter' rel=\"noopener\"><span class='avia_hidden_link_text'>Compartir en Twitter<\/span><\/a><\/li><li class='av-share-link av-social-link-whatsapp' ><a target=\"_blank\" aria-label=\"Compartir en Whatsapp\" href='https:\/\/api.whatsapp.com\/send?text=https:\/\/radiorevelacionfm.cl\/?p=6496' aria-hidden='false' data-av_icon='\uf232' data-av_iconfont='entypo-fontello' title='' data-avia-related-tooltip='Compartir en Whatsapp' rel=\"noopener\"><span class='avia_hidden_link_text'>Compartir en Whatsapp<\/span><\/a><\/li><li class='av-share-link av-social-link-linkedin' ><a target=\"_blank\" aria-label=\"Compartir en LinkedIn\" href='https:\/\/linkedin.com\/shareArticle?mini=true&#038;title=Ximena%20%C3%93rdenes%20y%20aprobaci%C3%B3n%20del%20matrimonio%20igualitario%3A%20%C2%ABNo%20es%20ning%C3%BAn%20acto%20de%20reparaci%C3%B3n%2C%20es%20un%20acto%20de%20dignidad%C2%BB&#038;url=https:\/\/radiorevelacionfm.cl\/?p=6496' aria-hidden='false' data-av_icon='\ue8fc' data-av_iconfont='entypo-fontello' title='' data-avia-related-tooltip='Compartir en LinkedIn' rel=\"noopener\"><span class='avia_hidden_link_text'>Compartir en LinkedIn<\/span><\/a><\/li><li class='av-share-link av-social-link-mail' ><a  aria-label=\"Compartir por correo\" href='mailto:?subject=Ximena%20%C3%93rdenes%20y%20aprobaci%C3%B3n%20del%20matrimonio%20igualitario%3A%20%C2%ABNo%20es%20ning%C3%BAn%20acto%20de%20reparaci%C3%B3n%2C%20es%20un%20acto%20de%20dignidad%C2%BB&#038;body=https:\/\/radiorevelacionfm.cl\/?p=6496' aria-hidden='false' data-av_icon='\ue805' data-av_iconfont='entypo-fontello' title='' data-avia-related-tooltip='Compartir por correo'><span class='avia_hidden_link_text'>Compartir por correo<\/span><\/a><\/li><\/ul><\/div><\/div>\n<div  style='height:50px' class='hr hr-invisible   avia-builder-el-8  el_after_av_social_share  el_before_av_comments_list '><span class='hr-inner ' ><span class='hr-inner-style'><\/span><\/span><\/div>\n<div  class='av-buildercomment  av-blog-meta-html-info-disabled av-blog-meta-tag-disabled  '><\/div>\n","protected":false},"excerpt":{"rendered":"","protected":false},"author":1,"featured_media":4463,"comment_status":"open","ping_status":"open","sticky":false,"template":"","format":"standard","meta":{"footnotes":""},"categories":[35],"tags":[],"class_list":["post-6496","post","type-post","status-publish","format-standard","has-post-thumbnail","hentry","category-politica"],"jetpack_featured_media_url":"https:\/\/radiorevelacionfm.cl\/wp-content\/uploads\/2021\/05\/SENADORA-ORDENES2-1.jpg","_links":{"self":[{"href":"https:\/\/radiorevelacionfm.cl\/index.php?rest_route=\/wp\/v2\/posts\/6496","targetHints":{"allow":["GET"]}}],"collection":[{"href":"https:\/\/radiorevelacionfm.cl\/index.php?rest_route=\/wp\/v2\/posts"}],"about":[{"href":"https:\/\/radiorevelacionfm.cl\/index.php?rest_route=\/wp\/v2\/types\/post"}],"author":[{"embeddable":true,"href":"https:\/\/radiorevelacionfm.cl\/index.php?rest_route=\/wp\/v2\/users\/1"}],"replies":[{"embeddable":true,"href":"https:\/\/radiorevelacionfm.cl\/index.php?rest_route=%2Fwp%2Fv2%2Fcomments&post=6496"}],"version-history":[{"count":1,"href":"https:\/\/radiorevelacionfm.cl\/index.php?rest_route=\/wp\/v2\/posts\/6496\/revisions"}],"predecessor-version":[{"id":6498,"href":"https:\/\/radiorevelacionfm.cl\/index.php?rest_route=\/wp\/v2\/posts\/6496\/revisions\/6498"}],"wp:featuredmedia":[{"embeddable":true,"href":"https:\/\/radiorevelacionfm.cl\/index.php?rest_route=\/wp\/v2\/media\/4463"}],"wp:attachment":[{"href":"https:\/\/radiorevelacionfm.cl\/index.php?rest_route=%2Fwp%2Fv2%2Fmedia&parent=6496"}],"wp:term":[{"taxonomy":"category","embeddable":true,"href":"https:\/\/radiorevelacionfm.cl\/index.php?rest_route=%2Fwp%2Fv2%2Fcategories&post=6496"},{"taxonomy":"post_tag","embeddable":true,"href":"https:\/\/radiorevelacionfm.cl\/index.php?rest_route=%2Fwp%2Fv2%2Ftags&post=6496"}],"curies":[{"name":"wp","href":"https:\/\/api.w.org\/{rel}","templated":true}]}}